{"id":254418,"date":"2025-03-22T11:40:55","date_gmt":"2025-03-22T10:40:55","guid":{"rendered":"https:\/\/www.quicosenza.it\/news\/?p=254418"},"modified":"2025-03-22T11:22:02","modified_gmt":"2025-03-22T10:22:02","slug":"tre-anni-alla-guida-della-provincia-infrastrutture-scuola-ambiente-legalita-la-succurro-rivendica-i-risultati","status":"publish","type":"post","link":"https:\/\/quicosenza.it\/news\/tre-anni-alla-guida-della-provincia-infrastrutture-scuola-ambiente-legalita-la-succurro-rivendica-i-risultati\/","title":{"rendered":"Tre anni alla guida della Provincia. Infrastrutture, scuola, ambiente, legalit\u00e0: la Succurro rivendica i risultati"},"content":{"rendered":"<p>COSENZA &#8211; \u00abTre anni fa <strong>ho assunto con responsabilit\u00e0 e convinzione il ruolo di Presidente della Provincia di Cosenza<\/strong>, con l\u2019obiettivo di re<strong>nderla un\u2019istituzione pi\u00f9 efficiente, pi\u00f9 vicina ai territori e realmente capace di ascoltare e rispondere ai bisogni delle comunit\u00e0<\/strong>\u00bb. Con queste parole, la <strong>Presidente Rosaria Succurro<\/strong> ha voluto tracciare un bilancio dei <strong>suoi primi tre<\/strong> anni alla <a href=\"https:\/\/quicosenza.it\/news\/provincia\/448598-provincia-di-cosenza-vince-la-succurro-la-candidata-del-centrodestra-eletta-presidente\" target=\"_blank\" rel=\"noopener\">guida<\/a> dell\u2019Ente, rivendicando una serie di risultati concreti ottenuti riguardo alle infrastrutture, alla scuola, all\u2019ambiente, alla legalit\u00e0 e alla giustizia sociale.\u00a0Tra i primi impegni, la Presidente ha ricordato l\u2019<strong>attenzione ai conti pubblici<\/strong>, con l\u2019obiettivo di garantire trasparenza, <strong>stabilit\u00e0 finanziaria e capacit\u00e0 di intervento<\/strong>. Questa linea ha consentito alla Provincia di Cosenza di attivare numerosi cantieri, investire sulla manutenzione stradale, sbloccare opere attese da anni e realizzare nuove infrastrutture moderne e funzionali.<\/p>\n<h3>Provincia di Cosenza: &#8220;record di risorse PNRR ottenute&#8221;<\/h3>\n<p>\u00abGrande impulso \u2013 ha detto Succurro \u2013 \u00e8 stato dato alla <strong>costruzione di scuole e palestre<\/strong>, fondamentali per la formazione e l\u2019aggregazione dei giovani, come all\u2019<strong>efficientamento energetico<\/strong> in un\u2019ottica di innovazione e sostenibilit\u00e0. La Provincia di Cosenza ha inoltre raggiunto un <strong>record di risorse ottenute dal PNRR<\/strong>, affiancando anche numerosi Comuni nella fase di progettazione, grazie alla professionalit\u00e0 dei tecnici dell\u2019Ente. Abbiamo lavorato \u2013 ha sottolineato la stessa Presidente \u2013 per <strong>rafforzare la vigilanza ambientale e la tutela del nostro straordinario patrimonio naturale:<\/strong> montagna, mare, fiumi e paesaggi, nella consapevolezza che l\u2019ambiente \u00e8 una ricchezza da difendere anche per la salute di tutti\u00bb.<\/p>\n<p>Ampio spazio, ha raccontato Succurro, \u00e8 stato dedicato anche alle<strong> pari opportunit\u00e0<\/strong>, alla <strong>cultura della legalit\u00e0<\/strong> e alla promozione dei diritti, attraverso un dialogo costante con istituzioni, scuola, Chiesa, magistratura, forze dell\u2019ordine, associazioni e mondo dell\u2019informazione. O<strong>gni incontro con studenti, sindaci, cittadini, famiglie e rappresentanti della societ\u00e0 civile ha lasciato un segno profond<\/strong>o. Ascoltare e agire con concretezza \u00e8 stata la nostra bussola. Abbiamo puntato anche sul turismo e sulla valorizzazione del territorio, convinti che la Calabria meriti un nuovo racconto, fatto di orgoglio, bellezza e fiducia nel futuro\u00bb.\u00a0Succurro ha infine rivolto <strong>un ringraziamento speciale ai dipendenti della Provincia di Cosenza<\/strong>. \u00abSenza il loro impegno, la loro dedizione e la loro professionalit\u00e0, nulla di quanto realizzato \u2013 ha dichiarato \u2013 sarebbe stato possibile. Hanno messo cuore e competenza al servizio di un progetto collettivo\u00bb.<\/p>\n","protected":false},"excerpt":{"rendered":"<p>COSENZA &#8211; \u00abTre anni fa ho assunto con responsabilit\u00e0 e convinzione il ruolo di Presidente della Provincia di Cosenza, con l\u2019obiettivo di renderla un\u2019istituzione pi\u00f9 efficiente, pi\u00f9 vicina ai territori e realmente capace di ascoltare e rispondere ai bisogni delle comunit\u00e0\u00bb. Con queste parole, la Presidente Rosaria Succurro ha voluto tracciare un bilancio dei suoi [&hellip;]<\/p>\n","protected":false},"author":55,"featured_media":254423,"comment_status":"closed","ping_status":"closed","sticky":false,"template":"","format":"standard","meta":{"_acf_changed":false,"footnotes":"","jetpack_publicize_message":"","jetpack_publicize_feature_enabled":true,"jetpack_social_post_already_shared":false,"jetpack_social_options":{"image_generator_settings":{"template":"highway","default_image_id":0,"font":"","enabled":false},"version":2}},"categories":[28],"tags":[19],"class_list":["post-254418","post","type-post","status-publish","format-standard","has-post-thumbnail","hentry","category-provincia","tag-copertina"],"acf":[],"jetpack_publicize_connections":[],"_links":{"self":[{"href":"https:\/\/quicosenza.it\/news\/wp-json\/wp\/v2\/posts\/254418","targetHints":{"allow":["GET"]}}],"collection":[{"href":"https:\/\/quicosenza.it\/news\/wp-json\/wp\/v2\/posts"}],"about":[{"href":"https:\/\/quicosenza.it\/news\/wp-json\/wp\/v2\/types\/post"}],"author":[{"embeddable":true,"href":"https:\/\/quicosenza.it\/news\/wp-json\/wp\/v2\/users\/55"}],"replies":[{"embeddable":true,"href":"https:\/\/quicosenza.it\/news\/wp-json\/wp\/v2\/comments?post=254418"}],"version-history":[{"count":0,"href":"https:\/\/quicosenza.it\/news\/wp-json\/wp\/v2\/posts\/254418\/revisions"}],"wp:featuredmedia":[{"embeddable":true,"href":"https:\/\/quicosenza.it\/news\/wp-json\/wp\/v2\/media\/254423"}],"wp:attachment":[{"href":"https:\/\/quicosenza.it\/news\/wp-json\/wp\/v2\/media?parent=254418"}],"wp:term":[{"taxonomy":"category","embeddable":true,"href":"https:\/\/quicosenza.it\/news\/wp-json\/wp\/v2\/categories?post=254418"},{"taxonomy":"post_tag","embeddable":true,"href":"https:\/\/quicosenza.it\/news\/wp-json\/wp\/v2\/tags?post=254418"}],"curies":[{"name":"wp","href":"https:\/\/api.w.org\/{rel}","templated":true}]}}