{"id":254748,"date":"2025-03-29T07:00:54","date_gmt":"2025-03-29T06:00:54","guid":{"rendered":"https:\/\/www.quicosenza.it\/news\/?p=254748"},"modified":"2025-03-24T13:26:41","modified_gmt":"2025-03-24T12:26:41","slug":"alle-200-di-stanotte-lancette-avanti-di-unora-si-torna-allora-legale-guadagneremo-unora-di-luce-in-piu","status":"publish","type":"post","link":"https:\/\/quicosenza.it\/news\/alle-200-di-stanotte-lancette-avanti-di-unora-si-torna-allora-legale-guadagneremo-unora-di-luce-in-piu\/","title":{"rendered":"Alle 2:00 di stanotte lancette avanti: si torna all\u2019ora legale. Guadagneremo un\u2019ora di luce in pi\u00f9"},"content":{"rendered":"<p>COSENZA &#8211; Da una settimana siamo entrati in primavera e, come sempre avviene nell&#8217;ultima settimana di marzo, <strong>torna anche l&#8217;ora legale<\/strong> per sfruttare al massimo la luce naturale. <strong>Alle 02.00 di questa notte dovremo spostare le lancette avanti di un&#8217;ora<\/strong>. Si dormir\u00e0 un&#8217;ora in meno ma, in compenso, <strong>le giornate saranno pi\u00f9 lunghe<\/strong>, anche se per molti significa anche un piccolo sacrificio in termini di adattamento del ritmo biologico. L&#8217;<a href=\"https:\/\/quicosenza.it\/news\/italia\/stanotte-torna-lora-solare-lancette-indietro-di-unora-piu-luce-al-mattino-ma-fara-notte-prima\" target=\"_blank\" rel=\"noopener\">ora solare<\/a> <strong>torner\u00e0 come sempre nella notte fra sabato 25 e domenica 26 ottobre<\/strong>, quando alle ore 3:00 l&#8217;orologio andr\u00e0 spostato un&#8217;ora indietro. L&#8217;ora legale \u00e8 una convenzione di oltre un secolo fa ed adottata da tutti i paesi dell&#8217;Unione Europea.<\/p>\n<p><img loading=\"lazy\" decoding=\"async\" class=\"wp-image-254760 aligncenter\" src=\"https:\/\/quicosenza.it\/news\/wp-content\/uploads\/2025\/03\/Ora-Legale-.jpg\" alt=\"Ora Legale\" width=\"516\" height=\"362\" title=\"\" srcset=\"https:\/\/quicosenza.it\/news\/wp-content\/uploads\/2025\/03\/Ora-Legale-.jpg 970w, https:\/\/quicosenza.it\/news\/wp-content\/uploads\/2025\/03\/Ora-Legale--300x210.jpg 300w, https:\/\/quicosenza.it\/news\/wp-content\/uploads\/2025\/03\/Ora-Legale--768x538.jpg 768w, https:\/\/quicosenza.it\/news\/wp-content\/uploads\/2025\/03\/Ora-Legale--599x420.jpg 599w, https:\/\/quicosenza.it\/news\/wp-content\/uploads\/2025\/03\/Ora-Legale--150x105.jpg 150w, https:\/\/quicosenza.it\/news\/wp-content\/uploads\/2025\/03\/Ora-Legale--696x488.jpg 696w, https:\/\/quicosenza.it\/news\/wp-content\/uploads\/2025\/03\/Ora-Legale--100x70.jpg 100w\" sizes=\"auto, (max-width: 516px) 100vw, 516px\" \/><\/p>\n<p>Introdotta per la prima volta durante la Prima Guerra Mondiale, <strong>l&#8217;ora legale ha come obiettivo principale quello di sfruttare al meglio la luce solare<\/strong> durante i mesi pi\u00f9 caldi dell\u2019anno av<strong>ere pi\u00f9 luce naturale nelle ore serali,<\/strong> riducendo cos\u00ec il consumo di energia elettrica. L\u2019Unione Europea aveva proposto di<a href=\"https:\/\/quicosenza.it\/news\/magazine\/attualita\/284725-abolita-lora-legale-dal-2021-esistera-solo-lora-solare-lok-dal-parlamento-europeo\" target=\"_blank\" rel=\"noopener\"> abolire il cambio d\u2019ora<\/a>, lasciando ai singoli Stati la decisione su quale fuso adottare in modo permanente, ma per ora non \u00e8 stata presa una decisione definitiva.<\/p>\n<h3>Ora legale: vantaggi e abolizione del cambio<\/h3>\n<p>L\u2019adozione dell\u2019ora legale porta con s\u00e9 <strong>numerosi benefici a partire dal risparmio energetico<\/strong>: grazie all\u2019aumento delle ore di luce naturale, <strong>si riduce il consumo di energia elettrica per l\u2019illuminazione <\/strong>(secondo i dati di <a href=\"https:\/\/www.terna.it\/it\" target=\"_blank\" rel=\"noopener\">Terna<\/a> oltre i 55 milioni di euro). Le giornate pi\u00f9 lunghe<strong> favoriscono il buonumore e la possibilit\u00e0 di dedicarsi a sport e attivit\u00e0 all\u2019aria aperta<\/strong>. Le ore di luce in pi\u00f9 favoriscono anche il commercio, la ristorazione e il settore turistico con pi\u00f9 persone che escono e si intrattengono fuori casa.<\/p>\n<p>Ad ottobre dello scorso anno, un gruppo di oltre cento eurodeputati e proveniente da ogni schieramento politico, in una lettera promossa dal popolare irlandese Se\u00e1n Kelly e indirizzata alla presidente della Commissione Ue, Ursula von der Leyen <strong>aveva chiesto di<\/strong> <strong>porre fine alla pratica obsoleta del cambio tra ora legale e ora solare <\/strong>poich\u00e9 &#8220;<strong>il cambiamento ha effetti negativi sulla salute fisica e mentale&#8221;<\/strong>.<\/p>\n<p><img loading=\"lazy\" decoding=\"async\" class=\"wp-image-244155 aligncenter\" src=\"https:\/\/quicosenza.it\/news\/wp-content\/uploads\/2024\/11\/Insonnia.jpg\" alt=\"Insonnia sonno dormire\" width=\"527\" height=\"352\" title=\"\" srcset=\"https:\/\/quicosenza.it\/news\/wp-content\/uploads\/2024\/11\/Insonnia.jpg 970w, https:\/\/quicosenza.it\/news\/wp-content\/uploads\/2024\/11\/Insonnia-300x200.jpg 300w, https:\/\/quicosenza.it\/news\/wp-content\/uploads\/2024\/11\/Insonnia-768x513.jpg 768w, https:\/\/quicosenza.it\/news\/wp-content\/uploads\/2024\/11\/Insonnia-629x420.jpg 629w, https:\/\/quicosenza.it\/news\/wp-content\/uploads\/2024\/11\/Insonnia-150x100.jpg 150w, https:\/\/quicosenza.it\/news\/wp-content\/uploads\/2024\/11\/Insonnia-696x465.jpg 696w\" sizes=\"auto, (max-width: 527px) 100vw, 527px\" \/><\/p>\n<p>Nella missiva si leggeva che &#8220;diversi studi hanno dimostrato che il cambio dell&#8217;ora pu\u00f2 avere <strong>un impatto negativo su infarti e ictus e portare a un picco di incidenti stradali<\/strong>. Inoltre, i vantaggi in termini di risparmio energetico che un tempo giustificavano la pratica sono notevolmente diminuiti nei tempi moderni e, di fatto, il cambiamento potrebbe persino comportare un aumento del consumo di energia durante i mesi invernali&#8221;<\/p>\n<p>&#8220;<strong>L&#8217;abolizione del cambio dell&#8217;ora \u00e8 anche in linea con l&#8217;impegno dell&#8217;Ue per la semplificazione, la riduzione di oneri inutili per i cittadini e la semplificazione della vita quotidiana in tutta l&#8217;Unione<\/strong>. Siamo certi che la Commissione possa sfruttare lo slancio gi\u00e0 raggiunto e vi esortiamo a garantire che la questione venga reintrodotta nel prossimo mandato. L&#8217;abolizione del cambio dell&#8217;ora sar\u00e0 una mossa pratica e popolare che apporter\u00e0 notevoli benefici ai cittadini di tutta Europa&#8221;, concludeva la missiva.<\/p>\n","protected":false},"excerpt":{"rendered":"<p>COSENZA &#8211; Da una settimana siamo entrati in primavera e, come sempre avviene nell&#8217;ultima settimana di marzo, torna anche l&#8217;ora legale per sfruttare al massimo la luce naturale. Alle 02.00 di questa notte dovremo spostare le lancette avanti di un&#8217;ora. Si dormir\u00e0 un&#8217;ora in meno ma, in compenso, le giornate saranno pi\u00f9 lunghe, anche se [&hellip;]<\/p>\n","protected":false},"author":55,"featured_media":254758,"comment_status":"closed","ping_status":"closed","sticky":false,"template":"","format":"standard","meta":{"_acf_changed":false,"footnotes":"","jetpack_publicize_message":"","jetpack_publicize_feature_enabled":true,"jetpack_social_post_already_shared":false,"jetpack_social_options":{"image_generator_settings":{"template":"highway","default_image_id":0,"font":"","enabled":false},"version":2}},"categories":[17],"tags":[19],"class_list":["post-254748","post","type-post","status-publish","format-standard","has-post-thumbnail","hentry","category-calabria","tag-copertina"],"acf":[],"jetpack_publicize_connections":[],"_links":{"self":[{"href":"https:\/\/quicosenza.it\/news\/wp-json\/wp\/v2\/posts\/254748","targetHints":{"allow":["GET"]}}],"collection":[{"href":"https:\/\/quicosenza.it\/news\/wp-json\/wp\/v2\/posts"}],"about":[{"href":"https:\/\/quicosenza.it\/news\/wp-json\/wp\/v2\/types\/post"}],"author":[{"embeddable":true,"href":"https:\/\/quicosenza.it\/news\/wp-json\/wp\/v2\/users\/55"}],"replies":[{"embeddable":true,"href":"https:\/\/quicosenza.it\/news\/wp-json\/wp\/v2\/comments?post=254748"}],"version-history":[{"count":0,"href":"https:\/\/quicosenza.it\/news\/wp-json\/wp\/v2\/posts\/254748\/revisions"}],"wp:featuredmedia":[{"embeddable":true,"href":"https:\/\/quicosenza.it\/news\/wp-json\/wp\/v2\/media\/254758"}],"wp:attachment":[{"href":"https:\/\/quicosenza.it\/news\/wp-json\/wp\/v2\/media?parent=254748"}],"wp:term":[{"taxonomy":"category","embeddable":true,"href":"https:\/\/quicosenza.it\/news\/wp-json\/wp\/v2\/categories?post=254748"},{"taxonomy":"post_tag","embeddable":true,"href":"https:\/\/quicosenza.it\/news\/wp-json\/wp\/v2\/tags?post=254748"}],"curies":[{"name":"wp","href":"https:\/\/api.w.org\/{rel}","templated":true}]}}