{"id":254754,"date":"2025-03-24T13:00:53","date_gmt":"2025-03-24T12:00:53","guid":{"rendered":"https:\/\/www.quicosenza.it\/news\/?p=254754"},"modified":"2025-03-24T12:13:29","modified_gmt":"2025-03-24T11:13:29","slug":"corigliano-rossano-cs-fdi-chiede-listituzione-del-garante-per-i-diritti-delle-persone-con-disabilita","status":"publish","type":"post","link":"https:\/\/quicosenza.it\/news\/corigliano-rossano-cs-fdi-chiede-listituzione-del-garante-per-i-diritti-delle-persone-con-disabilita\/","title":{"rendered":"Corigliano-Rossano (CS), FDI chiede l&#8217;istituzione del Garante per i diritti delle persone con disabilit\u00e0"},"content":{"rendered":"<p>CORIGLIANO-ROSSANO (CS) &#8211; Una <strong>Commissione ad hoc<\/strong> per discutere, ascoltare e confrontarsi sulla <strong>proposta di istituire<\/strong> un <strong>Garante per i diritti delle persone con disabilit\u00e0 nel Comune di Corigliano Rossano.<\/strong> \u00c8 la richiesta rilanciata dal gruppo consiliare di Fratelli d\u2019Italia su impulso della consigliera comunale <strong>Daniela Romano<\/strong>, promotrice dell\u2019iniziativa. La proposta, presentata mesi fa e gi\u00e0 al centro di un incontro informale con alcuni familiari di persone con disabilit\u00e0, attende ancora un confronto istituzionale serio. Nonostante la disponibilit\u00e0 iniziale mostrata dall\u2019assessore alle Politiche Sociali\u00a0<strong>Marinella Grillo<\/strong>, secondo Romano non ci sono stati sviluppi concreti.<\/p>\n<p>\u00abA seguito delle importanti riflessioni emerse in merito alla mia proposta, e nonostante la disponibilit\u00e0 dimostrata dall\u2019assessore Grillo, non si \u00e8 ancora avviato un confronto istituzionale serio e approfondito\u00bb, ha dichiarato la consigliera di FDI.\u00a0\u00abPer questo motivo <strong>ritengo necessario,<\/strong> come gi\u00e0 richiesto alla Presidente della Commissione Servizi Sociali Lidia Sciarrotta, <strong>che si valuti la possibilit\u00e0 di convocare una Commissione ad hoc<\/strong> dedicata esclusivamente all\u2019analisi e alla discussione di questa importante proposta, aperta anche alle molte associazioni che si occupano di disabilit\u00e0\u00bb.<\/p>\n<p>Secondo la consigliera Romano,<strong> l\u2019istituzione del Garante rappresenterebbe un punto di svolta per la citt\u00e0,<\/strong> creando un presidio stabile e autorevole in grado di dare voce e tutela a una fascia di popolazione troppo spesso lasciata ai margini.<\/p>\n<p>\u00abLa figura del Garante rappresenterebbe una possibilit\u00e0 concreta per il nostro Comune di mettere finalmente al centro le esigenze reali delle persone con disabilit\u00e0, offrendo loro un presidio istituzionale di tutela, di ascolto, di impulso e di rappresentanza\u00bb. La rappresentante di FDI ha sottolineato la necessit\u00e0 di un percorso inclusivo che coinvolga tutte le forze, senza bandiere politiche.\u00a0\u00ab<strong>L\u2019impegno per l\u2019inclusione e i diritti non \u00e8 una battaglia di parte, non deve avere colore politico<\/strong>, ma si tratta di un dovere civico e morale\u00bb, ha concluso. \u00abMi auguro che la Presidente della Commissione Servizi Lidia Sciarrotta voglia accogliere questa proposta con la consueta sensibilit\u00e0 e attenzione\u00bb.<\/p>\n","protected":false},"excerpt":{"rendered":"<p>CORIGLIANO-ROSSANO (CS) &#8211; Una Commissione ad hoc per discutere, ascoltare e confrontarsi sulla proposta di istituire un Garante per i diritti delle persone con disabilit\u00e0 nel Comune di Corigliano Rossano. \u00c8 la richiesta rilanciata dal gruppo consiliare di Fratelli d\u2019Italia su impulso della consigliera comunale Daniela Romano, promotrice dell\u2019iniziativa. La proposta, presentata mesi fa e [&hellip;]<\/p>\n","protected":false},"author":88,"featured_media":254756,"comment_status":"closed","ping_status":"closed","sticky":false,"template":"","format":"standard","meta":{"_acf_changed":false,"footnotes":"","jetpack_publicize_message":"","jetpack_publicize_feature_enabled":true,"jetpack_social_post_already_shared":false,"jetpack_social_options":{"image_generator_settings":{"template":"highway","default_image_id":0,"font":"","enabled":false},"version":2}},"categories":[572],"tags":[19],"class_list":["post-254754","post","type-post","status-publish","format-standard","has-post-thumbnail","hentry","category-ionio","tag-copertina"],"acf":[],"jetpack_publicize_connections":[],"_links":{"self":[{"href":"https:\/\/quicosenza.it\/news\/wp-json\/wp\/v2\/posts\/254754","targetHints":{"allow":["GET"]}}],"collection":[{"href":"https:\/\/quicosenza.it\/news\/wp-json\/wp\/v2\/posts"}],"about":[{"href":"https:\/\/quicosenza.it\/news\/wp-json\/wp\/v2\/types\/post"}],"author":[{"embeddable":true,"href":"https:\/\/quicosenza.it\/news\/wp-json\/wp\/v2\/users\/88"}],"replies":[{"embeddable":true,"href":"https:\/\/quicosenza.it\/news\/wp-json\/wp\/v2\/comments?post=254754"}],"version-history":[{"count":0,"href":"https:\/\/quicosenza.it\/news\/wp-json\/wp\/v2\/posts\/254754\/revisions"}],"wp:featuredmedia":[{"embeddable":true,"href":"https:\/\/quicosenza.it\/news\/wp-json\/wp\/v2\/media\/254756"}],"wp:attachment":[{"href":"https:\/\/quicosenza.it\/news\/wp-json\/wp\/v2\/media?parent=254754"}],"wp:term":[{"taxonomy":"category","embeddable":true,"href":"https:\/\/quicosenza.it\/news\/wp-json\/wp\/v2\/categories?post=254754"},{"taxonomy":"post_tag","embeddable":true,"href":"https:\/\/quicosenza.it\/news\/wp-json\/wp\/v2\/tags?post=254754"}],"curies":[{"name":"wp","href":"https:\/\/api.w.org\/{rel}","templated":true}]}}