{"id":254782,"date":"2025-03-24T16:15:53","date_gmt":"2025-03-24T15:15:53","guid":{"rendered":"https:\/\/www.quicosenza.it\/news\/?p=254782"},"modified":"2025-03-24T16:16:05","modified_gmt":"2025-03-24T15:16:05","slug":"soscs-sanita-in-arrivo-altri-50-medici-cubani-in-calabria-diffamati-e-attaccati-ma-sono-competenti","status":"publish","type":"post","link":"https:\/\/quicosenza.it\/news\/soscs-sanita-in-arrivo-altri-50-medici-cubani-in-calabria-diffamati-e-attaccati-ma-sono-competenti\/","title":{"rendered":"Sos sanit\u00e0, in arrivo altri 50 medici cubani in Calabria: \u00abDiffamati e attaccati ma sono competenti\u00bb"},"content":{"rendered":"<p>COSENZA &#8211; &#8220;<strong>In questa settimana arriveranno in Calabria altri 50 medici cubani,<\/strong> per sostenere l\u2019assistenza sanitaria e il diritto alla salute, devastati da decenni di scarsa considerazione di chi doveva occuparsene. Sempre pi\u00f9 viene apprezzato l\u2019apporto del contingente di <strong>queste professionalit<\/strong>\u00e0, <strong>che dunque presto superer\u00e0 le 380 unit\u00e0.<\/strong> Sia nelle ASP che nelle AO il lavoro di questi medici ha reso possibile la prosecuzione delle attivit\u00e0 ordinarie, minacciata dalla carenza storica di personale&#8221;. L&#8217;annuncio arriva da <strong>Pino Scarpelli<\/strong> &#8211; segreteria nazionale dell\u2019Associazione di Amicizia Italia-Cuba.<\/p>\n<p>&#8220;Le<strong> indubbie competenze professionali<\/strong> dei medici cubani, arricchite da importanti capacit\u00e0 umane, comunicative e relazionali e da una disponibilit\u00e0 e pazienza non comuni, sono state fondamentali per la disastrata sanit\u00e0 calabrese in questi ultimi due anni all\u2019interno di tanti presidi territoriali e reparti. Persino gli <strong>strumentali e diffamatori attacchi<\/strong> di quella esigua minoranza di soggetti unicamente alla ricerca di visibilit\u00e0 o di perpetuazione del proprio potere di casta sono venuti meno, subissati dalla <strong>soddisfazione e dall\u2019apprezzamento dei pazienti calabresi per la qualit\u00e0 del loro lavoro<\/strong> e dei tanti medici perbene italiani che, fianco a fianco dei colleghi caraibici, operano quotidianamente per garantire la salute dei calabresi, nonostante strutture non sempre adeguate e funzionali e un\u2019organizzazione non sempre efficiente e ottimamente articolata.<\/p>\n<p>Questo spiega l\u2019astio infinito di chi si sente padrone del mondo e attacca a testa bassa gli accordi di cooperazione medica internazionale dell\u2019isola. Non a caso, il neo Segretario di Stato statunitense Marco Rubio sta prendendo di mira le missioni mediche cubane all\u2019estero, compresa quella in Calabria. Evidentemente non piace alla superpotenza imperialista un modello di sanit\u00e0 basata sulla cooperazione e sui diritti piuttosto che sui privilegi e i profitti come accade negli Stati Uniti. <strong>Il principio di Fidel Castro \u201cmedici, non bombe\u201d che ha come obiettivo la pace, la solidariet\u00e0 internazionale e la cooperazione,<\/strong> \u00e8 l\u2019esatto opposto delle logiche di riarmo e guerra che stanno attraversando il pianeta e a cui abbiamo il dovere di opporci&#8221;.<\/p>\n","protected":false},"excerpt":{"rendered":"<p>COSENZA &#8211; &#8220;In questa settimana arriveranno in Calabria altri 50 medici cubani, per sostenere l\u2019assistenza sanitaria e il diritto alla salute, devastati da decenni di scarsa considerazione di chi doveva occuparsene. Sempre pi\u00f9 viene apprezzato l\u2019apporto del contingente di queste professionalit\u00e0, che dunque presto superer\u00e0 le 380 unit\u00e0. Sia nelle ASP che nelle AO il [&hellip;]<\/p>\n","protected":false},"author":58,"featured_media":240992,"comment_status":"closed","ping_status":"closed","sticky":false,"template":"","format":"standard","meta":{"_acf_changed":false,"footnotes":"","jetpack_publicize_message":"","jetpack_publicize_feature_enabled":true,"jetpack_social_post_already_shared":false,"jetpack_social_options":{"image_generator_settings":{"template":"highway","default_image_id":0,"font":"","enabled":false},"version":2}},"categories":[17],"tags":[19],"class_list":["post-254782","post","type-post","status-publish","format-standard","has-post-thumbnail","hentry","category-calabria","tag-copertina"],"acf":[],"jetpack_publicize_connections":[],"_links":{"self":[{"href":"https:\/\/quicosenza.it\/news\/wp-json\/wp\/v2\/posts\/254782","targetHints":{"allow":["GET"]}}],"collection":[{"href":"https:\/\/quicosenza.it\/news\/wp-json\/wp\/v2\/posts"}],"about":[{"href":"https:\/\/quicosenza.it\/news\/wp-json\/wp\/v2\/types\/post"}],"author":[{"embeddable":true,"href":"https:\/\/quicosenza.it\/news\/wp-json\/wp\/v2\/users\/58"}],"replies":[{"embeddable":true,"href":"https:\/\/quicosenza.it\/news\/wp-json\/wp\/v2\/comments?post=254782"}],"version-history":[{"count":0,"href":"https:\/\/quicosenza.it\/news\/wp-json\/wp\/v2\/posts\/254782\/revisions"}],"wp:featuredmedia":[{"embeddable":true,"href":"https:\/\/quicosenza.it\/news\/wp-json\/wp\/v2\/media\/240992"}],"wp:attachment":[{"href":"https:\/\/quicosenza.it\/news\/wp-json\/wp\/v2\/media?parent=254782"}],"wp:term":[{"taxonomy":"category","embeddable":true,"href":"https:\/\/quicosenza.it\/news\/wp-json\/wp\/v2\/categories?post=254782"},{"taxonomy":"post_tag","embeddable":true,"href":"https:\/\/quicosenza.it\/news\/wp-json\/wp\/v2\/tags?post=254782"}],"curies":[{"name":"wp","href":"https:\/\/api.w.org\/{rel}","templated":true}]}}