{"id":254858,"date":"2025-03-25T15:27:35","date_gmt":"2025-03-25T14:27:35","guid":{"rendered":"https:\/\/www.quicosenza.it\/news\/?p=254858"},"modified":"2025-03-25T15:27:35","modified_gmt":"2025-03-25T14:27:35","slug":"elezioni-rende-liparoti-la-candidatura-di-principe-gesto-di-generosita-nei-confronti-della-citta","status":"publish","type":"post","link":"https:\/\/quicosenza.it\/news\/elezioni-rende-liparoti-la-candidatura-di-principe-gesto-di-generosita-nei-confronti-della-citta\/","title":{"rendered":"Elezioni Rende, Liparoti: \u2018la candidatura di Principe, gesto di generosit\u00e0 nei confronti della citt\u00e0\u2019"},"content":{"rendered":"<p>RENDE \u2013 <strong>Sandro Principe<\/strong> ieri sera, davanti alla cittadinanza, con i suoi giri di parole, \u201csiamo, vogliamo fare, ci impegneremo\u201d, ha parlato da candidato a sindaco, senza mai per\u00f2 annunciare la sua candidatura alla guida del <strong>Comune di Rende<\/strong>, e alla domanda diretta se sar\u00e0 candidato, ha risposto con la sua solita arguzia politica: \u201c<strong>ma se voi la intendete cos\u00ec cosa volete che vi dica, siete pi\u00f9 bravi di me ad interpretarla<\/strong>\u2019.<\/p>\n<p>Al resto del <strong>centrosinistra<\/strong>, perch\u00e9 Principe ha sottolineato che lui \u00e8 espressione di centrosinistra, si \u00e8 dichiarato aperto ad ogni confronto, per evitare inutili e dannose divisioni. Confronto s\u00ec, ma ha fatto intendere chiaramente da candidato a sindaco. Per il segretario della <strong>Federazione Riformista di Rende, Fabio Liparoti,<\/strong> Sandro Principe non pu\u00f2 che non essere candidato a sindaco, definendo la sua scelta, \u201c<strong>un gesto di generosit\u00e0 nei confronti della citt\u00e0 di Rende\u201d<\/strong>.<\/p>\n<p>Una porta aperta \u00e8 stata lasciata non solo al resto del centrosinistra e al Pd ma anche a quella parte del comitato del no al referendum sulla Citt\u00e0 Unica che ha scelto una strada diversa.<\/p>\n","protected":false},"excerpt":{"rendered":"<p>RENDE \u2013 Sandro Principe ieri sera, davanti alla cittadinanza, con i suoi giri di parole, \u201csiamo, vogliamo fare, ci impegneremo\u201d, ha parlato da candidato a sindaco, senza mai per\u00f2 annunciare la sua candidatura alla guida del Comune di Rende, e alla domanda diretta se sar\u00e0 candidato, ha risposto con la sua solita arguzia politica: \u201cma [&hellip;]<\/p>\n","protected":false},"author":66,"featured_media":254860,"comment_status":"closed","ping_status":"closed","sticky":false,"template":"","format":"video","meta":{"_acf_changed":false,"footnotes":"","jetpack_publicize_message":"","jetpack_publicize_feature_enabled":true,"jetpack_social_post_already_shared":false,"jetpack_social_options":{"image_generator_settings":{"template":"highway","default_image_id":0,"font":"","enabled":false},"version":2}},"categories":[563,44],"tags":[19,135],"class_list":["post-254858","post","type-post","status-publish","format-video","has-post-thumbnail","hentry","category-area-urbana","category-rende","tag-copertina","tag-video","post_format-post-format-video"],"acf":[],"jetpack_publicize_connections":[],"_links":{"self":[{"href":"https:\/\/quicosenza.it\/news\/wp-json\/wp\/v2\/posts\/254858","targetHints":{"allow":["GET"]}}],"collection":[{"href":"https:\/\/quicosenza.it\/news\/wp-json\/wp\/v2\/posts"}],"about":[{"href":"https:\/\/quicosenza.it\/news\/wp-json\/wp\/v2\/types\/post"}],"author":[{"embeddable":true,"href":"https:\/\/quicosenza.it\/news\/wp-json\/wp\/v2\/users\/66"}],"replies":[{"embeddable":true,"href":"https:\/\/quicosenza.it\/news\/wp-json\/wp\/v2\/comments?post=254858"}],"version-history":[{"count":0,"href":"https:\/\/quicosenza.it\/news\/wp-json\/wp\/v2\/posts\/254858\/revisions"}],"wp:featuredmedia":[{"embeddable":true,"href":"https:\/\/quicosenza.it\/news\/wp-json\/wp\/v2\/media\/254860"}],"wp:attachment":[{"href":"https:\/\/quicosenza.it\/news\/wp-json\/wp\/v2\/media?parent=254858"}],"wp:term":[{"taxonomy":"category","embeddable":true,"href":"https:\/\/quicosenza.it\/news\/wp-json\/wp\/v2\/categories?post=254858"},{"taxonomy":"post_tag","embeddable":true,"href":"https:\/\/quicosenza.it\/news\/wp-json\/wp\/v2\/tags?post=254858"}],"curies":[{"name":"wp","href":"https:\/\/api.w.org\/{rel}","templated":true}]}}