{"id":254904,"date":"2025-03-26T13:30:11","date_gmt":"2025-03-26T12:30:11","guid":{"rendered":"https:\/\/www.quicosenza.it\/news\/?p=254904"},"modified":"2025-03-26T12:51:05","modified_gmt":"2025-03-26T11:51:05","slug":"altomonte-consigliere-comunale-quali-sono-i-motivi-dei-ritardi-nellassegnazione-delle-case-popolari","status":"publish","type":"post","link":"https:\/\/quicosenza.it\/news\/altomonte-consigliere-comunale-quali-sono-i-motivi-dei-ritardi-nellassegnazione-delle-case-popolari\/","title":{"rendered":"Altomonte, consigliere comunale \u00abquali sono i motivi dei ritardi nell&#8217;assegnazione delle case popolari?\u00bb"},"content":{"rendered":"<div>ALTOMONTE (CS) &#8211; Vincenzo Borrelli chiede di sapere il motivo del ritardo e\/o della mancata assegnazione delle case comunali come previsto da graduatoria definitiva pubblicata in data 18\/11\/2024. In base a quanto gia\u2019 previsto anche dal bando di concorso del Comune di Altomonte del 10\/10\/2022 dal titolo &#8220;Bando di concorso per la formazione della graduatoria generale permanente degli aspiranti all&#8217;assegnazione in locazione semplice di alloggi di edilizia residenziale pubblica di nuova costruzione o che si renderanno disponibili nel comune di Altomonte&#8221;, si chiede di <strong>stilare un resoconto delle abitazioni libere<\/strong> all\u2019interno del territorio comunale, da poter assegnare con relativa graduatoria agli aventi diritto.<\/div>\n<div><\/div>\n<div>&#8220;In tal modo &#8211; spiega Borrelli nella missiva &#8211; non solo si darebbe la possibilit\u00e0 di un <strong>aiuto concreto e primario<\/strong> bens\u00ec si creerebbe un <strong>ripopolamento anche all\u2019interno del centro storico<\/strong> evitando di mantenere strutture abbandonate, disabitate e fatiscenti. <strong>Tali abitazioni, sono realmente disponibili? qual\u2019\u00e8 il numero delle case attualmente libere al\u2019interno del Comune di Altomonte?<\/strong> Oppure tale iniziativa \u00e8 stata solo una forma di speculazione? illudendo le persone bisognose&#8221;.<\/div>\n<div><\/div>\n<div>&#8220;Ci\u00f2 non comporta anche un danno erariale? Tale danno, potrebbe derivare da un mancato guadagno a carico dell\u2019ente nonch\u00e9 dal fatto che, la mancata cura e manutenzione degli stessi immobili porterebbe al degrado degli stessi recando un maggiore danno all\u2019ente stesso. Come citato nello <strong>Statuto Comunale<\/strong>: Art. 4 (Esercizio delle funzioni) 1. Gli organi di governo del Comune indirizzano l&#8217;azione amministrativa e l&#8217;attivit\u00e0 degli organi di gestione ponendo al centro della loro azione amministrativa la tutela della persona umana, per il conseguimento dei seguenti fini: Alla lettera d) sostegno, nell&#8217;ambito delle proprie possibilit\u00e0 e funzioni, alle iniziative per assicurare il <strong>diritto al lavoro, alla casa, all&#8217;istruzione;<\/strong> Pertanto, si chiede di intervenire con la massima urgenza applicando le dovute indicazioni politiche agli uffici preposti&#8221;.<\/div>\n<div><\/div>\n<div>&#8220;Garantire la qualit\u00e0 della vita di tutti i cittadini, preservando il nostro territorio da situazioni che possono essere evitate con interventi puntuali e ben programmati \u00e8 compito di una buona amministrazione. Queste attivit\u00e0, non sono solo una misura tecnica, ma bens\u00ec anche una <strong>dimostrazione dell&#8217;impegno dell&#8217;amministrazione stessa<\/strong> per una Altomonte pi\u00f9 <strong>sicura e resiliente<\/strong>, con un&#8217;attenzione costante alla popolazione. Iniziamo a prenderci cura dei nostri cittadini&#8221;.<\/div>\n","protected":false},"excerpt":{"rendered":"<p>ALTOMONTE (CS) &#8211; Vincenzo Borrelli chiede di sapere il motivo del ritardo e\/o della mancata assegnazione delle case comunali come previsto da graduatoria definitiva pubblicata in data 18\/11\/2024. In base a quanto gia\u2019 previsto anche dal bando di concorso del Comune di Altomonte del 10\/10\/2022 dal titolo &#8220;Bando di concorso per la formazione della graduatoria [&hellip;]<\/p>\n","protected":false},"author":42,"featured_media":254905,"comment_status":"closed","ping_status":"closed","sticky":false,"template":"","format":"standard","meta":{"_acf_changed":false,"footnotes":"","jetpack_publicize_message":"","jetpack_publicize_feature_enabled":true,"jetpack_social_post_already_shared":false,"jetpack_social_options":{"image_generator_settings":{"template":"highway","default_image_id":0,"font":"","enabled":false},"version":2}},"categories":[28],"tags":[19],"class_list":["post-254904","post","type-post","status-publish","format-standard","has-post-thumbnail","hentry","category-provincia","tag-copertina"],"acf":[],"jetpack_publicize_connections":[],"_links":{"self":[{"href":"https:\/\/quicosenza.it\/news\/wp-json\/wp\/v2\/posts\/254904","targetHints":{"allow":["GET"]}}],"collection":[{"href":"https:\/\/quicosenza.it\/news\/wp-json\/wp\/v2\/posts"}],"about":[{"href":"https:\/\/quicosenza.it\/news\/wp-json\/wp\/v2\/types\/post"}],"author":[{"embeddable":true,"href":"https:\/\/quicosenza.it\/news\/wp-json\/wp\/v2\/users\/42"}],"replies":[{"embeddable":true,"href":"https:\/\/quicosenza.it\/news\/wp-json\/wp\/v2\/comments?post=254904"}],"version-history":[{"count":0,"href":"https:\/\/quicosenza.it\/news\/wp-json\/wp\/v2\/posts\/254904\/revisions"}],"wp:featuredmedia":[{"embeddable":true,"href":"https:\/\/quicosenza.it\/news\/wp-json\/wp\/v2\/media\/254905"}],"wp:attachment":[{"href":"https:\/\/quicosenza.it\/news\/wp-json\/wp\/v2\/media?parent=254904"}],"wp:term":[{"taxonomy":"category","embeddable":true,"href":"https:\/\/quicosenza.it\/news\/wp-json\/wp\/v2\/categories?post=254904"},{"taxonomy":"post_tag","embeddable":true,"href":"https:\/\/quicosenza.it\/news\/wp-json\/wp\/v2\/tags?post=254904"}],"curies":[{"name":"wp","href":"https:\/\/api.w.org\/{rel}","templated":true}]}}