{"id":254935,"date":"2025-03-26T11:16:01","date_gmt":"2025-03-26T10:16:01","guid":{"rendered":"https:\/\/www.quicosenza.it\/news\/?p=254935"},"modified":"2025-03-26T11:38:44","modified_gmt":"2025-03-26T10:38:44","slug":"cosenza-imbrattato-escrementi-il-murales-dedicato-a-sergio-cosmai-caruso-atto-ignobile-e-vile","status":"publish","type":"post","link":"https:\/\/quicosenza.it\/news\/cosenza-imbrattato-escrementi-il-murales-dedicato-a-sergio-cosmai-caruso-atto-ignobile-e-vile\/","title":{"rendered":"Cosenza: imbrattato con escrementi il murales dedicato a Sergio Cosmai, Caruso \u00abatto ignobile e vile\u00bb"},"content":{"rendered":"<p>COSENZA &#8211; &#8220;Una barbarie sotto ogni punto di vista che la citt\u00e0 non pu\u00f2 tollerare e che condanno con forza, riaffermando i valori della legalit\u00e0 che come Amministrazione Comunale portiamo avanti con orgoglio e determinazione&#8221;. Sono le parole del sindaco Franz Caruso appena appresa la notizia dell&#8217;atto di estremo vandalismo perpetrato al murales di Sergio Cosmai<strong> su uno dei pilastri di via Padre Giglio<\/strong>, dedicato alla legalit\u00e0 ed alla giustizia nell&#8217;ambito del progetto di rigenerazione urbana proposto da un noto imprenditore cosentino e subito sposato dal Primo Cittadino Franz Caruso.<\/p>\n<p>&#8220;Ho dato disposizione di <strong>pulire immediatamente questa vergogna<\/strong> \u2013 prosegue Franz Caruso \u2013 che <strong>imbratta e colpisce non solo l&#8217;opera in s\u00e9 ma anche ci\u00f2 che rappresenta<\/strong>. Sergio Cosmai, ex direttore della casa circondariale di Cosenza, barbaramente assassinato nel 1985, \u00e8 infatti un esempio coraggioso di servitore dello Stato che, pur consapevole del grave rischio personale, ha contrastato la criminalit\u00e0 organizzata affermando i valori della legalit\u00e0.<\/p>\n<p><img loading=\"lazy\" decoding=\"async\" class=\" wp-image-254941 aligncenter\" src=\"https:\/\/quicosenza.it\/news\/wp-content\/uploads\/2025\/03\/pulito-murales-sergio-cosmai-cosenza.jpg\" alt=\"pulito murales sergio cosmai cosenza\" width=\"501\" height=\"310\" title=\"\" srcset=\"https:\/\/quicosenza.it\/news\/wp-content\/uploads\/2025\/03\/pulito-murales-sergio-cosmai-cosenza.jpg 970w, https:\/\/quicosenza.it\/news\/wp-content\/uploads\/2025\/03\/pulito-murales-sergio-cosmai-cosenza-300x186.jpg 300w, https:\/\/quicosenza.it\/news\/wp-content\/uploads\/2025\/03\/pulito-murales-sergio-cosmai-cosenza-768x475.jpg 768w, https:\/\/quicosenza.it\/news\/wp-content\/uploads\/2025\/03\/pulito-murales-sergio-cosmai-cosenza-679x420.jpg 679w, https:\/\/quicosenza.it\/news\/wp-content\/uploads\/2025\/03\/pulito-murales-sergio-cosmai-cosenza-150x93.jpg 150w, https:\/\/quicosenza.it\/news\/wp-content\/uploads\/2025\/03\/pulito-murales-sergio-cosmai-cosenza-696x431.jpg 696w, https:\/\/quicosenza.it\/news\/wp-content\/uploads\/2025\/03\/pulito-murales-sergio-cosmai-cosenza-356x220.jpg 356w\" sizes=\"auto, (max-width: 501px) 100vw, 501px\" \/><\/p>\n<p><strong>Ecco perch\u00e9 il gesto di imbrattare con escrementi l&#8217;effige di Cosmai<\/strong> va oltre l&#8217;incivilt\u00e0, rappresentando uno sfregio alla memoria di un uomo che ha pagato con la vita il suo <strong>attaccamento alla giustizia ed allo Stato<\/strong>, il cui esempio deve essere anche antidoto contro sopraffazioni e violenze, ma \u00e8 anche un attacco alla legalit\u00e0, consapevole o meno poco importa, che merita solo biasimo. A nome dell&#8217;intera citt\u00e0, dunque, <strong>respingo con sdegno e riprovazione quest&#8217;atto ignobile e vile&#8221; .<\/strong><\/p>\n<p><img loading=\"lazy\" decoding=\"async\" class=\" wp-image-254937 aligncenter\" src=\"https:\/\/quicosenza.it\/news\/wp-content\/uploads\/2025\/03\/murale-sergio-cosmai-cosenza.jpg\" alt=\"murale sergio cosmai cosenza\" width=\"502\" height=\"311\" title=\"\" srcset=\"https:\/\/quicosenza.it\/news\/wp-content\/uploads\/2025\/03\/murale-sergio-cosmai-cosenza.jpg 970w, https:\/\/quicosenza.it\/news\/wp-content\/uploads\/2025\/03\/murale-sergio-cosmai-cosenza-300x186.jpg 300w, https:\/\/quicosenza.it\/news\/wp-content\/uploads\/2025\/03\/murale-sergio-cosmai-cosenza-768x475.jpg 768w, https:\/\/quicosenza.it\/news\/wp-content\/uploads\/2025\/03\/murale-sergio-cosmai-cosenza-679x420.jpg 679w, https:\/\/quicosenza.it\/news\/wp-content\/uploads\/2025\/03\/murale-sergio-cosmai-cosenza-150x93.jpg 150w, https:\/\/quicosenza.it\/news\/wp-content\/uploads\/2025\/03\/murale-sergio-cosmai-cosenza-696x431.jpg 696w, https:\/\/quicosenza.it\/news\/wp-content\/uploads\/2025\/03\/murale-sergio-cosmai-cosenza-356x220.jpg 356w\" sizes=\"auto, (max-width: 502px) 100vw, 502px\" \/><\/p>\n","protected":false},"excerpt":{"rendered":"<p>COSENZA &#8211; &#8220;Una barbarie sotto ogni punto di vista che la citt\u00e0 non pu\u00f2 tollerare e che condanno con forza, riaffermando i valori della legalit\u00e0 che come Amministrazione Comunale portiamo avanti con orgoglio e determinazione&#8221;. Sono le parole del sindaco Franz Caruso appena appresa la notizia dell&#8217;atto di estremo vandalismo perpetrato al murales di Sergio [&hellip;]<\/p>\n","protected":false},"author":42,"featured_media":254940,"comment_status":"closed","ping_status":"closed","sticky":false,"template":"","format":"standard","meta":{"_acf_changed":false,"footnotes":"","jetpack_publicize_message":"","jetpack_publicize_feature_enabled":true,"jetpack_social_post_already_shared":false,"jetpack_social_options":{"image_generator_settings":{"template":"highway","default_image_id":0,"font":"","enabled":false},"version":2}},"categories":[563,42],"tags":[19],"class_list":["post-254935","post","type-post","status-publish","format-standard","has-post-thumbnail","hentry","category-area-urbana","category-cosenza","tag-copertina"],"acf":[],"jetpack_publicize_connections":[],"_links":{"self":[{"href":"https:\/\/quicosenza.it\/news\/wp-json\/wp\/v2\/posts\/254935","targetHints":{"allow":["GET"]}}],"collection":[{"href":"https:\/\/quicosenza.it\/news\/wp-json\/wp\/v2\/posts"}],"about":[{"href":"https:\/\/quicosenza.it\/news\/wp-json\/wp\/v2\/types\/post"}],"author":[{"embeddable":true,"href":"https:\/\/quicosenza.it\/news\/wp-json\/wp\/v2\/users\/42"}],"replies":[{"embeddable":true,"href":"https:\/\/quicosenza.it\/news\/wp-json\/wp\/v2\/comments?post=254935"}],"version-history":[{"count":0,"href":"https:\/\/quicosenza.it\/news\/wp-json\/wp\/v2\/posts\/254935\/revisions"}],"wp:featuredmedia":[{"embeddable":true,"href":"https:\/\/quicosenza.it\/news\/wp-json\/wp\/v2\/media\/254940"}],"wp:attachment":[{"href":"https:\/\/quicosenza.it\/news\/wp-json\/wp\/v2\/media?parent=254935"}],"wp:term":[{"taxonomy":"category","embeddable":true,"href":"https:\/\/quicosenza.it\/news\/wp-json\/wp\/v2\/categories?post=254935"},{"taxonomy":"post_tag","embeddable":true,"href":"https:\/\/quicosenza.it\/news\/wp-json\/wp\/v2\/tags?post=254935"}],"curies":[{"name":"wp","href":"https:\/\/api.w.org\/{rel}","templated":true}]}}