{"id":254957,"date":"2025-03-27T08:30:19","date_gmt":"2025-03-27T07:30:19","guid":{"rendered":"https:\/\/www.quicosenza.it\/news\/?p=254957"},"modified":"2025-03-27T07:21:20","modified_gmt":"2025-03-27T06:21:20","slug":"verso-la-manifestazione-di-sabato-a-cosenza-orrico-m5s-contro-gli-scippi-per-la-liberta-dei-calabresi","status":"publish","type":"post","link":"https:\/\/quicosenza.it\/news\/verso-la-manifestazione-di-sabato-a-cosenza-orrico-m5s-contro-gli-scippi-per-la-liberta-dei-calabresi\/","title":{"rendered":"Verso la manifestazione di sabato a Cosenza, Orrico (M5S): \u201cContro gli scippi, per la libert\u00e0 dei calabresi\u201d"},"content":{"rendered":"<p>COSENZA- Si ritorna al raduno di popolo in piazza. Il <strong>Movimento Cinque Stelle<\/strong> chiama a raccolta i calabresi con la manifestazione di protesta in programma a Cosenza sabato <strong>29 marzo<\/strong> alle <strong>16,30<\/strong>. La <strong>deputata<\/strong> Anna Laura Orrico gioca in casa.<\/p>\n<h5><strong>Onorevole Orrico, perch\u00e9 i cittadini dovrebbero partecipare?<\/strong><\/h5>\n<p>\u201c\u00c8 importante scendere in piazza perch\u00e9 noi calabresi non dobbiamo pi\u00f9 nasconderci, non dobbiamo nasconderci rispetto ai ricatti che subiamo ogni giorno\u2026 il ricatto per fare un lavoro dignitoso, il ricatto per fare impresa in maniera libera e supportati dalle istituzioni, il ricatto al diritto a curarsi con un sistema sanitario pubblico che funzioni, il diritto ad un\u2019istruzione che sia realmente inclusiva ed aperta a tutti\u201d.<\/p>\n<h5><strong>Il motivo della manifestazione \u00e8 noto, si chiama Andrea Gentile<\/strong><\/h5>\n<p>\u201cOvviamente, ci\u00f2 che ha scatenato questa necessit\u00e0 di scendere in piazza \u00e8 <a href=\"https:\/\/quicosenza.it\/news\/calabria\/anna-laura-orrico-il-rampollo-della-famiglia-gentile-ha-derubato-i-calabresi-della-liberta-di-voto-video\">l\u2019ennesimo sopruso<\/a> che i calabresi hanno ricevuto da parte di questa destra a partita chiusa e quindi dopo le elezioni del 2022 che si sono giocate con una legge elettorale e con un regolamento ben preciso del Ministero dell\u2019Interno. Ma la maggioranza di centrodestra cosa ha fatto? Ha modificato le regole, assegnando i voti che Gentile non aveva a\u2026 Gentile. Questo ha consentito di ribaltare quel risultato che avevamo conquistato nel collegio uninominale dove io avevo vinto, battuto sul campo, con uno scarto di 484 voti\u201d.<\/p>\n<p><span style=\"color: #ff0000;\"><strong>ASCOLTA L&#8217;INTERVISTA\u00a0<\/strong><\/span><\/p>\n<audio class=\"wp-audio-shortcode\" id=\"audio-254957-1\" preload=\"none\" style=\"width: 100%;\" controls=\"controls\"><source type=\"audio\/mpeg\" src=\"https:\/\/quicosenza.it\/news\/wp-content\/uploads\/2025\/03\/orrico-manif.mp3?_=1\" \/><a href=\"https:\/\/quicosenza.it\/news\/wp-content\/uploads\/2025\/03\/orrico-manif.mp3\">https:\/\/quicosenza.it\/news\/wp-content\/uploads\/2025\/03\/orrico-manif.mp3<\/a><\/audio>\n<p>&nbsp;<\/p>\n<h5><strong>E poi le cose si sono capovolte&#8230;<\/strong><\/h5>\n<p>\u201cAdesso questo risultato \u00e8 stato ribaltato grazie al cambiamento delle regole approvato con i voti della maggioranza di centrodestra in parlamento, dunque Andrea Gentile rientra in Parlamento <strong>non per meriti conquistati sul campo, ma perch\u00e9 rampollo di una famiglia politica,<\/strong> ed esce dal parlamento una valida collega, la <strong>deputata Elisa Scutell\u00e0<\/strong> che aveva guadagnato il seggio proprio grazie al voto libero che i calabresi nel 2022 avevano espresso nel collegio uninominale <strong>\u2018Cosenza 1<\/strong>\u2019 preferendo il Movimento Cinque Stelle al centrodestra\u201d.<\/p>\n<h5><strong>Sabato a Cosenza ci sar\u00e0 addirittura Giuseppe Conte. Contenta?<\/strong><\/h5>\n<p>\u201cLa presenza del presidente Conte \u00e8 un ulteriore segnale di attenzione che il movimento ha da sempre nei confronti della Calabria, ma voglio anche ringraziare i tanti comitati, le associazioni, i sindacati e le forze politiche che stanno aderendo in queste ore alla manifestazione e che saranno insieme a noi a testimoniare uno scippo che, ripeto, non riguarda il Movimento Cinque Stelle ma riguarda il diritto e la libert\u00e0 di voto di tutti i calabresi. Una volta che ci levano la libert\u00e0 di voto, che cosa ci resta? \u00c8 questa la domanda che dobbiamo farci\u201d.<\/p>\n","protected":false},"excerpt":{"rendered":"<p>COSENZA- Si ritorna al raduno di popolo in piazza. Il Movimento Cinque Stelle chiama a raccolta i calabresi con la manifestazione di protesta in programma a Cosenza sabato 29 marzo alle 16,30. La deputata Anna Laura Orrico gioca in casa. Onorevole Orrico, perch\u00e9 i cittadini dovrebbero partecipare? \u201c\u00c8 importante scendere in piazza perch\u00e9 noi calabresi [&hellip;]<\/p>\n","protected":false},"author":88,"featured_media":254964,"comment_status":"closed","ping_status":"closed","sticky":false,"template":"","format":"audio","meta":{"_acf_changed":false,"footnotes":"","jetpack_publicize_message":"","jetpack_publicize_feature_enabled":true,"jetpack_social_post_already_shared":false,"jetpack_social_options":{"image_generator_settings":{"template":"highway","default_image_id":0,"font":"","enabled":false},"version":2}},"categories":[563,42],"tags":[19],"class_list":["post-254957","post","type-post","status-publish","format-audio","has-post-thumbnail","hentry","category-area-urbana","category-cosenza","tag-copertina","post_format-post-format-audio"],"acf":[],"jetpack_publicize_connections":[],"_links":{"self":[{"href":"https:\/\/quicosenza.it\/news\/wp-json\/wp\/v2\/posts\/254957","targetHints":{"allow":["GET"]}}],"collection":[{"href":"https:\/\/quicosenza.it\/news\/wp-json\/wp\/v2\/posts"}],"about":[{"href":"https:\/\/quicosenza.it\/news\/wp-json\/wp\/v2\/types\/post"}],"author":[{"embeddable":true,"href":"https:\/\/quicosenza.it\/news\/wp-json\/wp\/v2\/users\/88"}],"replies":[{"embeddable":true,"href":"https:\/\/quicosenza.it\/news\/wp-json\/wp\/v2\/comments?post=254957"}],"version-history":[{"count":0,"href":"https:\/\/quicosenza.it\/news\/wp-json\/wp\/v2\/posts\/254957\/revisions"}],"wp:featuredmedia":[{"embeddable":true,"href":"https:\/\/quicosenza.it\/news\/wp-json\/wp\/v2\/media\/254964"}],"wp:attachment":[{"href":"https:\/\/quicosenza.it\/news\/wp-json\/wp\/v2\/media?parent=254957"}],"wp:term":[{"taxonomy":"category","embeddable":true,"href":"https:\/\/quicosenza.it\/news\/wp-json\/wp\/v2\/categories?post=254957"},{"taxonomy":"post_tag","embeddable":true,"href":"https:\/\/quicosenza.it\/news\/wp-json\/wp\/v2\/tags?post=254957"}],"curies":[{"name":"wp","href":"https:\/\/api.w.org\/{rel}","templated":true}]}}