{"id":255063,"date":"2025-03-27T15:00:18","date_gmt":"2025-03-27T14:00:18","guid":{"rendered":"https:\/\/www.quicosenza.it\/news\/?p=255063"},"modified":"2025-03-27T16:24:40","modified_gmt":"2025-03-27T15:24:40","slug":"cis-centro-storico-cosenza-ciacco-pd-amministrazione-comunale-esemplare-provincia-di-centrodestra-ha-fallito","status":"publish","type":"post","link":"https:\/\/quicosenza.it\/news\/cis-centro-storico-cosenza-ciacco-pd-amministrazione-comunale-esemplare-provincia-di-centrodestra-ha-fallito\/","title":{"rendered":"CIS Centro storico Cosenza, Ciacco (PD): &#8220;Amministrazione comunale esemplare, Provincia di centrodestra ha fallito&#8221;"},"content":{"rendered":"<p>COSENZA &#8211; All\u2019indomani dell\u2019interrogazione a <a href=\"https:\/\/quicosenza.it\/news\/area-urbana\/centro-storico-di-cosenza-tutto-tace-sui-contratti-di-riqualificazione-orrico-m5s-interroga-il-ministero\" target=\"_blank\" rel=\"noopener\">risposta diretta della deputata del M5S Anna Laura Orrico<\/a> sulla <strong>vicenda relativa allo stato di attuazione del CIS &#8211; Centro Storico di Cosenza<\/strong>, interviene anche <strong>Giuseppe Ciacco, capogruppo PD al Consiglio provinciale<\/strong> di Cosenza. \u201cIl finanziamento di <strong>novanta milioni<\/strong> di euro \u00e8 targato Partito Democratico\u201d, tiene innanzitutto a precisare.<\/p>\n<h3>La storia dei CIS<\/h3>\n<p>\u201cNel 2018 \u2013 rievoca Ciacco &#8211; fu presentata dai deputati del Partito Democratico un&#8217;interrogazione parlamentare che sollecit\u00f2 <strong>un intervento<\/strong> a fronte dei reiterati crolli che si stavano verificando nel centro storico: in quel momento la citt\u00e0 era governata dall&#8217;amministrazione Occhiuto. Contestualmente la Regione Calabria, all&#8217;epoca guidata dal centrosinistra, presidente della giunta era Mario Oliverio, PD, sfruttando la presidenza pro tempore del CIPES chiese all&#8217;allora ministro della Cultura di destinare una parte dell&#8217;intero plafond, pari a 350 milioni di euro, alla citt\u00e0 di Cosenza. Il ministro della Cultura in carica, <strong>Dario Franceschini<\/strong> del PD, accolse la richiesta e destin\u00f2 per l&#8217;appunto i novanta milioni di euro per in Centro Storico di Cosenza. Questa \u00e8 la storia del finanziamento\u201d<\/p>\n<h3>I finanziamenti destinati al Comune di Cosenza<\/h3>\n<p>\u201cIl Comune di Cosenza \u2013 prosegue nella nota Giuseppe Ciacco -, al quale dei 90 milioni ne sono stati <strong>destinati 40<\/strong>, con in testa il sindaco e il delegato al centro storico Francesco Alimena, \u00e8 indiscutibilmente il <strong>soggetto trainante<\/strong>, perch\u00e9\u00a0l&#8217;attuale coefficiente di completamento del CIS, pari all&#8217;82% (il sottosegretario Mazzi non ha dati aggiornati), \u00e8 appannaggio esclusivo del Comune di Cosenza. Infatti, il Comune di Cosenza ha in corso 10 interventi e uno gi\u00e0 completato. Per di pi\u00f9, il Comune di Cosenza, colmando le inadempienze dell\u2019amministrazione provinciale, ha permesso anche il salvataggio dell&#8217;intervento Unical, concedendo <strong>Palazzo Spadafora<\/strong>.<\/p>\n<h3>\u201cIl fallimento della Provincia a guida centrodestra\u201d<\/h3>\n<p>\u201cIl Comune di Cosenza guidato dal centrosinistra \u2013 sono sempre le parole di Ciacco -, nella sua qualit\u00e0 di <strong>soggetto attuatore<\/strong>, ha mostrato <strong>grande efficienza<\/strong>. Viceversa, i governi di centrodestra, sulla specifica questione, fino ad oggi hanno clamorosamente fallito. Infatti, <strong>che fine hanno fatto gli interventi in capo all&#8217;Amministrazione provinciale di Cosenza<\/strong>? La Provincia non ha a disposizione una manciata di spiccioli, ma <strong>ha a disposizione 30 milioni di euro ed \u00e8 titolare di 4 interventi:<\/strong> l&#8217;intervento sul Convitto nazionale, l&#8217;intervento sul Conservatorio \u2018Stanislao Giacomantonio\u2019, l&#8217;intervento sulla chiesa di Santa Teresa D&#8217;Avila, l&#8217;intervento sull\u2019istituto Magistrale \u2018Lucrezia della Valle\u2019. Posto che tutti gli interventi dovrebbero terminare a dicembre 2025 e rendicontati nel 2026, come \u00e8 possibile rispettare queste scadenze se, per questi 4 interventi, siamo ancora, come sul dirsi, \u2018a carissimo amico\u2019? E lo stesso dicasi per gli interventi affidati al Segretariato generale del Ministero della Cultura. In definitiva, <strong>il Comune di Cosenza ha impegnato tutti i sui 40 milioni<\/strong>, mentre l\u2019amministrazione provinciale di Cosenza e il Segretariato del MIC non hanno impegnato neppure un centesimo di euro, rimanendo fermi al palo\u201d.<\/p>\n<h3>Elogio al Comune di Cosenza intervenuto su 10 edifici privati<\/h3>\n<p>Giuseppe Ciacco promuove a pieni voti l\u2019azione del Comune: \u201c\u00c8 anche giusto \u2013 dice &#8211; rivendicare con orgoglio l&#8217;<strong>intervento<\/strong> che il Comune di Cosenza ha predisposto <strong>per gli edifici privati a rischio crollo<\/strong>, sui quali ovviamente non si poteva intervenire dall&#8217;interno. Ed allora, attraverso il programma denominato \u2018accessibilit\u00e0\u2019\u00a0si \u00e8 fatta una <strong>scelta rivoluzionaria<\/strong>, mettendo in sicurezza, dall\u2019esterno, 10 edifici, su cui pendevano altrettante ordinanze contingibili ed urgenti. Cosicch\u00e9 si \u00e8 centrato <strong>l&#8217;obiettivo di conseguire l&#8217;accessibilit\u00e0 piena del centro storico,<\/strong> attraverso la riapertura delle strade interdette, appunto, dalla presenza di stabili pericolanti. Riassumendo \u2013 conclude Ciacco -, le opere si stanno tutte realizzando e <strong>chi lavora viene regolarmente retribuito<\/strong>. Anche, da quest&#8217;ultimo punto di vista, pagando per tempo i creditori, stiamo chiudendo un&#8217;altra triste pagine della storia della nostra citt\u00e0\u201d.<\/p>\n","protected":false},"excerpt":{"rendered":"<p>COSENZA &#8211; All\u2019indomani dell\u2019interrogazione a risposta diretta della deputata del M5S Anna Laura Orrico sulla vicenda relativa allo stato di attuazione del CIS &#8211; Centro Storico di Cosenza, interviene anche Giuseppe Ciacco, capogruppo PD al Consiglio provinciale di Cosenza. \u201cIl finanziamento di novanta milioni di euro \u00e8 targato Partito Democratico\u201d, tiene innanzitutto a precisare. La [&hellip;]<\/p>\n","protected":false},"author":88,"featured_media":253759,"comment_status":"closed","ping_status":"closed","sticky":false,"template":"","format":"standard","meta":{"_acf_changed":false,"footnotes":"","jetpack_publicize_message":"","jetpack_publicize_feature_enabled":true,"jetpack_social_post_already_shared":false,"jetpack_social_options":{"image_generator_settings":{"template":"highway","default_image_id":0,"font":"","enabled":false},"version":2}},"categories":[563,42],"tags":[19],"class_list":["post-255063","post","type-post","status-publish","format-standard","has-post-thumbnail","hentry","category-area-urbana","category-cosenza","tag-copertina"],"acf":[],"jetpack_publicize_connections":[],"_links":{"self":[{"href":"https:\/\/quicosenza.it\/news\/wp-json\/wp\/v2\/posts\/255063","targetHints":{"allow":["GET"]}}],"collection":[{"href":"https:\/\/quicosenza.it\/news\/wp-json\/wp\/v2\/posts"}],"about":[{"href":"https:\/\/quicosenza.it\/news\/wp-json\/wp\/v2\/types\/post"}],"author":[{"embeddable":true,"href":"https:\/\/quicosenza.it\/news\/wp-json\/wp\/v2\/users\/88"}],"replies":[{"embeddable":true,"href":"https:\/\/quicosenza.it\/news\/wp-json\/wp\/v2\/comments?post=255063"}],"version-history":[{"count":0,"href":"https:\/\/quicosenza.it\/news\/wp-json\/wp\/v2\/posts\/255063\/revisions"}],"wp:featuredmedia":[{"embeddable":true,"href":"https:\/\/quicosenza.it\/news\/wp-json\/wp\/v2\/media\/253759"}],"wp:attachment":[{"href":"https:\/\/quicosenza.it\/news\/wp-json\/wp\/v2\/media?parent=255063"}],"wp:term":[{"taxonomy":"category","embeddable":true,"href":"https:\/\/quicosenza.it\/news\/wp-json\/wp\/v2\/categories?post=255063"},{"taxonomy":"post_tag","embeddable":true,"href":"https:\/\/quicosenza.it\/news\/wp-json\/wp\/v2\/tags?post=255063"}],"curies":[{"name":"wp","href":"https:\/\/api.w.org\/{rel}","templated":true}]}}