{"id":255075,"date":"2025-03-27T16:39:55","date_gmt":"2025-03-27T15:39:55","guid":{"rendered":"https:\/\/www.quicosenza.it\/news\/?p=255075"},"modified":"2025-03-27T16:39:55","modified_gmt":"2025-03-27T15:39:55","slug":"caso-gentile-antoniozzi-da-m5s-demagogia-replica-baldino-certi-politici-hanno-smesso-di-vergognarsi","status":"publish","type":"post","link":"https:\/\/quicosenza.it\/news\/caso-gentile-antoniozzi-da-m5s-demagogia-replica-baldino-certi-politici-hanno-smesso-di-vergognarsi\/","title":{"rendered":"Caso Gentile, Antoniozzi: \u00abda M5S demagogia\u00bb. Replica Baldino: \u00abcerti politici hanno smesso di vergognarsi\u00bb"},"content":{"rendered":"<p>COSENZA &#8211; Botta e risposta tra il <strong>vicecapogruppo di Fratelli d&#8217;Italia alla Camera\u00a0 Alfredo Antoniozzi e la deputata del Movimento 5 Stelle <b>Vittoria Baldino <\/b><\/strong>dopo che <strong><a href=\"https:\/\/quicosenza.it\/news\/calabria\/seggio-conteso-alla-camera-entra-andrea-gentile-fuori-la-pentastellata-elisa-scutella-una-porcata\" target=\"_blank\" rel=\"noopener\">Andrea Gentile<\/a><\/strong> (FI) \u00e8 entrato in Parlamento<strong> scalzando la pentastellata Elisa Scutell\u00e0<\/strong>, dopo aver fatto ricorso per un seggio conteso a Cosenza. <strong><a href=\"https:\/\/quicosenza.it\/news\/area-urbana\/seggio-a-gentile-conte-e-movimento-5-stelle-il-29-marzo-a-corso-mazzini-alziamo-la-testa\" target=\"_blank\" rel=\"noopener\">&#8216;Alziamo la testa&#8217;<\/a><\/strong> \u00e8 la protesta organizzata dal M5S il 29 marzo su Corso Mazzini dove sar\u00e0 presente anche il leader Giuseppe Conte.<\/p>\n<h3><strong>Antoniozzi: \u00abIl M5S manca di rispetto alle istituzioni\u00bb<\/strong><\/h3>\n<p>\u00abIn questi mesi abbiamo deciso di tenere un profilo basso sull&#8217;argomento per doveroso riguardo verso le Istituzioni, ma adesso non possiamo pi\u00f9 tacere di fronte alla palese e <strong>censurabile mancanza di rispetto verso l&#8217;operato di Organismi Democratici Parlamentari,<\/strong> ma anche in relazione alla violenza delle parole, scaturita da una campagna stampa e social media, basata su mere congetture, che non rende onore al lavoro di tutti i gruppi parlamentari\u00bb.<\/p>\n<p>Lo afferma il <strong>vicecapogruppo di Fratelli d&#8217;Italia alla Camera On. Alfredo Antoniozzi<\/strong> in riferimento alle polemiche sollevate contro il parlamentare di Forza Italia On. Andrea Gentile all&#8217;indomani dell&#8217;accoglimento del suo ricorso elettorale che lo ha riportato tra i banchi di Palazzo Montecitorio. \u00abTutto ci\u00f2 \u00e8 assurdo. L&#8217;On. Gentile ha avuto ragione in tutte le fasi previste dalla legge: presso il Comitato di Verifica, in seno alla Giunta delle Elezioni e infine in Parlamento, dove, a larga maggioranza, \u00e8 stata votata e convalidata la sua elezione.<\/p>\n<p>All&#8217;esito del democratico esercizio degli Organi Costituzionali \u00e8 stata dunque riconosciuta e ripristinata la volont\u00e0 popolare. Siamo in democrazia. Questo responso \u00e8 sacrosanto. Tutto il resto \u00e8 polemica, mancanza di rispetto, sospetto strumentale, veleni, diffamazione. Grave \u00e8, peraltro, che a seminare odio e aizzare le folle \u00e8 chi dovrebbe dimostrare senso di responsabilit\u00e0, rendendo onore a quelle Istituzioni che dice di rispettare. La democrazia non \u00e8 questa. E&#8217; altro\u00bb, conclude.<\/p>\n<h3><strong>Baldino: &#8220;Ennesimo insulto all&#8217;intelligenza dei calabresi&#8221;<\/strong><\/h3>\n<p>&#8220;Le parole di Antoniozzi sono l&#8217;ennesimo insulto all&#8217;intelligenza dei calabresi che pensano di poter continuare a manipolare. Parlano di &#8220;profilo basso&#8221;, quando in realt\u00e0 \u00e8 stato solo un disperato tentativo di non attirare l&#8217;attenzione su una vergognosa operazione di Palazzo. Sapevano benissimo che stavano scippando un seggio con giochi di potere, e quindi hanno provato a farlo in silenzio, sperando che nessuno se ne accorgesse. Ora, a danno fatto, non hanno altra scelta che rivendicare, raschiando il barile della vergogna, una decisione che nulla ha a che vedere con la volont\u00e0 popolare, ma che \u00e8 il frutto di manovre interne, giochi di Palazzo, colpi di mano e della solita politica delle dinastie e degli amici degli amici. Parlano di democrazia mentre la calpestano: \u00e8 troppo facile vincere una partita quando si sposta la porta dopo che il pallone non \u00e8 entrato, troppo facile vincere un concorso cambiando il bando dopo che non hai superato le prove.<\/p>\n<p>La verit\u00e0 \u00e8 che hanno regalato un seggio perso all&#8217;ennesimo &#8220;figlio di&#8221;, confermando che per loro la politica \u00e8 prepotenza e che nel Paese che hanno in mente vanno avanti amici, parenti e fedeli, altro che merito e democrazia. \u00c8 proprio vero che certi politici hanno solo smesso di vergognarsi!&#8221;, cos\u00ec la deputata<span class=\"v1Apple-converted-space\">\u00a0<\/span><b>M5S Vittoria Baldino<\/b><span class=\"v1Apple-converted-space\">\u00a0<\/span>replica alle dichiarazioni del deputato di FDI Antoniozzi.<\/p>\n","protected":false},"excerpt":{"rendered":"<p>COSENZA &#8211; Botta e risposta tra il vicecapogruppo di Fratelli d&#8217;Italia alla Camera\u00a0 Alfredo Antoniozzi e la deputata del Movimento 5 Stelle Vittoria Baldino dopo che Andrea Gentile (FI) \u00e8 entrato in Parlamento scalzando la pentastellata Elisa Scutell\u00e0, dopo aver fatto ricorso per un seggio conteso a Cosenza. &#8216;Alziamo la testa&#8217; \u00e8 la protesta organizzata [&hellip;]<\/p>\n","protected":false},"author":58,"featured_media":255078,"comment_status":"closed","ping_status":"closed","sticky":false,"template":"","format":"standard","meta":{"_acf_changed":false,"footnotes":"","jetpack_publicize_message":"","jetpack_publicize_feature_enabled":true,"jetpack_social_post_already_shared":false,"jetpack_social_options":{"image_generator_settings":{"template":"highway","default_image_id":0,"font":"","enabled":false},"version":2}},"categories":[563],"tags":[19],"class_list":["post-255075","post","type-post","status-publish","format-standard","has-post-thumbnail","hentry","category-area-urbana","tag-copertina"],"acf":[],"jetpack_publicize_connections":[],"_links":{"self":[{"href":"https:\/\/quicosenza.it\/news\/wp-json\/wp\/v2\/posts\/255075","targetHints":{"allow":["GET"]}}],"collection":[{"href":"https:\/\/quicosenza.it\/news\/wp-json\/wp\/v2\/posts"}],"about":[{"href":"https:\/\/quicosenza.it\/news\/wp-json\/wp\/v2\/types\/post"}],"author":[{"embeddable":true,"href":"https:\/\/quicosenza.it\/news\/wp-json\/wp\/v2\/users\/58"}],"replies":[{"embeddable":true,"href":"https:\/\/quicosenza.it\/news\/wp-json\/wp\/v2\/comments?post=255075"}],"version-history":[{"count":0,"href":"https:\/\/quicosenza.it\/news\/wp-json\/wp\/v2\/posts\/255075\/revisions"}],"wp:featuredmedia":[{"embeddable":true,"href":"https:\/\/quicosenza.it\/news\/wp-json\/wp\/v2\/media\/255078"}],"wp:attachment":[{"href":"https:\/\/quicosenza.it\/news\/wp-json\/wp\/v2\/media?parent=255075"}],"wp:term":[{"taxonomy":"category","embeddable":true,"href":"https:\/\/quicosenza.it\/news\/wp-json\/wp\/v2\/categories?post=255075"},{"taxonomy":"post_tag","embeddable":true,"href":"https:\/\/quicosenza.it\/news\/wp-json\/wp\/v2\/tags?post=255075"}],"curies":[{"name":"wp","href":"https:\/\/api.w.org\/{rel}","templated":true}]}}