{"id":255086,"date":"2025-03-27T17:56:37","date_gmt":"2025-03-27T16:56:37","guid":{"rendered":"https:\/\/www.quicosenza.it\/news\/?p=255086"},"modified":"2025-03-27T17:56:37","modified_gmt":"2025-03-27T16:56:37","slug":"lavoro-in-calabria-con-il-progetto-mirai-i-centri-per-limpiego-entrano-nelle-scuole","status":"publish","type":"post","link":"https:\/\/quicosenza.it\/news\/lavoro-in-calabria-con-il-progetto-mirai-i-centri-per-limpiego-entrano-nelle-scuole\/","title":{"rendered":"Lavoro in Calabria: con il progetto MIRAI i Centri per l&#8217;Impiego entrano nelle scuole"},"content":{"rendered":"<p>CATANZARO &#8211; Presentato oggi in Cittadella <strong>\u201cMIRAI \u2013 Insieme creiamo il futuro\u201d,<\/strong> <strong>il progetto del Dipartimento Lavoro della Regione Calabria che punta sui giovani consolidando la presenza dei Centri per l\u2019impiego all\u2019interno delle scuole<\/strong>, sempre pi\u00f9 coinvolti attivamente nel territorio, attraverso un percorso articolato e strutturato.<\/p>\n<p>Sono intervenuti all\u2019iniziativa l\u2019assessore regionale al lavoro e alla Formazione professionale, Giovanni Calabrese, il dirigente generale del Dipartimento, Fortunato Varone, e il dirigente del settore per il coordinamento dei Centri per l\u2019impiego, Sergio Tassone. Erano presenti anche i responsabili dei Centri per l\u2019impiego, i referenti del progetto e i docenti delle scuole coinvolte.<\/p>\n<h3><strong>Mirai, in giapponese &#8216;futuro&#8217;<\/strong><\/h3>\n<p>\u201cMIRAI \u2013 ha affermato l\u2019assessore Calabrese \u2013 vuol dire in giapponese \u201cfuturo\u201d e viene utilizzato per augurare una vita ricca di opportunit\u00e0 e successi. \u00c8 quello che ogni genitore spera per il proprio figlio. \u00c8 quanto il Dipartimento Lavoro della Regione Calabria auspica per i giovani calabresi e sono contento di quanto si sta realizzando. Stiamo dimostrando che con l\u2019impegno, la seriet\u00e0 e il lavoro si pu\u00f2 dare una concreta prospettiva ai giovani, che \u00e8 il nostro obiettivo principale. \u2018MIRAI-Insieme creiamo il futuro\u2019 \u2013 ha sottolineato \u2013 va proprio in questa direzione. Inoltre, tra i risultati fondamentali di questo nuovo corso dell\u2019Amministrazione regionale dobbiamo considerare il <strong>potenziamento dei Centri per l\u2019impiego<\/strong> che hanno cambiato volto, diventando strategici nelle politiche attive del lavoro: l\u2019abbattimento del tasso di disoccupazione; le sinergie create con il mondo delle imprese per arrivare alla narrazione di una Calabria diversa, terra di enormi potenzialit\u00e0, non pi\u00f9 ripiegata su s\u00e9 stessa\u201d.<\/p>\n<h3><strong>Lavoro, quasi 10mila ragazzi raggiunti in Calabria<\/strong><\/h3>\n<p>I dettagli del progetto sono stati descritti dal dg Varone, il quale ha specificato che \u201cl\u2019iniziativa si inserisce nelle azioni portate avanti per <strong>colmare il mismatch tra domanda e offerta di lavoro che caratterizza il nostro territori<\/strong>o e si concretizza in un\u2019attivit\u00e0 complessa che prevede\u00a0<strong> attivit\u00e0 di orientamento, laboratori informativi\/formativi, presa in carico e profilazione degli studenti delle ultime due classi degli istituti superiori regionali,<\/strong> con la somministrazione di <strong>una formazione digitale breve, per implementare le loro competenze<\/strong>. Ad oggi \u2013 ha concluso \u2013 sono quasi 10 mila i ragazzi calabresi raggiunti, per <strong>oltre 80 istituti scolastici<\/strong> distribuiti su circa 110 plessi. Prezioso il lavoro che i Centri per l\u2019impiego stanno realizzando, incontrando gli studenti, raccontando le opportunit\u00e0 e i servizi offerti\u201d.<\/p>\n<p>Tassone, ha sottolineato il grande sforzo organizzativo e l\u2019entusiasmo con cui gli operatori si sono avvicinati ai ragazzi, dentro le aule scolastiche, per accompagnarli nella delicata transizione dalla scuola al lavoro.<\/p>\n<p>Numerose le testimonianze fornite dai responsabili dei CPI, dai referenti del progetto e dai docenti, attivamente impegnati nell\u2019attivit\u00e0, che nasce con uno spirito profondamente inclusivo e attento ai bisogni degli alunni, specialmente quelli disabili.<\/p>\n<p>La collaborazione con le scuole \u00e8 partita dal mese di febbraio e si concluder\u00e0 nel mese di maggio 2025. Sono state coinvolte le IV e V classi. Si proseguir\u00e0, poi, anche per l\u2019anno scolastico 2025\/2026.<\/p>\n<p>L\u2019obiettivo \u00e8 metter in campo delle azioni orientative, rispettando quelli che sono anche gli orientamenti del MIM-Ministero dell\u2019Istruzione e del Merito che, nelle \u201cLinee guida nazionali per l\u2019orientamento permanente\u201d, considera le attivit\u00e0 orientative non come meramente strumentali alla scelta della scuola superiore o della formazione post-diploma ma come finalizzate ad accompagnare il processo di crescita globale dello studente.<\/p>\n<h3><strong>COME SI ARTICOLA IL PROGETTO<\/strong><\/h3>\n<ul>\n<li><strong>Laboratori di orientamento con il CPI<\/strong>. \u00c8 il momento di conoscenza con i ragazzi. I CPI entrano nella scuola e fanno conoscere la loro realt\u00e0, i servizi di cui si occupano e che possono essere erogati a chi \u00e8 in cerca di lavoro. Si fanno conoscere concetti chiave quali la Dichiarazione di Immediata disponibilit\u00e0 al lavoro, C2 storico, Programmi nazionali e regionali per l\u2019inserimento lavorativo, autoimpiego, competenze tecniche e trasversali, curriculum vitae, etc\u2026<\/li>\n<\/ul>\n<p>Particolare attenzione \u00e8 dedicata agli studenti con disabilit\u00e0, per comprendere le loro abilit\u00e0 e peculiarit\u00e0 e agevolare il loro ingresso nel mondo del lavoro.<\/p>\n<ul>\n<li><strong>Corsi di formazione breve, gratuiti, in materia digitale.<\/strong><\/li>\n<li><strong>Presenza di uno sportello Cpi nella scuola<\/strong>. La presenza nella scuola consentir\u00e0 al ragazzo di essere preso in carico dal Centro per l\u2019Impiego (nella maggior parte dei casi per i ragazzi si tratta della prima iscrizione al CPI), di ricevere informazioni pi\u00f9 approfondite su argomenti specifici verso cui avr\u00e0 interesse, di consultare offerte di lavoro attive ed eventualmente preparare un cv o una lettera di presentazione per una futura candidatura.<\/li>\n<li><strong>Incontri con i referenti di Unindustria<\/strong>, con la quale \u00e8 stata firmata una convenzione, per far conoscere da vicino il mondo delle imprese.<\/li>\n<li><strong>I giovani si raccontano.<\/strong> Gli studenti potranno raccontare (<strong>attraverso un testo o un video<\/strong>) la propria esperienza vissuta con MIRAI-insieme creiamo il futuro ma anche i propri sogni, aspirazioni, paure ed incertezze. I migliori lavori verranno pubblicati sul portale lavoro.regione.calabria.it e saranno premiati durante gli Stati Generali del Lavoro, alla presenza di rappresentanti del governo nazionale e regionale.<\/li>\n<\/ul>\n<h3>REGOLAMENTO<\/h3>\n<p>Il testo non dovr\u00e0 superare le 3000 battute. Il video non dovr\u00e0 essere pi\u00f9 lungo di 2 minuti. Quanto realizzato dovr\u00e0 essere inviato entro il 30 aprile alla mail\u00a0<a href=\"mailto:comunicazione.dipartimentolavoro@regione.calabria.it\">comunicazione.dipartimentolavoro@regione.calabria.it<\/a><\/p>\n<ul>\n<li>Organizzazione Stati Generali del Lavoro, il 12 maggio, con recruting day dedicati alla selezione di possibili candidati, momenti formativi e di divulgazione.<\/li>\n<\/ul>\n","protected":false},"excerpt":{"rendered":"<p>CATANZARO &#8211; Presentato oggi in Cittadella \u201cMIRAI \u2013 Insieme creiamo il futuro\u201d, il progetto del Dipartimento Lavoro della Regione Calabria che punta sui giovani consolidando la presenza dei Centri per l\u2019impiego all\u2019interno delle scuole, sempre pi\u00f9 coinvolti attivamente nel territorio, attraverso un percorso articolato e strutturato. Sono intervenuti all\u2019iniziativa l\u2019assessore regionale al lavoro e alla [&hellip;]<\/p>\n","protected":false},"author":58,"featured_media":255088,"comment_status":"closed","ping_status":"closed","sticky":false,"template":"","format":"standard","meta":{"_acf_changed":false,"footnotes":"","jetpack_publicize_message":"","jetpack_publicize_feature_enabled":true,"jetpack_social_post_already_shared":false,"jetpack_social_options":{"image_generator_settings":{"template":"highway","default_image_id":0,"font":"","enabled":false},"version":2}},"categories":[17],"tags":[19],"class_list":["post-255086","post","type-post","status-publish","format-standard","has-post-thumbnail","hentry","category-calabria","tag-copertina"],"acf":[],"jetpack_publicize_connections":[],"_links":{"self":[{"href":"https:\/\/quicosenza.it\/news\/wp-json\/wp\/v2\/posts\/255086","targetHints":{"allow":["GET"]}}],"collection":[{"href":"https:\/\/quicosenza.it\/news\/wp-json\/wp\/v2\/posts"}],"about":[{"href":"https:\/\/quicosenza.it\/news\/wp-json\/wp\/v2\/types\/post"}],"author":[{"embeddable":true,"href":"https:\/\/quicosenza.it\/news\/wp-json\/wp\/v2\/users\/58"}],"replies":[{"embeddable":true,"href":"https:\/\/quicosenza.it\/news\/wp-json\/wp\/v2\/comments?post=255086"}],"version-history":[{"count":0,"href":"https:\/\/quicosenza.it\/news\/wp-json\/wp\/v2\/posts\/255086\/revisions"}],"wp:featuredmedia":[{"embeddable":true,"href":"https:\/\/quicosenza.it\/news\/wp-json\/wp\/v2\/media\/255088"}],"wp:attachment":[{"href":"https:\/\/quicosenza.it\/news\/wp-json\/wp\/v2\/media?parent=255086"}],"wp:term":[{"taxonomy":"category","embeddable":true,"href":"https:\/\/quicosenza.it\/news\/wp-json\/wp\/v2\/categories?post=255086"},{"taxonomy":"post_tag","embeddable":true,"href":"https:\/\/quicosenza.it\/news\/wp-json\/wp\/v2\/tags?post=255086"}],"curies":[{"name":"wp","href":"https:\/\/api.w.org\/{rel}","templated":true}]}}