{"id":255172,"date":"2025-03-28T15:30:19","date_gmt":"2025-03-28T14:30:19","guid":{"rendered":"https:\/\/www.quicosenza.it\/news\/?p=255172"},"modified":"2025-03-28T15:33:24","modified_gmt":"2025-03-28T14:33:24","slug":"la-regione-calabria-punta-sulla-trasparenza-amministrativa-per-una-pa-piu-efficiente","status":"publish","type":"post","link":"https:\/\/quicosenza.it\/news\/la-regione-calabria-punta-sulla-trasparenza-amministrativa-per-una-pa-piu-efficiente\/","title":{"rendered":"La Regione Calabria punta sulla trasparenza amministrativa per una PA pi\u00f9 efficiente"},"content":{"rendered":"<p>CATANZARO &#8211; Si \u00e8 parlato degli <strong>obblighi e delle opportunit\u00e0 di miglioramento per l\u2019organizzazione della Pubblica amministrazione nella Giornata sulla trasparenza amministrativa della Regione Calabria<\/strong>, organizzata a cura del responsabile regionale della prevenzione della corruzione e trasparenza, aperta a tutti i dipendenti regionali, che si \u00e8 svolta alla Cittadella regionale a Catanzaro.<\/p>\n<p>\u201c\u00c8 un giorno molto importante in cui parleremo del Palazzo di Vetro che \u00e8 questa nostra sede regionale\u201d.<\/p>\n<p>Queste le parole espresse dall\u2019assessore allo Sviluppo economico della Regione Calabria, Rosario Var\u00ec, nella sua introduzione alla Giornata sulla trasparenza amministrativa, dopo aver rivolto i saluti ai relatori e hai dipendenti regionali presenti anche da parte del presidente della Regione, Roberto Occhiuto, e del vicepresidente e assessore al ramo, Filippo Pietropaolo\u201d.<\/p>\n<p>\u201cQuella di oggi \u2013 ha sottolineato Var\u00ec \u2013 \u00e8 una giornata per rimarcare l\u2019impegno della Regione alla trasparenza amministrativa che deve essere non un obbligo ma un\u2019opportunit\u00e0, perch\u00e8 rappresenta uno degli strumenti pi\u00f9 potenti che abbiamo a disposizione per migliorare l\u2019efficienza della pubblica amministrazione. La <strong>trasparenza determina efficienza, innovazione e, soprattutto, la fiducia verso le istituzioni pubbliche da parte dei cittadini<\/strong>. Ovviamente ci sono dei limiti che bisogna rispettare coma la tutela della privacy e, anche se non riguarda in maniera esclusiva il governo regionale, la sicurezza nazionale\u201d.<\/p>\n<p>Il nostro obiettivo \u2013 ha concluso Var\u00ec \u2013 \u00e8 quello di <strong>rendere la Regione Calabria un modello di riferimento in tema di trasparenza e innovazione amministrativa,<\/strong> dimostrando che una pubblica amministrazione pi\u00f9 aperta e accessibile \u00e8 possibile e porta benefici concreti a tutta la comunit\u00e0, a tutti i cittadini che potranno anche verificare come vengono spesi i loro soldi e le risorse che abbiamo a disposizione ed essere pi\u00f9 vicini alla politica e alla pubblica amministrazione\u201d.<\/p>\n<p>I lavori dell\u2019iniziativa sono stati avviati dal responsabile della prevenzione, della corruzione e della trasparenza, Roberto Cosentino, e dalla responsabile della protezione dati, della Regione Calabria, Angela Stellato.<\/p>\n<p>\u201cLa giornata della trasparenza della Regione Calabria \u2013 ha affermato Cosentino \u2013 \u00e8 dedicata alla nostra amministrazione e anche ai cittadini che ci guardano e che hanno l\u2019attesa di ricevere servizi all\u2019altezza. L\u2019impalcatura normativa, che ha a che fare con la prevenzione della corruzione e la trasparenza e la protezione dei dati personali, \u00e8 un obbligo a cui tutte le pubbliche amministrazioni devono adempiere. Pertanto, la finalit\u00e0 di questa giornata, e del modello che stiamo cercando di costruire, \u00e8 di far s\u00ec che queste azioni diventino degli strumenti perch\u00e9 la nostra amministrazione regionale funzioni meglio, l\u2019organizzazione sia efficiente e perch\u00e9 i cittadini abbiano rispetto e attenzione da parte nostra che, tutti i giorni, lavoriamo per migliorare il funzionamento della macchina amministrativa, portando efficienza, innovazione e fiducia\u201d.<\/p>\n<p>\u201cLa Cittadella deve essere una casa di vetro \u2013 ha specificato inoltre il responsabile regionale Cosentino \u2013 e i cittadini devono sapere quello che facciamo. La nostra autorevolezza si fonda anche su questo. La burocrazia deve essere capace di dare attuazione agli indirizzi della politica e la politica dovr\u00e0 avere e ha attenzione per la separazione anche dei ruoli e dei compiti fra burocrazia e politica. E noi siamo tutti impegnati perch\u00e9 la nostra quotidianit\u00e0 sia sempre pi\u00f9 legata a far arrivare il prodotto anche delle nostre azioni nelle case dei cittadini calabresi\u201d.<\/p>\n<p>Angela Stellato ha spiegato che \u201cLa giornata della trasparenza di Regione Calabria quest\u2019anno ha voluto sovvertire la consueta visione che abbiamo di questi momenti, riportando al centro il tema dell\u2019organizzazione pubblica nel suo complesso, per ristabilire anche un maggiore senso d\u2019appartenenza che noi operatori dobbiamo avere. Si tratta sicuramente di un approccio diverso che render\u00e0 pi\u00f9 funzionale l\u2019amministrazione pubblica nel complesso. Oggi abbiamo relatori di eccezione che dimostreranno proprio come sia possibile cambiare un approccio da mero rendimento ad opportunit\u00e0 per migliorare l\u2019organizzazione nel suo complesso. In particolare dobbiamo rivolgere un particolarmente ringraziamento al dottor Agostino Ghiglia, componente del Garante per la protezione dei dati personali, che \u00e8 gi\u00e0 la seconda volta che torna in Calabria, e che ci dimostrer\u00e0 come sia possibile garantire la trasparenza senza dimenticare la protezione dati in una Regione come la nostra che si sta impegnando molto affinch\u00e9, nello svolgimento dei propri compiti istituzionali, sia sempre garantito la tutela della riservatezza e dei dati personali\u201d.<\/p>\n<p>\u201cCome si garantisce il bilanciamento tra le esigenze di tutela della privacy e trasparenza amministrativa? \u00c8 una cosa \u2013 ha risposto Ghiglia \u2013 che pu\u00f2 sembrare difficile ma in realt\u00e0 \u00e8 fondamentale perch\u00e9 se la pubblica amministrazione deve essere la casa di tutti deve essere trasparente per assicurare a tutti i cittadini che ne hanno un diritto di ottenere dalla pubblica amministrazione qualsivoglia tipo di documentazione o di informazione. Nello stesso tempo, \u00e8 altrettanto doveroso tutelare il cittadino con la sua umanit\u00e0, la sua segretezza, la sua riservatezza. Pertanto \u2013 ha ribadito \u2013 questo bilanciamento \u00e8 davvero molto importante. Ci sono delle leggi che lo determinano ma poi sta, ovviamente, anche al buonsenso e alla responsabilit\u00e0 delle varie amministrazioni far s\u00ec che questi due diritti vengano adeguatamente bilanciati\u201d.<\/p>\n<p>Nel merito degli strumenti per garantire tutto ci\u00f2, Ghiglia ha spiegato che \u00e8 necessario, da una parte, <strong>applicare il regolamento generale europeo per la protezione dei dati personali di ogni cittadino e, dall\u2019altra, garantire la trasparenza amministrativa anche attraverso i siti web<\/strong> a cui l\u2019utenza possa facilmente accedere a tutte le informazioni di cui necessita per poter far valere i propri diritti.<\/p>\n<p>All\u2019incontro hanno, tra gli altri, dato, il proprio contributo sul tema: Marzia Ventura, professoressa associata di organizzazione aziendale presso l\u2019Universit\u00e0 Magna Gr\u00e6cia di Catanzaro; Gianni Montesarchio, professore ordinario di psicologia dinamica presso l\u2019Universit\u00e0 Sapienza di Roma; Mario Caligiuri, professore ordinario di pedagogia della comunicazione presso l\u2019Universit\u00e0 della Calabria, presidente e membro del consiglio direttivo della Societ\u00e0 Italiana di Intelligence; Lino Polimeni, autore, produttore e conduttore televisivo.<\/p>\n<p>Da parte di tutti la consapevolezza che la trasparenza amministrativa \u00e8 ormai considerata non pi\u00f9 solo come un obbligo normativo, al contrario, se ben implementata, in sinergia alla protezione dei dati personali, pu\u00f2 diventare un valore strategico per migliorare il funzionamento della Pubblica amministrazione, portando efficienza, innovazione e fiducia verso tutti i cittadini.<\/p>\n<p>Le aree di miglioramento della trasparenza amministrativa avviate all\u2019interno dell\u2019organizzazione della Regione Calabria riguardano: il miglioramento dell\u2019efficienza e della gestione interna per il contrasto a sprechi e corruzione; l\u2019innovazione e la digitalizzazione con Open data e intelligenza artificiale e l\u2019interoperabilit\u00e0 tra amministrazioni pubbliche; l\u2019aumento della partecipazione e della fiducia da parte dei cittadini anche per migliorare la reputazione dell\u2019ente.<\/p>\n","protected":false},"excerpt":{"rendered":"<p>CATANZARO &#8211; Si \u00e8 parlato degli obblighi e delle opportunit\u00e0 di miglioramento per l\u2019organizzazione della Pubblica amministrazione nella Giornata sulla trasparenza amministrativa della Regione Calabria, organizzata a cura del responsabile regionale della prevenzione della corruzione e trasparenza, aperta a tutti i dipendenti regionali, che si \u00e8 svolta alla Cittadella regionale a Catanzaro. \u201c\u00c8 un giorno [&hellip;]<\/p>\n","protected":false},"author":58,"featured_media":255173,"comment_status":"closed","ping_status":"closed","sticky":false,"template":"","format":"standard","meta":{"_acf_changed":false,"footnotes":"","jetpack_publicize_message":"","jetpack_publicize_feature_enabled":true,"jetpack_social_post_already_shared":false,"jetpack_social_options":{"image_generator_settings":{"template":"highway","default_image_id":0,"font":"","enabled":false},"version":2}},"categories":[17],"tags":[19],"class_list":["post-255172","post","type-post","status-publish","format-standard","has-post-thumbnail","hentry","category-calabria","tag-copertina"],"acf":[],"jetpack_publicize_connections":[],"_links":{"self":[{"href":"https:\/\/quicosenza.it\/news\/wp-json\/wp\/v2\/posts\/255172","targetHints":{"allow":["GET"]}}],"collection":[{"href":"https:\/\/quicosenza.it\/news\/wp-json\/wp\/v2\/posts"}],"about":[{"href":"https:\/\/quicosenza.it\/news\/wp-json\/wp\/v2\/types\/post"}],"author":[{"embeddable":true,"href":"https:\/\/quicosenza.it\/news\/wp-json\/wp\/v2\/users\/58"}],"replies":[{"embeddable":true,"href":"https:\/\/quicosenza.it\/news\/wp-json\/wp\/v2\/comments?post=255172"}],"version-history":[{"count":0,"href":"https:\/\/quicosenza.it\/news\/wp-json\/wp\/v2\/posts\/255172\/revisions"}],"wp:featuredmedia":[{"embeddable":true,"href":"https:\/\/quicosenza.it\/news\/wp-json\/wp\/v2\/media\/255173"}],"wp:attachment":[{"href":"https:\/\/quicosenza.it\/news\/wp-json\/wp\/v2\/media?parent=255172"}],"wp:term":[{"taxonomy":"category","embeddable":true,"href":"https:\/\/quicosenza.it\/news\/wp-json\/wp\/v2\/categories?post=255172"},{"taxonomy":"post_tag","embeddable":true,"href":"https:\/\/quicosenza.it\/news\/wp-json\/wp\/v2\/tags?post=255172"}],"curies":[{"name":"wp","href":"https:\/\/api.w.org\/{rel}","templated":true}]}}