{"id":255183,"date":"2025-03-28T18:10:48","date_gmt":"2025-03-28T17:10:48","guid":{"rendered":"https:\/\/www.quicosenza.it\/news\/?p=255183"},"modified":"2025-03-28T17:35:18","modified_gmt":"2025-03-28T16:35:18","slug":"sciopero-metalmeccanici-una-delegazione-di-lavoratori-calabresi-ricevuta-in-consiglio-regionale","status":"publish","type":"post","link":"https:\/\/quicosenza.it\/news\/sciopero-metalmeccanici-una-delegazione-di-lavoratori-calabresi-ricevuta-in-consiglio-regionale\/","title":{"rendered":"Sciopero metalmeccanici, una delegazione di lavoratori calabresi ricevuta in Consiglio regionale"},"content":{"rendered":"<div class=\"v1elementToProof\">REGGIO CALABRIA &#8211; Questa mattina,<strong> i lavoratori degli stabilimenti della &#8216;Hitachi&#8217; di Reggio Calabria e della &#8216;Baker Hughes&#8217; di Vibo Valentia si sono riuniti davanti Palazzo Campanella,<\/strong> in adesione dello sciopero nazionale relativo al mancato rinnovo del contratto collettivo nazionale del comparto. Una delegazione, guidata dai<strong> rappresentanti sindacali della FIM<\/strong> Giuseppe Grandinetti, della <strong>FIOM<\/strong> Umberto Calabr\u00f2 e della<strong> UIM<\/strong> Antonio Laurendi, \u00e8 stata ricevuta dal Capo di gabinetto della Presidenza del Consiglio regionale Domenico Macr\u00ec e dai consiglieri Giuseppe Gelardi e Giuseppe Mattiani. La delegazione, nel ringraziare i rappresentanti del Consiglio per essere stati ricevuti e per l&#8217;attenzione rivolta alla protesta, ha fatto presente la <strong>crescente preoccupazione<\/strong> dei tantissimi lavoratori calabresi sulla <strong>rottura della trattativa con Federmeccanica e Assistal per il rinnovo del contratto<\/strong> e i conseguenti disagi, soprattutto economici, che si protraggono da mesi.<\/div>\n<div><\/div>\n<div class=\"v1elementToProof\"><strong>Il capo di Gabinetto Domenico Macr\u00ec ha accolto la delegazione<\/strong> ascoltando le istanze delle sigle sindacali. &#8220;Questa \u00e8 la casa di tutti i calabresi \u2013 ha detto tra l&#8217;altro durante l&#8217;incontro -. In questa vostra battaglia non esistono colori politici e il Consiglio regionale non pu\u00f2 che essere al fianco dei lavoratori&#8221;. Il consigliere Giuseppe Gelardi ha sottolineato &#8220;la sensibilit\u00e0 del Consiglio regionale alle proteste del comparto, in questo momento di particolare difficolt\u00e0 economica in Italia. Capiamo le esigenze dei lavoratori e delle tantissime famiglie monoreddito che fanno fatica ad arrivare a fine mese a causa del caro vita&#8221;. \u00c8 apprezzabile \u2013 ha detto invece il consigliere Giuseppe Mattiani \u2013 la pacatezza dei toni della protesta. Da imprenditore capisco le vostre esigenze. Il <strong>Consiglio regionale non \u00e8 sordo davanti alle vostre preoccupazioni ed esprime la sua vicinanza alle poche realt\u00e0 industriali calabresi<\/strong>, sperando che questo possa essere un impulso positivo verso chi deve decidere il futuro dei lavoratori in tutta Italia&#8221;.<\/div>\n","protected":false},"excerpt":{"rendered":"<p>REGGIO CALABRIA &#8211; Questa mattina, i lavoratori degli stabilimenti della &#8216;Hitachi&#8217; di Reggio Calabria e della &#8216;Baker Hughes&#8217; di Vibo Valentia si sono riuniti davanti Palazzo Campanella, in adesione dello sciopero nazionale relativo al mancato rinnovo del contratto collettivo nazionale del comparto. Una delegazione, guidata dai rappresentanti sindacali della FIM Giuseppe Grandinetti, della FIOM Umberto [&hellip;]<\/p>\n","protected":false},"author":58,"featured_media":255185,"comment_status":"closed","ping_status":"closed","sticky":false,"template":"","format":"standard","meta":{"_acf_changed":false,"footnotes":"","jetpack_publicize_message":"","jetpack_publicize_feature_enabled":true,"jetpack_social_post_already_shared":false,"jetpack_social_options":{"image_generator_settings":{"template":"highway","default_image_id":0,"font":"","enabled":false},"version":2}},"categories":[17],"tags":[19],"class_list":["post-255183","post","type-post","status-publish","format-standard","has-post-thumbnail","hentry","category-calabria","tag-copertina"],"acf":[],"jetpack_publicize_connections":[],"_links":{"self":[{"href":"https:\/\/quicosenza.it\/news\/wp-json\/wp\/v2\/posts\/255183","targetHints":{"allow":["GET"]}}],"collection":[{"href":"https:\/\/quicosenza.it\/news\/wp-json\/wp\/v2\/posts"}],"about":[{"href":"https:\/\/quicosenza.it\/news\/wp-json\/wp\/v2\/types\/post"}],"author":[{"embeddable":true,"href":"https:\/\/quicosenza.it\/news\/wp-json\/wp\/v2\/users\/58"}],"replies":[{"embeddable":true,"href":"https:\/\/quicosenza.it\/news\/wp-json\/wp\/v2\/comments?post=255183"}],"version-history":[{"count":0,"href":"https:\/\/quicosenza.it\/news\/wp-json\/wp\/v2\/posts\/255183\/revisions"}],"wp:featuredmedia":[{"embeddable":true,"href":"https:\/\/quicosenza.it\/news\/wp-json\/wp\/v2\/media\/255185"}],"wp:attachment":[{"href":"https:\/\/quicosenza.it\/news\/wp-json\/wp\/v2\/media?parent=255183"}],"wp:term":[{"taxonomy":"category","embeddable":true,"href":"https:\/\/quicosenza.it\/news\/wp-json\/wp\/v2\/categories?post=255183"},{"taxonomy":"post_tag","embeddable":true,"href":"https:\/\/quicosenza.it\/news\/wp-json\/wp\/v2\/tags?post=255183"}],"curies":[{"name":"wp","href":"https:\/\/api.w.org\/{rel}","templated":true}]}}