{"id":255191,"date":"2025-03-28T19:20:29","date_gmt":"2025-03-28T18:20:29","guid":{"rendered":"https:\/\/www.quicosenza.it\/news\/?p=255191"},"modified":"2025-03-28T19:20:29","modified_gmt":"2025-03-28T18:20:29","slug":"caso-gentile-scutella-domani-la-protesta-del-m5s-a-cosenza-ecco-il-programma","status":"publish","type":"post","link":"https:\/\/quicosenza.it\/news\/caso-gentile-scutella-domani-la-protesta-del-m5s-a-cosenza-ecco-il-programma\/","title":{"rendered":"Caso Gentile-Scutell\u00e0, domani la protesta del M5S a Cosenza: ecco il programma"},"content":{"rendered":"<p>COSENZA &#8211; &#8220;Si terr\u00e0 domani <strong>29 Marzo a Cosenza su Corso Mazzini 23<\/strong>9 &#8211; poco prima di piazza Bilotti &#8211; la <strong>manifestazione \u201cAlziamo la testa\u201d<\/strong> (in caso di pioggia la location sar\u00e0 invece l\u2019Auditorium Guarasci in piazza XV Marzo n.1, di fianco Teatro Rendano) o<strong>rganizzata dal Movimento 5 stelle per denunciare la malapolitica calabrese<\/strong> che ha rubato ai propri concittadini il diritto di voto e portato all\u2019esclusione di Elisa Scutell\u00e0 dalla Camera dei deputati&#8221;. Lo scrivono in una nota i pentastellati.<\/p>\n<p>L\u2019evento avr\u00e0 <strong>inizio dalle ore 16:30<\/strong> e vedr\u00e0 la partecipazione di <strong>deputati, senatori, parlamentari europei, consiglieri regionali e amministratori locali del M5s<\/strong> provenienti da tutto il Paese, nonch\u00e9 <strong>Giuseppe Conte<\/strong>. Oltre al tema principale ci sar\u00e0 l\u2019occasione per accendere i fari sulle altre ingiustizie che i calabresi devono subire riguardo la sanit\u00e0, il welfare, l\u2019ambiente, la scuola. A parlarne sono stati invitati esponenti della societ\u00e0 civile, di comitati e associazioni, cittadini.<\/p>\n<p>Si ricorda inoltre che alle ore 16:15 \u2013 in piazza XI Settembre, raduno dei manifestanti &#8211; \u00e8 previsto un \u201cpunto stampa\u201d dove poter incontrare il presidente Conte e gli altri ospiti. In caso di condizioni meteo avverse il \u201cpunto stampa\u201d verr\u00e0 approntato nei pressi dell\u2019Auditorium Guarasci.<\/p>\n<h3><strong>Appendino: &#8220;domani sar\u00f2 a Cosenza contro lo scippo del seggio&#8221;<\/strong><\/h3>\n<p>&#8220;Domani sar\u00f2 a Cosenza insieme a tutta la comunit\u00e0 del Movimento 5 Stelle a manifestare perch\u00e9 la nostra collega Elisa Scutell\u00e0 \u00e8 stata eletta regolarmente e si \u00e8 vista scippare un seggio che \u00e8 stato assegnato a Forza Italia con un meccanismo che \u00e8 una delle cose pi\u00f9 vergognose che abbia mai visto. <strong>Sono intervenuti ex-post cambiando le regole sulle schede nulle e, anche grazie al fatto che una serie di schede bianche sono magicamente diventate voti validi, hanno permesso a Forza Italia di prenderci il seggio.<\/strong> Si tratta di un indecente insulto alla democrazia e a quelle persone che hanno espresso il proprio voto per il Movimento 5 Stelle. Abbiamo battagliato in Parlamento ma purtroppo abbiamo perso questa battaglia perch\u00e9 l&#8217;arroganza di Forza Italia e il sistema clientelare che ben conosciamo hanno prevalso. Noi non molliamo e domani saremo a Cosenza tutti insieme: non gliela possiamo dare vinta perch\u00e8 \u00e8 una questione di legalit\u00e0&#8221;. Lo ha dichiarato la <strong>Vicepresidente del Movimento 5 Stelle Chiara Appendino<\/strong> durante una diretta Facebook.<\/p>\n","protected":false},"excerpt":{"rendered":"<p>COSENZA &#8211; &#8220;Si terr\u00e0 domani 29 Marzo a Cosenza su Corso Mazzini 239 &#8211; poco prima di piazza Bilotti &#8211; la manifestazione \u201cAlziamo la testa\u201d (in caso di pioggia la location sar\u00e0 invece l\u2019Auditorium Guarasci in piazza XV Marzo n.1, di fianco Teatro Rendano) organizzata dal Movimento 5 stelle per denunciare la malapolitica calabrese che [&hellip;]<\/p>\n","protected":false},"author":58,"featured_media":254668,"comment_status":"closed","ping_status":"closed","sticky":false,"template":"","format":"standard","meta":{"_acf_changed":false,"footnotes":"","jetpack_publicize_message":"","jetpack_publicize_feature_enabled":true,"jetpack_social_post_already_shared":false,"jetpack_social_options":{"image_generator_settings":{"template":"highway","default_image_id":0,"font":"","enabled":false},"version":2}},"categories":[563,42],"tags":[19],"class_list":["post-255191","post","type-post","status-publish","format-standard","has-post-thumbnail","hentry","category-area-urbana","category-cosenza","tag-copertina"],"acf":[],"jetpack_publicize_connections":[],"_links":{"self":[{"href":"https:\/\/quicosenza.it\/news\/wp-json\/wp\/v2\/posts\/255191","targetHints":{"allow":["GET"]}}],"collection":[{"href":"https:\/\/quicosenza.it\/news\/wp-json\/wp\/v2\/posts"}],"about":[{"href":"https:\/\/quicosenza.it\/news\/wp-json\/wp\/v2\/types\/post"}],"author":[{"embeddable":true,"href":"https:\/\/quicosenza.it\/news\/wp-json\/wp\/v2\/users\/58"}],"replies":[{"embeddable":true,"href":"https:\/\/quicosenza.it\/news\/wp-json\/wp\/v2\/comments?post=255191"}],"version-history":[{"count":0,"href":"https:\/\/quicosenza.it\/news\/wp-json\/wp\/v2\/posts\/255191\/revisions"}],"wp:featuredmedia":[{"embeddable":true,"href":"https:\/\/quicosenza.it\/news\/wp-json\/wp\/v2\/media\/254668"}],"wp:attachment":[{"href":"https:\/\/quicosenza.it\/news\/wp-json\/wp\/v2\/media?parent=255191"}],"wp:term":[{"taxonomy":"category","embeddable":true,"href":"https:\/\/quicosenza.it\/news\/wp-json\/wp\/v2\/categories?post=255191"},{"taxonomy":"post_tag","embeddable":true,"href":"https:\/\/quicosenza.it\/news\/wp-json\/wp\/v2\/tags?post=255191"}],"curies":[{"name":"wp","href":"https:\/\/api.w.org\/{rel}","templated":true}]}}