{"id":255425,"date":"2025-04-01T15:00:43","date_gmt":"2025-04-01T13:00:43","guid":{"rendered":"https:\/\/www.quicosenza.it\/news\/?p=255425"},"modified":"2025-04-01T15:06:57","modified_gmt":"2025-04-01T13:06:57","slug":"giornata-mondiale-per-la-consapevolezza-sullautismo-a-san-marco-argentano-liniziativa-spesa-serena","status":"publish","type":"post","link":"https:\/\/quicosenza.it\/news\/giornata-mondiale-per-la-consapevolezza-sullautismo-a-san-marco-argentano-liniziativa-spesa-serena\/","title":{"rendered":"Giornata mondiale per la consapevolezza sull&#8217;autismo, a San Marco Argentano l&#8217;iniziativa &#8220;Spesa Serena&#8221;"},"content":{"rendered":"<p>SAN MARCO ARGENTANO (CS) &#8211; In occasione della Giornata Mondiale per la Consapevolezza sull&#8217;Autismo che si celebra <strong>domani, 2 aprile<\/strong>, nasce a San Marco Argentano l&#8217;iniziativa &#8220;<strong>Spesa Serena<\/strong>&#8220;, proposta dal <strong>prof. Antonio Parise<\/strong>, vicepresidente del Consiglio Comunale. L&#8217;obiettivo \u00e8 <strong>rendere i supermercati pi\u00f9 accessibili<\/strong> alle persone con <strong>disturbo dello spettro autistico<\/strong> e ad altre <strong>neurodiversit\u00e0<\/strong>, garantendo un ambiente pi\u00f9 sereno e accogliente.<\/p>\n<p>Le persone con neurodiversit\u00e0 possono essere particolarmente sensibili agli stimoli sensoriali, rendendo difficile la <strong>permanenza in luoghi rumorosi e affollati<\/strong>. Suoni forti, luci intense e spazi caotici possono generare stress, ostacolando attivit\u00e0 quotidiane come la spesa. &#8220;Spesa Serena&#8221; risponde a questa necessit\u00e0 prevedendo una fascia oraria settimanale con misure specifiche: niente musica n\u00e9 annunci, illuminazione pi\u00f9 soffusa e spazi dedicati alla calma.<\/p>\n<p>&#8220;Spesa Serena nasce per rispondere a una necessit\u00e0 concreta, offrendo un&#8217;esperienza di acquisto pi\u00f9 serena e tranquilla per chi ha difficolt\u00e0 a fronteggiare l&#8217;eccesso di stimoli&#8221;, afferma il professor Parise. &#8220;Questa iniziativa non solo <strong>migliora la qualit\u00e0 della vita di molte famiglie,<\/strong> ma promuove anche <strong>l&#8217;inclusione sociale e la sensibilizzazione<\/strong>. I supermercati che decideranno di aderire potranno rafforzare il loro ruolo nella comunit\u00e0 e dimostrare un impegno concreto verso una societ\u00e0 pi\u00f9 attenta alle esigenze di tutti&#8221;.<\/p>\n<p>L&#8217;iniziativa &#8220;Spesa Serena&#8221; non solo facilita la vita quotidiana di molte persone, ma promuove anche la sensibilizzazione sulle esigenze di chi convive con una neurodiversit\u00e0. I supermercati che sceglieranno di partecipare potranno dimostrare un impegno concreto verso una maggiore inclusione sociale. L&#8217;auspicio \u00e8 che questa proposta possa espandersi ad altri <strong>esercizi commerciali<\/strong>, contribuendo a costruire una realt\u00e0 sempre pi\u00f9 attenta alle necessit\u00e0 di tutti.<\/p>\n","protected":false},"excerpt":{"rendered":"<p>SAN MARCO ARGENTANO (CS) &#8211; In occasione della Giornata Mondiale per la Consapevolezza sull&#8217;Autismo che si celebra domani, 2 aprile, nasce a San Marco Argentano l&#8217;iniziativa &#8220;Spesa Serena&#8220;, proposta dal prof. Antonio Parise, vicepresidente del Consiglio Comunale. L&#8217;obiettivo \u00e8 rendere i supermercati pi\u00f9 accessibili alle persone con disturbo dello spettro autistico e ad altre neurodiversit\u00e0, [&hellip;]<\/p>\n","protected":false},"author":42,"featured_media":255426,"comment_status":"closed","ping_status":"closed","sticky":false,"template":"","format":"standard","meta":{"_acf_changed":false,"footnotes":"","jetpack_publicize_message":"","jetpack_publicize_feature_enabled":true,"jetpack_social_post_already_shared":false,"jetpack_social_options":{"image_generator_settings":{"template":"highway","default_image_id":0,"font":"","enabled":false},"version":2}},"categories":[28],"tags":[],"class_list":["post-255425","post","type-post","status-publish","format-standard","has-post-thumbnail","hentry","category-provincia"],"acf":[],"jetpack_publicize_connections":[],"_links":{"self":[{"href":"https:\/\/quicosenza.it\/news\/wp-json\/wp\/v2\/posts\/255425","targetHints":{"allow":["GET"]}}],"collection":[{"href":"https:\/\/quicosenza.it\/news\/wp-json\/wp\/v2\/posts"}],"about":[{"href":"https:\/\/quicosenza.it\/news\/wp-json\/wp\/v2\/types\/post"}],"author":[{"embeddable":true,"href":"https:\/\/quicosenza.it\/news\/wp-json\/wp\/v2\/users\/42"}],"replies":[{"embeddable":true,"href":"https:\/\/quicosenza.it\/news\/wp-json\/wp\/v2\/comments?post=255425"}],"version-history":[{"count":0,"href":"https:\/\/quicosenza.it\/news\/wp-json\/wp\/v2\/posts\/255425\/revisions"}],"wp:featuredmedia":[{"embeddable":true,"href":"https:\/\/quicosenza.it\/news\/wp-json\/wp\/v2\/media\/255426"}],"wp:attachment":[{"href":"https:\/\/quicosenza.it\/news\/wp-json\/wp\/v2\/media?parent=255425"}],"wp:term":[{"taxonomy":"category","embeddable":true,"href":"https:\/\/quicosenza.it\/news\/wp-json\/wp\/v2\/categories?post=255425"},{"taxonomy":"post_tag","embeddable":true,"href":"https:\/\/quicosenza.it\/news\/wp-json\/wp\/v2\/tags?post=255425"}],"curies":[{"name":"wp","href":"https:\/\/api.w.org\/{rel}","templated":true}]}}