{"id":255428,"date":"2025-04-01T13:10:26","date_gmt":"2025-04-01T11:10:26","guid":{"rendered":"https:\/\/www.quicosenza.it\/news\/?p=255428"},"modified":"2025-04-01T13:11:25","modified_gmt":"2025-04-01T11:11:25","slug":"colpito-alla-testa-dal-grosso-tubo-di-plastica-grave-operaio-21enne","status":"publish","type":"post","link":"https:\/\/quicosenza.it\/news\/colpito-alla-testa-dal-grosso-tubo-di-plastica-grave-operaio-21enne\/","title":{"rendered":"Colpito alla testa dal grosso tubo di plastica: grave operaio 21enne"},"content":{"rendered":"<p>CAMPOSANPIERO (PD) &#8211; Un operaio di <strong>21 anni, residente in provincia di Vibo Valentia<\/strong>, \u00e8 rimasto gravemente ferito stamani<strong> in un cantiere edile a Camposampiero<\/strong> nel padovano. Il giovane <strong>\u00e8 stato colpito alla testa da un grosso tubo in plastica<\/strong>. L&#8217;incidente \u00e8 avvenuto intorno alle ore 10.20, <strong>mentre il giovane stava spostando il tubo con un muletto, probabilmente a causa della rottura di una fascetta di contenimento<\/strong>. L&#8217;operaio \u00e8 stato trasportato con l&#8217;elisoccorso in ospedale a Padova, in codice rosso.<\/p>\n<p>\u00abA distanza di pochi giorni si registra un altro grave incidente sul lavoro sempre nel Padovano. <strong>Siamo in apprensione per la salute dell\u2019operaio che ha subito una ferita alla testa e siamo vicini ai suoi familiari<\/strong>.<strong> Viviamo un continuo attacco alla vita anche se il nostro impegno non viene meno sulla prevenzione e sulla formazione. Mi sento di lanciare un appello a tutti i lavoratori<\/strong>: lavorate pi\u00f9 lentamente, fate pi\u00f9 attenzione e, soprattutto, rifiutatevi di lavorare se percepite pericolo per la vostra vita. La Uil \u00e8 al vostro fianco\u00bb. Cos\u00ec il segretario generale della Uil Veneto Roberto Toigo sull&#8217;incidente accaduto in un cantiere edile di Camposampiero.<\/p>\n","protected":false},"excerpt":{"rendered":"<p>CAMPOSANPIERO (PD) &#8211; Un operaio di 21 anni, residente in provincia di Vibo Valentia, \u00e8 rimasto gravemente ferito stamani in un cantiere edile a Camposampiero nel padovano. Il giovane \u00e8 stato colpito alla testa da un grosso tubo in plastica. L&#8217;incidente \u00e8 avvenuto intorno alle ore 10.20, mentre il giovane stava spostando il tubo con [&hellip;]<\/p>\n","protected":false},"author":55,"featured_media":255429,"comment_status":"closed","ping_status":"closed","sticky":false,"template":"","format":"standard","meta":{"_acf_changed":false,"footnotes":"","jetpack_publicize_message":"","jetpack_publicize_feature_enabled":true,"jetpack_social_post_already_shared":false,"jetpack_social_options":{"image_generator_settings":{"template":"highway","default_image_id":0,"font":"","enabled":false},"version":2}},"categories":[17],"tags":[19],"class_list":["post-255428","post","type-post","status-publish","format-standard","has-post-thumbnail","hentry","category-calabria","tag-copertina"],"acf":[],"jetpack_publicize_connections":[],"_links":{"self":[{"href":"https:\/\/quicosenza.it\/news\/wp-json\/wp\/v2\/posts\/255428","targetHints":{"allow":["GET"]}}],"collection":[{"href":"https:\/\/quicosenza.it\/news\/wp-json\/wp\/v2\/posts"}],"about":[{"href":"https:\/\/quicosenza.it\/news\/wp-json\/wp\/v2\/types\/post"}],"author":[{"embeddable":true,"href":"https:\/\/quicosenza.it\/news\/wp-json\/wp\/v2\/users\/55"}],"replies":[{"embeddable":true,"href":"https:\/\/quicosenza.it\/news\/wp-json\/wp\/v2\/comments?post=255428"}],"version-history":[{"count":0,"href":"https:\/\/quicosenza.it\/news\/wp-json\/wp\/v2\/posts\/255428\/revisions"}],"wp:featuredmedia":[{"embeddable":true,"href":"https:\/\/quicosenza.it\/news\/wp-json\/wp\/v2\/media\/255429"}],"wp:attachment":[{"href":"https:\/\/quicosenza.it\/news\/wp-json\/wp\/v2\/media?parent=255428"}],"wp:term":[{"taxonomy":"category","embeddable":true,"href":"https:\/\/quicosenza.it\/news\/wp-json\/wp\/v2\/categories?post=255428"},{"taxonomy":"post_tag","embeddable":true,"href":"https:\/\/quicosenza.it\/news\/wp-json\/wp\/v2\/tags?post=255428"}],"curies":[{"name":"wp","href":"https:\/\/api.w.org\/{rel}","templated":true}]}}