{"id":255430,"date":"2025-04-01T14:24:17","date_gmt":"2025-04-01T12:24:17","guid":{"rendered":"https:\/\/www.quicosenza.it\/news\/?p=255430"},"modified":"2025-04-01T14:26:23","modified_gmt":"2025-04-01T12:26:23","slug":"ndrangheta-in-germania-imprenditori-cariatesi-vessati-obbligati-anche-ad-acquistare-prodotti-calabresi","status":"publish","type":"post","link":"https:\/\/quicosenza.it\/news\/ndrangheta-in-germania-imprenditori-cariatesi-vessati-obbligati-anche-ad-acquistare-prodotti-calabresi\/","title":{"rendered":"&#8216;Ndrangheta in Germania: imprenditori cariatesi vessati, obbligati anche ad acquistare prodotti calabresi"},"content":{"rendered":"<p>CATANZARO &#8211; &#8220;L\u2019operazione eseguita oggi <strong>ci ha consentito di fare luce sulle proiezioni delle cosche di Cir\u00f2 e di Cariati operative in Germania e in particolare a Stoccarda<\/strong>, dove a<strong> fine anni \u201870 arrivarono esponenti della criminalit\u00e0 organizzata per infiltrarsi nel territorio<\/strong> e, questi esponenti, perpetrarono subito un omicidio contro una organizzazione slava. Furono subito arrestati e da l\u00ec part\u00ec la collaborazione di giustizia di uno di questi esponenti del locale Cir\u00f2\u201d. Cos\u00ec il<strong> procuratore capo di Catanzaro, Salvatore Curcio in merito all&#8217;operazione<\/strong> denominata &#8220;<a href=\"https:\/\/quicosenza.it\/news\/calabria\/blitz-contro-la-ndrangheta-tra-italia-e-germania-29-arresti-colpita-una-cosca-del-cosentino\" target=\"_blank\" rel=\"noopener\">\u201cBoreas\u201d<\/a> tra la Calabria e la Germania, che ha portato <strong>all\u2019arresto in totale di 29 soggetti<\/strong>.<\/p>\n<h3>Convolti avvocati e commercialisti<\/h3>\n<p>Ci sono anche <strong>alcuni avvocati e commercialisti tra le venti persone coinvolte in Italia nell&#8217;operazione contro la &#8216;ndrangheta<\/strong> eseguita dalle Polizie italiana e tedesca sotto le direttive delle Procure di Catanzaro e Stoccarda, con l&#8217;esecuzione, complessivamente, di 29 arresti<strong>. I professionisti a carico dei quali sono state eseguite misure cautelari si sarebbero resi responsabili di attivit\u00e0 di supporto in favore di affilati alla &#8216;ndrangheta<\/strong>. Le cosche sulle attivit\u00e0 delle quali l&#8217;operazione ha fatto luce sono, in particolare, quella de<strong>i Greco di Cariati<\/strong> e dei Farao-Marincola di Cir\u00f2 Marina. In pratica<strong> la \u2018ndrina di Cariati esercitava un controllo mafioso <\/strong>nel territorio di Stoccarda, avvalendosi poi dei professionisti per le intestazioni fittizie di beni e il riciclaggio dei proventi delle attivit\u00e0 illecite.<\/p>\n<p>L&#8217;operazione della Polizia ha riguardato diverse province italiane e il <strong>land tedesco del Baden-W\u00fcrttemberg<\/strong>. In particolare la zona di Stoccarda dove questa mattina \u00e8 stata disarticolata un&#8217;associazione di tipo \u2018ndranghetistica, <strong>estorsione, consumata e tentata, trasferimento fraudolento di valori, false dichiarazioni sulla identit\u00e0<\/strong> o su qualit\u00e0 personali proprie o di altri, in concorso, reati tutti con l\u2019aggravante mafiosa.<\/p>\n<h3>L&#8217;imposizione dei prodotti agli imprenditori cariatesi<\/h3>\n<p>Ricostruita in particolare l&#8217;attivit\u00e0 sul territorio di Cariati, dell&#8217;organizzazione capace di condizionare le attivit\u00e0 economiche delle persone offese. In Germania, <strong>la \u2018ndrina cosentina ha operato secondo stretti vincoli territoriali<\/strong> \u2013 similari a quelli adottati in Italia \u2013<strong> e tramite l\u2019utilizzo di metodi violenti finalizzati all\u2019imposizione dei prodotti agli imprenditori italiani cariatesi presenti in territorio tedesco, ai quali \u00e8 stato imposto, anche con danneggiamenti, l\u2019acquisto di derrate di frutta provenienti dalla Calabria<\/strong>. &#8220;la \u2018ndrina di Cariati esercitava la propria operativit\u00e0 in Germania, al punto da vessare anch<strong>e i propri compaesani che avevano l\u00ec attivit\u00e0 economiche perfettamente legali e avvalendosi poi di professionisti per le intestazioni fittizie di beni<\/strong> e il riciclaggio dei proventi delle attivit\u00e0 illecite.<\/p>\n<p>Il procuratore aggiunto Vincenzo Capomolla ha evidenziato che &#8220;non solo estorsione e imposizione dei prodotti, ma non mancavano neanche <strong>danneggiamenti, intimidazioni e i pestaggi <\/strong>con le vittime che, fatta qualche eccezione, <strong>si guardavano bene dal denunciare&#8221;<\/strong>.<\/p>\n","protected":false},"excerpt":{"rendered":"<p>CATANZARO &#8211; &#8220;L\u2019operazione eseguita oggi ci ha consentito di fare luce sulle proiezioni delle cosche di Cir\u00f2 e di Cariati operative in Germania e in particolare a Stoccarda, dove a fine anni \u201870 arrivarono esponenti della criminalit\u00e0 organizzata per infiltrarsi nel territorio e, questi esponenti, perpetrarono subito un omicidio contro una organizzazione slava. Furono subito [&hellip;]<\/p>\n","protected":false},"author":55,"featured_media":255431,"comment_status":"closed","ping_status":"closed","sticky":false,"template":"","format":"standard","meta":{"_acf_changed":false,"footnotes":"","jetpack_publicize_message":"","jetpack_publicize_feature_enabled":true,"jetpack_social_post_already_shared":false,"jetpack_social_options":{"image_generator_settings":{"template":"highway","default_image_id":0,"font":"","enabled":false},"version":2}},"categories":[17],"tags":[19],"class_list":["post-255430","post","type-post","status-publish","format-standard","has-post-thumbnail","hentry","category-calabria","tag-copertina"],"acf":[],"jetpack_publicize_connections":[],"_links":{"self":[{"href":"https:\/\/quicosenza.it\/news\/wp-json\/wp\/v2\/posts\/255430","targetHints":{"allow":["GET"]}}],"collection":[{"href":"https:\/\/quicosenza.it\/news\/wp-json\/wp\/v2\/posts"}],"about":[{"href":"https:\/\/quicosenza.it\/news\/wp-json\/wp\/v2\/types\/post"}],"author":[{"embeddable":true,"href":"https:\/\/quicosenza.it\/news\/wp-json\/wp\/v2\/users\/55"}],"replies":[{"embeddable":true,"href":"https:\/\/quicosenza.it\/news\/wp-json\/wp\/v2\/comments?post=255430"}],"version-history":[{"count":0,"href":"https:\/\/quicosenza.it\/news\/wp-json\/wp\/v2\/posts\/255430\/revisions"}],"wp:featuredmedia":[{"embeddable":true,"href":"https:\/\/quicosenza.it\/news\/wp-json\/wp\/v2\/media\/255431"}],"wp:attachment":[{"href":"https:\/\/quicosenza.it\/news\/wp-json\/wp\/v2\/media?parent=255430"}],"wp:term":[{"taxonomy":"category","embeddable":true,"href":"https:\/\/quicosenza.it\/news\/wp-json\/wp\/v2\/categories?post=255430"},{"taxonomy":"post_tag","embeddable":true,"href":"https:\/\/quicosenza.it\/news\/wp-json\/wp\/v2\/tags?post=255430"}],"curies":[{"name":"wp","href":"https:\/\/api.w.org\/{rel}","templated":true}]}}