{"id":255615,"date":"2025-04-03T14:29:42","date_gmt":"2025-04-03T12:29:42","guid":{"rendered":"https:\/\/www.quicosenza.it\/news\/?p=255615"},"modified":"2025-04-03T14:29:59","modified_gmt":"2025-04-03T12:29:59","slug":"cosenza-domani-al-bernardino-telesio-la-xi-edizione-della-notte-nazionale-del-liceo-classico","status":"publish","type":"post","link":"https:\/\/quicosenza.it\/news\/cosenza-domani-al-bernardino-telesio-la-xi-edizione-della-notte-nazionale-del-liceo-classico\/","title":{"rendered":"Cosenza, domani al &#8220;Bernardino Telesio&#8221; la XI edizione della &#8216;Notte Nazionale del Liceo Classico&#8217;"},"content":{"rendered":"<p>COSENZA &#8211; Torna come ogni anno &#8220;<b>la Notte Nazionale del Liceo Classico&#8221; in contemporanea<\/b>\u00a0<strong>con 357 licei italiani<\/strong>. Nata da un\u2019idea del prof. Rocco Schembra, docente di Latino e Greco presso il Liceo Classico \u201cGulli e Pennisi\u201d di Acireale (CT), la n<a href=\"https:\/\/quicosenza.it\/news\/area-urbana\/stasera-la-x-edizione-della-notte-del-liceo-classico-dalle-1800-nellauditorium-del-b-telesio\" target=\"_blank\" rel=\"noopener\">otte del liceo<\/a> quest\u2019anno si celebrer\u00e0 domani <strong><em>venerd\u00ec 4 Aprile<\/em>, dalle ore 18:00 alle ore 24:00.\u00a0<\/strong>Quest\u2019anno, secondo le indicazioni del coordinamento nazionale, gli studenti dei licei classici sono chiamati <strong>a riflettere sul \u201cnostro mare\u201d e ad allestire performances inerenti ad esso<\/strong>.<\/p>\n<h3>All&#8217;auditorium Guarasci \u201c<em>Voci dal Mediterraneo<\/em>\u201d<\/h3>\n<p>L\u2019evento si snoder\u00e0 in vari momenti, volti a <strong>celebrare il Mediterraneo<\/strong> come luogo fisico tra amenit\u00e0 e contaminazioni, come Crocevia di Cultura e tradizione, come rotta di migrazioni, come eredit\u00e0 culturali sulle sponde della Magna Grecia\u00a0nella letteratura e nell\u2019arte e culminer\u00e0 nell\u2019Auditorium \u201cA. Guarasci\u201d del Liceo Classico \u201cB. Telesio\u201d, con la rappresentazione <strong>\u201c<em>Voci dal Mediterraneo<\/em>\u201d<\/strong>, sotto la direzione artistica di <strong>Antonello Lombardo<\/strong>.<\/p>\n<p>\u201cL\u2019intento- sottolinea la <strong>referente dell\u2019evento nonch\u00e9 vicepreside del liceo, Daniela Filice<\/strong>&#8211; \u00e8 testimoniare la bellezza e la ricchezza dei classici che sono per sempre, sono il <em>ben-essere<\/em> dell\u2019anima, perch\u00e9 la nostra interiorit\u00e0 ha sempre bisogno di cura, ancora di pi\u00f9 quando vacilla insieme ai nostri corpi e a maggior ragione in un mondo globalizzato e ipertecnologico dove \u00e8 fondamentale proteggere la nostra dimensione (che poi vuol dire misura) umana. Sofocle, in quei versi indimenticabili del primo stasimo dell\u2019<a href=\"https:\/\/www.letture.org\/antigone-sofocle\" rel=\"noopener\">Antigone<\/a>, recita: \u201c<em><strong>Al mondo ci sono molte meraviglie, ma nessuna meraviglia \u00e8 pari all\u2019uomo (\u2026) padrone assoluto dei sottili segreti della tecnica, pu\u00f2 fare il male quanto il bene<\/strong>\u201d<\/em>. \u00a0Le sfide del presente- prosegue la Filice- si preparano senza mai trascurare quell\u2019ideale di <em>humanitas <\/em>che oggi come non mai occorre diffondere e difendere per non restare avviluppati nelle maglie di una involuzione intellettuale\u201d.<\/p>\n<p><img loading=\"lazy\" decoding=\"async\" class=\"wp-image-255616 aligncenter\" src=\"https:\/\/quicosenza.it\/news\/wp-content\/uploads\/2025\/04\/Locandina-la-notte-del-liceo-Classico.jpg\" alt=\"Locandina la notte del liceo Classico 2025\" width=\"482\" height=\"727\" title=\"\" srcset=\"https:\/\/quicosenza.it\/news\/wp-content\/uploads\/2025\/04\/Locandina-la-notte-del-liceo-Classico.jpg 676w, https:\/\/quicosenza.it\/news\/wp-content\/uploads\/2025\/04\/Locandina-la-notte-del-liceo-Classico-199x300.jpg 199w, https:\/\/quicosenza.it\/news\/wp-content\/uploads\/2025\/04\/Locandina-la-notte-del-liceo-Classico-278x420.jpg 278w, https:\/\/quicosenza.it\/news\/wp-content\/uploads\/2025\/04\/Locandina-la-notte-del-liceo-Classico-150x226.jpg 150w, https:\/\/quicosenza.it\/news\/wp-content\/uploads\/2025\/04\/Locandina-la-notte-del-liceo-Classico-300x453.jpg 300w\" sizes=\"auto, (max-width: 482px) 100vw, 482px\" \/><\/p>\n<p>Il tema scelto dalla nostra scuola per l\u2019edizione 2025 \u00e8 \u201c<strong><em>Oltre i limiti<\/em> <em>dell\u2019umana Natura. Sfide estreme e senso della misura<\/em>\u201d.<\/strong><\/p>\n<p>\u201cSullo sfondo resta il Mediterraneo-spiega la Prof.ssa Filice in qualit\u00e0 di docente di latino e greco dello storico liceo &#8211; <strong>il mare delle letterature, il mare degli incontri interculturali, il mare dei confronti tra culture, religioni, societ\u00e0 differenti, il luogo dell\u2019avventura e della ricerca, il mare di eroi ammirato dai poeti<\/strong>. \u00c8 il mare di tutti i popoli che si bagnano alle sue acque, il mare che apre all\u2019idea della partenza e dell\u2019avventura, dell\u2019esperienza e della conoscenza. Platone in un famoso passo del <strong><em>Fedone<\/em>,<\/strong> scrive che il Mediterraneo \u00e8 una piccola parte della terra, in cui <em>\u201c<strong>abitiamo come formiche o rane intorno a uno stagno<\/strong>\u201d<\/em>.<\/p>\n<p>Le rane intorno al Mediterraneo, osserva Luciano Canfora, rappresentano il conflitto permanente che si snoda e si sviluppa in quest\u2019area del mondo. Tra i profughi che arrivano dal Mediterraneo vi \u00e8 Enea. Il fondatore di Roma, la culla dell\u2019Occidente, la nostra Capitale, <strong>il centro filosofico e culturale del Mare Nostrum, era un uomo che fuggiva dalla patria, da una citt\u00e0 in guerra, assediata e divorata dalle fiamme degli Achei, in cerca di un destino migliore per i suoi discendenti<\/strong>. Enea, a cui Virgilio affid\u00f2 il compito di essere portatore dei valori fondamentali della nostra civilt\u00e0, in definitiva era un profugo. Enea \u00e8 un tragico simbolo del presente, un uomo che fugge da un passato di distruzione verso un futuro pieno di incertezze. La sua storia \u00e8 simile a quella di tanti uomini-profughi che come lui hanno visto radere al suolo la propria citt\u00e0, vissuto la brutalit\u00e0 della guerra, perso affetti per mare e per terra.<\/p>\n<p>&#8220;La manifestazione, pertanto, &#8211; conclude la vicepreside del Telesio &#8211; fortemente voluta dal Dirigente Scolastico, Ing. Domenico De Luca e dal Comitato organizzatore dell\u2019Evento, vuole significare che ancora oggi ci sono tanti Enea che su zattere, non poi cos\u00ec moderne, solcano il Mediterraneo alla ricerca di una vita migliore.<strong><em> Il Mare Nostrum<\/em> non \u00e8 soltanto inesauribile di vita e di benessere, ma ha anche significato di prigione e di dolore<\/strong>\u201d.<\/p>\n<h3>Il maestro orafo Gerardo Sacco alla Biblioteca Rodot\u00e0<\/h3>\n<p>La Notte del Liceo Classico \u201cB. Telesio\u201d di Cosenza inizier\u00e0 il suo percorso presso la sua <strong>Biblioteca \u201cStefano Rodot\u00e0\u201d<\/strong> con il <strong>Maestro Orafo Gerardo Sacco<\/strong>, che affasciner\u00e0 il pubblico con le sue mirabili creazioni artistiche, espressione e rievocazione della nostra amata Magna Grecia; proseguir\u00e0 il <strong>prof. Emilio Sperone, dell\u2019Universit\u00e0 della Calabria<\/strong>, che con i suoi studi scientifici catturer\u00e0 la nostra attenzione sulle specie animali che stanno migrando nel Mediterraneo a causa dei cambiamenti climatici.<\/p>\n<h3>Concerto di musica elettroacustica \u201cVibrazioni Mediterranee\u201d<\/h3>\n<p>E, sulle terrazze del Telesio, il <strong>concerto di musica elettroacustica \u201cVibrazioni Mediterranee\u201d, a cura della Scuola di Musica Elettronica e Tecnico del Suono del Conservatorio di Musica \u201cS. Giacomantonio\u201d di Cosenza.<\/strong> I suoni e le forme compositive trarranno ispirazione dalle interpretazioni personali del tema del Mediterraneo, dove le sonorit\u00e0 dei canti popolari e degli idiomi si intrecciano con il paesaggio sonoro del mare e dei suoi abitanti.\u00a0Tutta la presentazione della <strong>manifestazione \u00e8 affidata alla voce dei nostri studenti, protagonisti unici e indiscussi, che declameranno, anche in latino e in greco, passi significativi dell\u2019Eneide<\/strong>, per ribadire la concezione tucididea, sempre viva e stimolante, del <em>possesso perenne<\/em>, e affidare alla memoria la forza degli ideali e dei sentimenti, la sete di conoscenza, ieri come oggi. Vi aspettiamo!<\/p>\n<p>&nbsp;<\/p>\n","protected":false},"excerpt":{"rendered":"<p>COSENZA &#8211; Torna come ogni anno &#8220;la Notte Nazionale del Liceo Classico&#8221; in contemporanea\u00a0con 357 licei italiani. Nata da un\u2019idea del prof. Rocco Schembra, docente di Latino e Greco presso il Liceo Classico \u201cGulli e Pennisi\u201d di Acireale (CT), la notte del liceo quest\u2019anno si celebrer\u00e0 domani venerd\u00ec 4 Aprile, dalle ore 18:00 alle ore [&hellip;]<\/p>\n","protected":false},"author":55,"featured_media":255617,"comment_status":"closed","ping_status":"closed","sticky":false,"template":"","format":"standard","meta":{"_acf_changed":false,"footnotes":"","jetpack_publicize_message":"","jetpack_publicize_feature_enabled":true,"jetpack_social_post_already_shared":false,"jetpack_social_options":{"image_generator_settings":{"template":"highway","default_image_id":0,"font":"","enabled":false},"version":2}},"categories":[563,42],"tags":[],"class_list":["post-255615","post","type-post","status-publish","format-standard","has-post-thumbnail","hentry","category-area-urbana","category-cosenza"],"acf":[],"jetpack_publicize_connections":[],"_links":{"self":[{"href":"https:\/\/quicosenza.it\/news\/wp-json\/wp\/v2\/posts\/255615","targetHints":{"allow":["GET"]}}],"collection":[{"href":"https:\/\/quicosenza.it\/news\/wp-json\/wp\/v2\/posts"}],"about":[{"href":"https:\/\/quicosenza.it\/news\/wp-json\/wp\/v2\/types\/post"}],"author":[{"embeddable":true,"href":"https:\/\/quicosenza.it\/news\/wp-json\/wp\/v2\/users\/55"}],"replies":[{"embeddable":true,"href":"https:\/\/quicosenza.it\/news\/wp-json\/wp\/v2\/comments?post=255615"}],"version-history":[{"count":0,"href":"https:\/\/quicosenza.it\/news\/wp-json\/wp\/v2\/posts\/255615\/revisions"}],"wp:featuredmedia":[{"embeddable":true,"href":"https:\/\/quicosenza.it\/news\/wp-json\/wp\/v2\/media\/255617"}],"wp:attachment":[{"href":"https:\/\/quicosenza.it\/news\/wp-json\/wp\/v2\/media?parent=255615"}],"wp:term":[{"taxonomy":"category","embeddable":true,"href":"https:\/\/quicosenza.it\/news\/wp-json\/wp\/v2\/categories?post=255615"},{"taxonomy":"post_tag","embeddable":true,"href":"https:\/\/quicosenza.it\/news\/wp-json\/wp\/v2\/tags?post=255615"}],"curies":[{"name":"wp","href":"https:\/\/api.w.org\/{rel}","templated":true}]}}