{"id":255799,"date":"2025-04-05T10:41:12","date_gmt":"2025-04-05T08:41:12","guid":{"rendered":"https:\/\/www.quicosenza.it\/news\/?p=255799"},"modified":"2025-04-05T12:05:24","modified_gmt":"2025-04-05T10:05:24","slug":"altilia-in-fiamme-otto-mezzi-dellazienda-perrone-srl-unazione-organizzata","status":"publish","type":"post","link":"https:\/\/quicosenza.it\/news\/altilia-in-fiamme-otto-mezzi-dellazienda-perrone-srl-unazione-organizzata\/","title":{"rendered":"Altilia: in fiamme otto mezzi dell&#8217;azienda Perrone Srl, un&#8217;azione organizzata"},"content":{"rendered":"<p>ALTILIA (CS) &#8211; Un grave atto incendiario ha interessato il parco automezzi di propriet\u00e0 dell\u2019azienda <strong>Perrone Srl<\/strong>, leader nella grande distribuzione di prodotti alimentari. L&#8217;incendio nel cuore della notte. Secondo le prime indagini sarebbero state <strong>due persone ad aver agito<\/strong>, con il volto coperto.<\/p>\n<p>Dopo aver <strong>cosparso di liquido infiammabile alcuni mezzi hanno dato fuoco.<\/strong> Otto i <strong>mezzi distrutti, cinque camion e tre rimorchi del valore di circa un milione di euro.<\/strong> Sarebbe stato il custode ad allertare immediatamente i vigili del fuoco che sono intervenuti insieme ai carabinieri. Difficili le operazioni di spegnimento vista la presenza di carburante nei serbatoi dei mezzi.<\/p>\n<h4>La solidariet\u00e0 di Confindustria Cosenza<\/p>\n<p>\u201cEsprimiamo la nostra pi\u00f9 convinta e piena solidariet\u00e0 nei confronti del collega imprenditore Carmelo Perrone che \u00e8 stato vittima, in una delle sue aziende, di un vile attentato\u201d. \u00c8 quanto dichiara in una nota il <strong>Presidente di Confindustria Cosenza, Giovan Battista Perciaccante.<\/strong> \u201cA nome mio e degli industriali che ho l\u2019onore di rappresentare desidero testimoniare solidariet\u00e0 e vicinanza al collega Perrone ed ai suoi collaboratori. Questo spregevole atto colpisce non solo lui, ma l&#8217;intera comunit\u00e0 imprenditoriale che quotidianamente si impegna per contribuire alla crescita economica e sociale del nostro territorio e ripropone in maniera cruda e evidente le problematiche legate alle possibili <strong>pesanti ingerenze<\/strong> esercitate dalla <strong>malavita organizzata<\/strong> nei confronti delle attivit\u00e0 economiche\u201d.<\/h4>\n<p>\u201cIn un momento in cui \u00e8 pi\u00f9 che mai necessario lottare contro ogni forma di criminalit\u00e0 e illegalit\u00e0 \u2013 continua il Presidente di Confindustria Cosenza &#8211; ribadiamo il nostro impegno in direzione dell\u2019affermazione dei principi di legalit\u00e0 e trasparenza continuando nell\u2019opera di denuncia con la certezza della vicinanza dello Stato che con la costante presenza delle forze dell\u2019ordine si pone a presidio di garanzia del territorio per contrastare con efficacia questi incresciosi accadimenti\u201d. \u201c<strong>Occorre reagire con coraggio da parte dell\u2019intera comunit\u00e0<\/strong> e delle forze sane della societ\u00e0 \u2013 conclude il Presidente degli Industriali cosentini Giovan Battista Perciaccante \u2013 senza abbassare la guardia e facendo quadrato intorno a chi \u00e8 stato colpito, alle istituzioni ed alle forze dell\u2019ordine affinch\u00e9 il nostro territorio possa provare a prosperare in un rinnovato clima di sicurezza e solidariet\u00e0\u201d.<\/p>\n","protected":false},"excerpt":{"rendered":"<p>ALTILIA (CS) &#8211; Un grave atto incendiario ha interessato il parco automezzi di propriet\u00e0 dell\u2019azienda Perrone Srl, leader nella grande distribuzione di prodotti alimentari. L&#8217;incendio nel cuore della notte. Secondo le prime indagini sarebbero state due persone ad aver agito, con il volto coperto. Dopo aver cosparso di liquido infiammabile alcuni mezzi hanno dato fuoco. [&hellip;]<\/p>\n","protected":false},"author":42,"featured_media":254586,"comment_status":"closed","ping_status":"closed","sticky":false,"template":"","format":"standard","meta":{"_acf_changed":false,"footnotes":"","jetpack_publicize_message":"","jetpack_publicize_feature_enabled":true,"jetpack_social_post_already_shared":false,"jetpack_social_options":{"image_generator_settings":{"template":"highway","default_image_id":0,"font":"","enabled":false},"version":2}},"categories":[28],"tags":[19],"class_list":["post-255799","post","type-post","status-publish","format-standard","has-post-thumbnail","hentry","category-provincia","tag-copertina"],"acf":[],"jetpack_publicize_connections":[],"_links":{"self":[{"href":"https:\/\/quicosenza.it\/news\/wp-json\/wp\/v2\/posts\/255799","targetHints":{"allow":["GET"]}}],"collection":[{"href":"https:\/\/quicosenza.it\/news\/wp-json\/wp\/v2\/posts"}],"about":[{"href":"https:\/\/quicosenza.it\/news\/wp-json\/wp\/v2\/types\/post"}],"author":[{"embeddable":true,"href":"https:\/\/quicosenza.it\/news\/wp-json\/wp\/v2\/users\/42"}],"replies":[{"embeddable":true,"href":"https:\/\/quicosenza.it\/news\/wp-json\/wp\/v2\/comments?post=255799"}],"version-history":[{"count":0,"href":"https:\/\/quicosenza.it\/news\/wp-json\/wp\/v2\/posts\/255799\/revisions"}],"wp:featuredmedia":[{"embeddable":true,"href":"https:\/\/quicosenza.it\/news\/wp-json\/wp\/v2\/media\/254586"}],"wp:attachment":[{"href":"https:\/\/quicosenza.it\/news\/wp-json\/wp\/v2\/media?parent=255799"}],"wp:term":[{"taxonomy":"category","embeddable":true,"href":"https:\/\/quicosenza.it\/news\/wp-json\/wp\/v2\/categories?post=255799"},{"taxonomy":"post_tag","embeddable":true,"href":"https:\/\/quicosenza.it\/news\/wp-json\/wp\/v2\/tags?post=255799"}],"curies":[{"name":"wp","href":"https:\/\/api.w.org\/{rel}","templated":true}]}}