{"id":256125,"date":"2025-04-10T10:08:22","date_gmt":"2025-04-10T08:08:22","guid":{"rendered":"https:\/\/www.quicosenza.it\/news\/?p=256125"},"modified":"2025-04-10T10:36:36","modified_gmt":"2025-04-10T08:36:36","slug":"aumentano-i-casi-di-morbillo-anche-a-cosenza-colpiti-giovani-tra-15-e-45-anni-anche-con-complicanze","status":"publish","type":"post","link":"https:\/\/quicosenza.it\/news\/aumentano-i-casi-di-morbillo-anche-a-cosenza-colpiti-giovani-tra-15-e-45-anni-anche-con-complicanze\/","title":{"rendered":"Aumentano i casi di morbillo anche a Cosenza. Colpiti giovani tra 15 e 45 anni anche con complicanze"},"content":{"rendered":"<p>COSENZA &#8211; \u00abContinua l&#8217;aumento dei casi di Morbillo in Europa e in Italia. <strong>Anche nell&#8217;Asp di Cosenza si stanno riscontrando cas<\/strong>i, che interessano prevalentemente i giovani tra i 15 ed i 40 anni,<strong> casi che sono anche i pi\u00f9 gravi perch\u00e9 si accompagnano spesso a complicanze<\/strong>\u00bb. \u00c8 quanto ha reso noto con una nota su Facebook <strong>Martino Rizzo, direttore sanitario dell\u2019Asp di Cosenza<\/strong> che spiega \u00ab\u00e8 una malattia provocata da un virus, uno dei pi\u00f9 contagiosi, che si trasmette per via aerea, o attraverso il contatto con secrezioni infette. Il contagio pu\u00f2 avvenire anche prima della manifestazione dei sintomi, fino a 3-4 giorni dopo l&#8217;esantema\u00bb.<\/p>\n<p>\u00abL&#8217; arrossamento compare prima al volto, poi si estende al corpo. <strong>Nel 2024 ci sono stati in Italia pi\u00f9 di 1000 casi, nel 2023 meno di 50. L&#8217;anno 2025 &#8211; evidenzia &#8211; non \u00e8 cominciato bene\u2026<\/strong> Dal 2017 la vaccinazione dei bambini \u00e8 obbligatoria e ci\u00f2 li protegge e li rende meno &#8220;attenzionati. Chi ha avuto il morbillo non lo pu\u00f2 riprendere ed i vaccinati che hanno acquisito immunit\u00e0, non lo possono riprendere. L<strong>e complicanze pi\u00f9 gravi riguardano i giovani adulti e comprendono la polmonite e l&#8217;encefalite<\/strong> (una irritazione dell&#8217;encefalo molto grave). Chi ha avuto contatti con un soggetto che poi ha sviluppato morbillo dovrebbe evitare contatti per 3-4 giorni, almeno con persone fragili. Dopo, o compariranno i sintomi, o non sar\u00e0 stato contagiato.<strong> Per informazioni pi\u00f9 dettagliate ci si pu\u00f2 rivolgere al proprio medico o ai Servizi Vaccinali dell&#8217;Asp<\/strong>\u00bb.<\/p>\n<h3>Morbillo cos&#8217;\u00e8 e come si trasmette<\/h3>\n<p>Il morbillo \u00e8 una <strong>malattia infettiva esantematica acuta causata da un virus a RNA del genere\u00a0<em>Morbillivirus<\/em>\u00a0(famiglia dei\u00a0<em>Paramyxoviridae<\/em>),<\/strong> di cui esiste un unico sierotipo. Il morbillo \u00e8 diffuso in tutto il mondo, e l\u2019uomo \u00e8 l\u2019unico ospite naturale.\u00a0Prima dell\u2019introduzione del vaccino contro il morbillo negli anni 60, e dei programmi estesi di vaccinazione, si verificavano<strong> epidemie all\u2019incirca ogni due o tre anni che, a livello globale, causavano un numero stimato di 2,6 milioni di morti ogni anno<\/strong>. <strong>Grazie alla vaccinazione, si \u00e8 verificata una significativa riduzione dell\u2019incidenza del morbillo nel mondo<\/strong>. Tuttavia, la malattia rimane un\u2019importante causa di morbilit\u00e0 e mortalit\u00e0: si stima che<strong> nel 2022 siano morte di morbillo 136.200 persone<\/strong>, per lo pi\u00f9 bambini di et\u00e0 inferiore ai cinque anni. La maggior parte dei decessi avviene in Paesi sottosviluppati.<\/p>\n<p><img loading=\"lazy\" decoding=\"async\" class=\"wp-image-240260 aligncenter\" src=\"https:\/\/quicosenza.it\/news\/wp-content\/uploads\/2024\/09\/Morbillo-2.jpg\" alt=\"Morbillo 2\" width=\"554\" height=\"369\" title=\"\" srcset=\"https:\/\/quicosenza.it\/news\/wp-content\/uploads\/2024\/09\/Morbillo-2.jpg 970w, https:\/\/quicosenza.it\/news\/wp-content\/uploads\/2024\/09\/Morbillo-2-300x200.jpg 300w, https:\/\/quicosenza.it\/news\/wp-content\/uploads\/2024\/09\/Morbillo-2-768x512.jpg 768w, https:\/\/quicosenza.it\/news\/wp-content\/uploads\/2024\/09\/Morbillo-2-630x420.jpg 630w, https:\/\/quicosenza.it\/news\/wp-content\/uploads\/2024\/09\/Morbillo-2-150x100.jpg 150w, https:\/\/quicosenza.it\/news\/wp-content\/uploads\/2024\/09\/Morbillo-2-696x464.jpg 696w\" sizes=\"auto, (max-width: 554px) 100vw, 554px\" \/><\/p>\n<h3>Trasmissione e sintomi<\/h3>\n<p>Il morbillo <strong>\u00e8 altamente contagioso, con un numero di riproduzione di base tra 12 e 18<\/strong>. <strong>Il 90% delle persone suscettibili esposte a una persona infetta contrae la malattia<\/strong>. Nei Paesi a clima temperato, il picco d\u2019incidenza avviene verso la fine dell\u2019inverno e a primavera. Il contagio avviene tramite le secrezioni nasali e faringee e le goccioline respiratorie che si diffondono nell\u2019aria quando il malato tossisce o starnutisce. Il virus rimane infettivo nell\u2019aria e sulle superfici infette fino a due ore. La contagiosit\u00e0 si protrae da quattro giorni prima a quattro giorni dopo la comparsa dell\u2019eruzione cutanea.<\/p>\n<p>I primi sintomi si presentano <strong>dopo un periodo di incubazione che varia da sette a 18 giorni (in media 10-12 giorni) e sono simili a quelli di un raffreddore<\/strong> (tosse, rinite, congiuntivite), con <strong>malessere e febbre che diventa sempre pi\u00f9 alt<\/strong>a (fino a 39 \u00b0C-40,5 \u00b0C). Dopo un periodo che varia da due a quattro giorni appare<strong> l\u2019eruzione cutanea caratteristica, inizialmente sul volto e sul collo e poi, nell\u2019arco di due o tre giorni, su tutto il resto del corpo<\/strong>. L\u2019esantema dura da tre a sette giorni e poi scompare seguendo l\u2019ordine di insorgenza, talvolta terminando con una leggera desquamazione che pu\u00f2 passare inosservata. La febbre solitamente persiste per due o tre giorni dopo la comparsa dell\u2019esantema e la tosse pu\u00f2 persistere fino a 10 giorni.<\/p>\n","protected":false},"excerpt":{"rendered":"<p>COSENZA &#8211; \u00abContinua l&#8217;aumento dei casi di Morbillo in Europa e in Italia. Anche nell&#8217;Asp di Cosenza si stanno riscontrando casi, che interessano prevalentemente i giovani tra i 15 ed i 40 anni, casi che sono anche i pi\u00f9 gravi perch\u00e9 si accompagnano spesso a complicanze\u00bb. \u00c8 quanto ha reso noto con una nota su [&hellip;]<\/p>\n","protected":false},"author":55,"featured_media":256128,"comment_status":"closed","ping_status":"closed","sticky":false,"template":"","format":"standard","meta":{"_acf_changed":false,"footnotes":"","jetpack_publicize_message":"","jetpack_publicize_feature_enabled":true,"jetpack_social_post_already_shared":false,"jetpack_social_options":{"image_generator_settings":{"template":"highway","default_image_id":0,"font":"","enabled":false},"version":2}},"categories":[563,42],"tags":[19],"class_list":["post-256125","post","type-post","status-publish","format-standard","has-post-thumbnail","hentry","category-area-urbana","category-cosenza","tag-copertina"],"acf":[],"jetpack_publicize_connections":[],"_links":{"self":[{"href":"https:\/\/quicosenza.it\/news\/wp-json\/wp\/v2\/posts\/256125","targetHints":{"allow":["GET"]}}],"collection":[{"href":"https:\/\/quicosenza.it\/news\/wp-json\/wp\/v2\/posts"}],"about":[{"href":"https:\/\/quicosenza.it\/news\/wp-json\/wp\/v2\/types\/post"}],"author":[{"embeddable":true,"href":"https:\/\/quicosenza.it\/news\/wp-json\/wp\/v2\/users\/55"}],"replies":[{"embeddable":true,"href":"https:\/\/quicosenza.it\/news\/wp-json\/wp\/v2\/comments?post=256125"}],"version-history":[{"count":0,"href":"https:\/\/quicosenza.it\/news\/wp-json\/wp\/v2\/posts\/256125\/revisions"}],"wp:featuredmedia":[{"embeddable":true,"href":"https:\/\/quicosenza.it\/news\/wp-json\/wp\/v2\/media\/256128"}],"wp:attachment":[{"href":"https:\/\/quicosenza.it\/news\/wp-json\/wp\/v2\/media?parent=256125"}],"wp:term":[{"taxonomy":"category","embeddable":true,"href":"https:\/\/quicosenza.it\/news\/wp-json\/wp\/v2\/categories?post=256125"},{"taxonomy":"post_tag","embeddable":true,"href":"https:\/\/quicosenza.it\/news\/wp-json\/wp\/v2\/tags?post=256125"}],"curies":[{"name":"wp","href":"https:\/\/api.w.org\/{rel}","templated":true}]}}