{"id":256191,"date":"2025-04-12T08:30:32","date_gmt":"2025-04-12T06:30:32","guid":{"rendered":"https:\/\/www.quicosenza.it\/news\/?p=256191"},"modified":"2025-04-11T17:01:46","modified_gmt":"2025-04-11T15:01:46","slug":"la-morte-di-donato-bergamini-il-21-ottobre-si-apre-il-processo-dappello-a-isabella-interno","status":"publish","type":"post","link":"https:\/\/quicosenza.it\/news\/la-morte-di-donato-bergamini-il-21-ottobre-si-apre-il-processo-dappello-a-isabella-interno\/","title":{"rendered":"La morte di Donato Bergamini: il 21 ottobre si apre il processo d&#8217;appello a Isabella Intern\u00f2"},"content":{"rendered":"<p>COSENZA &#8211; Il 21 ottobre: \u00e8 questa la data che aprir<strong>\u00e0 un nuovo capitolo sulla vicenda giudiziaria che da oltre 35 anni sta cercando di fare luce sulla morte di Donato Bergamini<\/strong>. Un primo punto ferma sulla vicenda l&#8217;hanno messa i giudici della corte d&#8217;Assise di primo grado: quello di Bergamini \u00e8 stato un omicidio. Per questo<strong> hanno condannato l&#8217;ex fidanzata Isabella Intern\u00f2 a 16 anni di carcere accusata di essere la mandante dell&#8217;omicidio del centrocampista rossobl\u00f9<\/strong> avvenuto il18 novembre 1989. Bergamini <strong>fu trovato morto sulla strada statale 106 Jonica nei pressi di Roseto Capo Spulico<\/strong>.<\/p>\n<p>Alla Intern\u00f2 sono state concesse le attenuanti generiche ed <strong>escluse le aggravanti della crudelt\u00e0 e del mezzo venefico<\/strong>.<strong>\u00a0Confermata invece quella della premeditazione<\/strong>. Ma proprio le attenuanti generiche sono state prevalenti sulla contestata aggravante della premeditazione e da qui il mancato ergastolo. L\u2019ex fidanzata di Bergamini \u00e8 stata condannata in primo grado anche al<strong>\u00a0risarcimento delle spese in favore delle parti civili per circa 300mila euro<\/strong>. La Corte ha inoltre condannato Intern\u00f2 all\u2019<strong>interdizione perpetua dai pubblici uffici e dei diritti civili per la durata della pena<\/strong>.<\/p>\n<p><img loading=\"lazy\" decoding=\"async\" class=\"wp-image-222606 aligncenter\" src=\"https:\/\/quicosenza.it\/news\/wp-content\/uploads\/2024\/02\/isabella-interno-oggi.jpg\" alt=\"isabella intern\u00f2 oggi\" width=\"529\" height=\"332\" title=\"\" srcset=\"https:\/\/quicosenza.it\/news\/wp-content\/uploads\/2024\/02\/isabella-interno-oggi.jpg 970w, https:\/\/quicosenza.it\/news\/wp-content\/uploads\/2024\/02\/isabella-interno-oggi-300x188.jpg 300w, https:\/\/quicosenza.it\/news\/wp-content\/uploads\/2024\/02\/isabella-interno-oggi-768x482.jpg 768w, https:\/\/quicosenza.it\/news\/wp-content\/uploads\/2024\/02\/isabella-interno-oggi-150x94.jpg 150w, https:\/\/quicosenza.it\/news\/wp-content\/uploads\/2024\/02\/isabella-interno-oggi-696x437.jpg 696w, https:\/\/quicosenza.it\/news\/wp-content\/uploads\/2024\/02\/isabella-interno-oggi-669x420.jpg 669w\" sizes=\"auto, (max-width: 529px) 100vw, 529px\" \/><\/p>\n<p>La Corte di primo grado ha chiesto inoltre, <strong>la trasmissione degli atti processuali alla Procura della Repubblica<\/strong> affinch\u00e9 proceda per il<strong> reato di falsa testimonianza<\/strong> nei confronti di alcuni familiari della Intern\u00f2. La madre, Concetta Tenuta, la zia, Assunta Trezzi ed i cugini Roberto Intern\u00f2, Dino Pippo Intern\u00f2, Michelina Mazzuca e Luigi D&#8217;Ambrosio. Stessa richiesta \u00e9 stata avanzata nei confronti del camionista Raffaele Pisano, che sarebbe stato a sua volta complice.<\/p>\n<h3>Le motivazioni della Corte D&#8217;Assise<\/h3>\n<p>Nelle motivazioni della sentenza di Primo grado per i giudici Iabella Intern\u00f2 <strong>avrebbe svolto un ruolo attivo nell&#8217;assassinio di Donato Bergamini<\/strong>. Per i giudici il suicidio\u00a0<strong>fu una messinscena<\/strong> e il giocatore ferrarese, hanno stabilito i giudici, fu vittima di un omicidio che la Intern\u00f2, all&#8217;epoca ventenne, avrebbe commesso in concorso con ignoti, \u201ci quali &#8211; si legge nelle motivazioni &#8211; <strong><em>dopo avere narcotizzato Bergamini, o comunque riducendone le capacit\u00e0 di difesa, ne cagionavano la morte, asfissiandolo meccanicamente mediante uno strumento \u201dsoft&#8221; e ponendolo, gi\u00e0 cadavere, sotto il camion condotto da Raffaele Pisano<\/em><\/strong>\u00bb.<\/p>\n<p>Per la Corte, inoltre, quello di Denis Bergamini fu \u00ab<em><strong>un omicidio passionale, realizzato allo scopo di dare una lezione al calciatore<\/strong>.<\/em> L&#8217;<em>azione delittuosa \u00e8 risultata la diretta conseguenza di<strong> una fredda pianificazione di un atteggiamento volitivo scaturente da una volont\u00e0 punitiva nei confronti del ragazzo<\/strong>, da cui l&#8217;imputata non accettava il distacco, considerandolo res di sua propriet\u00e0<\/em>\u00bb. Isabella Intern\u00f2 \u00abha <strong>una personalit\u00e0 incline al delitto<\/strong>: <em>aveva certamente proceduto ad aborto clandestino ed illecito e aveva certamente commesso, in danno della vittima ed\u00a0ha messo in atto ai danni di Bergamini <strong>una condotta oggi ascrivibile al reato di atti persecutori<\/strong>, all&#8217;epoca reato non previsto dal Codice penale. Un personalit\u00e0 formatasi in un c<strong>ontesto familiare deviato da retrogradi principi morali.<\/strong> Ed \u00e8 palese che il contesto di riferimento abbia influito sulla genesi criminogena, caratterizzando le condotte, anche quelle oggi sub iudice, <strong>sotto un&#8217;unica matrice, quella passionale\u00bb<\/strong>. <\/em><\/p>\n<p><em>\u00ab\u00c8 certo\u00a0 &#8211; scrivono ancora i giudici nella sentenza &#8211; che il povero calciatore sapesse di dover regolare i conti con la famiglia Intern\u00f2, pur ignaro delle conseguenze fatali di quell\u2019appuntamento e che non avesse avuto scelta, in quanto, evidentemente, <strong>obbligato a lasciare il cinema per un regolamento di conti o, nella sua ottica, per la risoluzione di un problema urgente\u00bb.<\/strong><\/em><\/p>\n<p><img loading=\"lazy\" decoding=\"async\" class=\"wp-image-240870 aligncenter\" src=\"https:\/\/quicosenza.it\/news\/wp-content\/uploads\/2024\/10\/Bergamini-Donata-e-avvocato-Anselmo.jpg\" alt=\"Bergamini Donata e avvocato Anselmo\" width=\"512\" height=\"321\" title=\"\" srcset=\"https:\/\/quicosenza.it\/news\/wp-content\/uploads\/2024\/10\/Bergamini-Donata-e-avvocato-Anselmo.jpg 970w, https:\/\/quicosenza.it\/news\/wp-content\/uploads\/2024\/10\/Bergamini-Donata-e-avvocato-Anselmo-300x188.jpg 300w, https:\/\/quicosenza.it\/news\/wp-content\/uploads\/2024\/10\/Bergamini-Donata-e-avvocato-Anselmo-768x481.jpg 768w, https:\/\/quicosenza.it\/news\/wp-content\/uploads\/2024\/10\/Bergamini-Donata-e-avvocato-Anselmo-670x420.jpg 670w, https:\/\/quicosenza.it\/news\/wp-content\/uploads\/2024\/10\/Bergamini-Donata-e-avvocato-Anselmo-150x94.jpg 150w, https:\/\/quicosenza.it\/news\/wp-content\/uploads\/2024\/10\/Bergamini-Donata-e-avvocato-Anselmo-696x436.jpg 696w\" sizes=\"auto, (max-width: 512px) 100vw, 512px\" \/><\/p>\n<h3>Il ricorso in Cassazione della procura: pochi 16 anni<\/h3>\n<p>Isabella Intern\u00f2, difesa dagli avvocati Angelo Pugliese, Pasquale Mazzocchi e Rosanna Cribari<strong> si \u00e8 sempre proclamata innocente sostenendo che Denis si fosse suicidato buttandosi sotto il camion<\/strong>. Di diverso avviso <strong>la famiglia Bergamini<\/strong>, assistita dall&#8217;avvocato Fabio Anselmo e\u00a0la <strong>Procura di Castrovillari<\/strong> (sia il Procuratore D&#8217;Alessio che il PM Primicerio)\u00a0che aveva rinviato a giudizio la Intern\u00f2 e che nel processo di primo grado <strong>aveva chiesto per la donna 23 anni di carcere<\/strong>. L\u2019accusa era di omicidio volontario in concorso con ignoti. Una richiesta chiara di condanna, compresa di due aggravanti: <strong>premeditazione e motivi abietti o futili<\/strong>. Per i magistrati c\u2019\u00e8 il movente, ci sono le prove scientifiche e le testimonianze che inchiodano l\u2019imputata alle sue responsabilit\u00e0.\u00a0Procura che ha promosso <strong>un ricorso in Cassazione per chiedere una rideterminazione della pena ritenuta troppo bassa<\/strong> per via delle attenuanti che per la Procura vanno eliminate.<\/p>\n","protected":false},"excerpt":{"rendered":"<p>COSENZA &#8211; Il 21 ottobre: \u00e8 questa la data che aprir\u00e0 un nuovo capitolo sulla vicenda giudiziaria che da oltre 35 anni sta cercando di fare luce sulla morte di Donato Bergamini. Un primo punto ferma sulla vicenda l&#8217;hanno messa i giudici della corte d&#8217;Assise di primo grado: quello di Bergamini \u00e8 stato un omicidio. [&hellip;]<\/p>\n","protected":false},"author":55,"featured_media":240508,"comment_status":"closed","ping_status":"closed","sticky":false,"template":"","format":"standard","meta":{"_acf_changed":false,"footnotes":"","jetpack_publicize_message":"","jetpack_publicize_feature_enabled":true,"jetpack_social_post_already_shared":false,"jetpack_social_options":{"image_generator_settings":{"template":"highway","default_image_id":0,"font":"","enabled":false},"version":2}},"categories":[563,42],"tags":[19],"class_list":["post-256191","post","type-post","status-publish","format-standard","has-post-thumbnail","hentry","category-area-urbana","category-cosenza","tag-copertina"],"acf":[],"jetpack_publicize_connections":[],"_links":{"self":[{"href":"https:\/\/quicosenza.it\/news\/wp-json\/wp\/v2\/posts\/256191","targetHints":{"allow":["GET"]}}],"collection":[{"href":"https:\/\/quicosenza.it\/news\/wp-json\/wp\/v2\/posts"}],"about":[{"href":"https:\/\/quicosenza.it\/news\/wp-json\/wp\/v2\/types\/post"}],"author":[{"embeddable":true,"href":"https:\/\/quicosenza.it\/news\/wp-json\/wp\/v2\/users\/55"}],"replies":[{"embeddable":true,"href":"https:\/\/quicosenza.it\/news\/wp-json\/wp\/v2\/comments?post=256191"}],"version-history":[{"count":0,"href":"https:\/\/quicosenza.it\/news\/wp-json\/wp\/v2\/posts\/256191\/revisions"}],"wp:featuredmedia":[{"embeddable":true,"href":"https:\/\/quicosenza.it\/news\/wp-json\/wp\/v2\/media\/240508"}],"wp:attachment":[{"href":"https:\/\/quicosenza.it\/news\/wp-json\/wp\/v2\/media?parent=256191"}],"wp:term":[{"taxonomy":"category","embeddable":true,"href":"https:\/\/quicosenza.it\/news\/wp-json\/wp\/v2\/categories?post=256191"},{"taxonomy":"post_tag","embeddable":true,"href":"https:\/\/quicosenza.it\/news\/wp-json\/wp\/v2\/tags?post=256191"}],"curies":[{"name":"wp","href":"https:\/\/api.w.org\/{rel}","templated":true}]}}