{"id":256432,"date":"2025-04-13T16:30:11","date_gmt":"2025-04-13T14:30:11","guid":{"rendered":"https:\/\/www.quicosenza.it\/news\/?p=256432"},"modified":"2025-04-13T16:32:14","modified_gmt":"2025-04-13T14:32:14","slug":"stoccata-di-incarnato-a-bilotti-non-sono-capogabinetto-al-comune-di-cosenza-i-candidati-non-si-raccattano","status":"publish","type":"post","link":"https:\/\/quicosenza.it\/news\/stoccata-di-incarnato-a-bilotti-non-sono-capogabinetto-al-comune-di-cosenza-i-candidati-non-si-raccattano\/","title":{"rendered":"Stoccata di Incarnato a Bilotti: &#8220;Non sono capogabinetto al Comune di Cosenza. I candidati non si raccattano&#8221;"},"content":{"rendered":"<p>COSENZA &#8211; \u00abNon sono abituato a rispondere sulla stampa alle <strong>provocazioni, peraltro, gratuite.<\/strong> Non cambier\u00f2 certo abitudini d&#8217;ora in avanti. Certo \u00e8, per\u00f2, che<strong> la giovane et\u00e0 del concorrente candidato sindaco a Rende, Bilotti, e la sua probabile e totale estraneit\u00e0 alla genesi della nota diffusa ieri mi impongono uno sforzo, per cos\u00ec dire, di tipo pedagogico<\/strong>. Se non paternalista del tutto. Della serie, ora e mai pi\u00f9 interverr\u00f2 nei confronti del concorrente <a href=\"https:\/\/quicosenza.it\/news\/area-urbana\/rende-candidato-a-sindaco-giovanni-bilotti-ridare-dignita-e-visione-alla-citta\" target=\"_blank\" rel=\"noopener\">Bilotti<\/a>, ma un paio di cose occorre chiarirle a futura memoria, soprattutto a beneficio dei veri ispiratori della nota diffusa. Malgrado Bilotti&#8230;\u00bb<\/p>\n<p>\u00c8 quanto afferma<strong> il segretario regionale del Psi Luigi Incarnato<\/strong> che replica al giovane candidato al comune di Rende e spiega: \u00ab<strong>non sono capogabinetto del Comune di Cosenza<\/strong>. Tanto per cominciare. <strong>Bilotti probabilmente non lo sa, la nota \u00e8 &#8220;farina&#8221; altrui<\/strong>. Mi preme, per\u00f2, chiarirlo, ripeto, a beneficio di chi legge e dei veri ispiratori della nota firmata dal candidato\u00bb.<\/p>\n<div id=\"attachment_255794\" style=\"width: 410px\" class=\"wp-caption aligncenter\"><img loading=\"lazy\" decoding=\"async\" aria-describedby=\"caption-attachment-255794\" class=\"wp-image-255794\" src=\"https:\/\/quicosenza.it\/news\/wp-content\/uploads\/2025\/04\/giovanni-bilotti.jpg\" alt=\"giovanni bilotti\" width=\"400\" height=\"247\" title=\"\" srcset=\"https:\/\/quicosenza.it\/news\/wp-content\/uploads\/2025\/04\/giovanni-bilotti.jpg 970w, https:\/\/quicosenza.it\/news\/wp-content\/uploads\/2025\/04\/giovanni-bilotti-300x186.jpg 300w, https:\/\/quicosenza.it\/news\/wp-content\/uploads\/2025\/04\/giovanni-bilotti-768x475.jpg 768w, https:\/\/quicosenza.it\/news\/wp-content\/uploads\/2025\/04\/giovanni-bilotti-679x420.jpg 679w, https:\/\/quicosenza.it\/news\/wp-content\/uploads\/2025\/04\/giovanni-bilotti-150x93.jpg 150w, https:\/\/quicosenza.it\/news\/wp-content\/uploads\/2025\/04\/giovanni-bilotti-696x431.jpg 696w, https:\/\/quicosenza.it\/news\/wp-content\/uploads\/2025\/04\/giovanni-bilotti-356x220.jpg 356w\" sizes=\"auto, (max-width: 400px) 100vw, 400px\" \/><p id=\"caption-attachment-255794\" class=\"wp-caption-text\">il candidato a Sindaco di Rende Bilotti<\/p><\/div>\n<p>\u00ab<strong>Non mi sottraggo in ogni caso alla tentata malizia, non andata a segno<\/strong>.<strong> I candidati non si &#8220;raccattano&#8221;<\/strong>. Non potrei farlo io e non potrebbe farlo nessuno per una ragione molto semplice. Non ho con me studi importanti alle spalle, ma <strong>l&#8217;ingegnere Bilotti sa benissimo che raccattare significa raccogliere qualcosa da terra. Una metafora che offende tutti i candidati, non solo i tanti che ambiscono a sostenere Principe e il Psi a Rende.<\/strong> Offende anche i suoi candidati, ovviamente. Noi del resto viviamo in queste ore una dinamica opposta, semmai. Siamo alle prese con un&#8217;analisi e uno sfoltimento delle liste stesse. Sono, infatti, in eccedenza gli aspiranti e non credo che la stessa esperienza entusiasmante la stiano vivendo Bilotti e gli ispiratori della nota. Giungono semmai segnali opposti\u00bb.<\/p>\n<p>\u00ab<strong>Quanto alle pratiche che avrei adoperato pur non essendo capo di gabinetto<\/strong> <strong>mi sottraggo e non cadr\u00f2 mai nella tentazione provocatoria di mettere in piazza operazioni trasversali di mercimonio istituzionale in atto<\/strong>. Non lo far\u00f2 mai perch\u00e9 il mio ruolo \u00e8 politico, faccio politica da tanti anni, concorro per vincere le elezioni nel campo del centrosinistra e ho fatto e far\u00f2 sempre di tutto per tenerlo unito quanto pi\u00f9 possibile. Non smetter\u00f2 mai di lavorare ad unire per vincere e per dare al popolo del centrosinistra una proposta politica seria ed unitaria. <strong>Certo, so bene che c&#8217;\u00e8 una crisi dei gruppi dirigenti, ma la responsabilit\u00e0 \u00e8 quella di lavorare fino all&#8217;ultimo secondo per questo obiettivo. Perch\u00e9 una cosa deve essere chiara<\/strong>\u00bb.<\/p>\n<p>\u00ab<strong>Bilotti \u00e8 attualmente un concorrente. Ma il nostro avversario e nemico politico si chiama Roberto Occhiuto, si chiama centrodestra e nella fattispecie di Rende si chiama Ghionna<\/strong>. Del resto la nostra campagna elettorale a Rende contro il modello Occhiuto sar\u00e0 politicamente concentrata. Dovrebbe essere cos\u00ec anche per la compagine che sorregge Bilotti e siamo certi che \u00e8 cos\u00ec, nonostante una storiografia antica dell&#8217;area urbana di Cosenza racconta da sempre di clamorosi trasversalismi. Ma sono storie vecchie &#8211; conclude Incarnato -. Com&#8217;\u00e8 noto la storia non si ripete mai allo stesso modo. Anche perch\u00e9 non sempre \u00e8 conveniente farla ripetere. <strong>\u00c8 domenica delle Palme e da cattolico colgo l&#8217;occasione per fare gli auguri a Bilotti<\/strong>\u00bb.<\/p>\n","protected":false},"excerpt":{"rendered":"<p>COSENZA &#8211; \u00abNon sono abituato a rispondere sulla stampa alle provocazioni, peraltro, gratuite. Non cambier\u00f2 certo abitudini d&#8217;ora in avanti. Certo \u00e8, per\u00f2, che la giovane et\u00e0 del concorrente candidato sindaco a Rende, Bilotti, e la sua probabile e totale estraneit\u00e0 alla genesi della nota diffusa ieri mi impongono uno sforzo, per cos\u00ec dire, di [&hellip;]<\/p>\n","protected":false},"author":55,"featured_media":256433,"comment_status":"closed","ping_status":"closed","sticky":false,"template":"","format":"standard","meta":{"_acf_changed":false,"footnotes":"","jetpack_publicize_message":"","jetpack_publicize_feature_enabled":true,"jetpack_social_post_already_shared":false,"jetpack_social_options":{"image_generator_settings":{"template":"highway","default_image_id":0,"font":"","enabled":false},"version":2}},"categories":[563,44],"tags":[19],"class_list":["post-256432","post","type-post","status-publish","format-standard","has-post-thumbnail","hentry","category-area-urbana","category-rende","tag-copertina"],"acf":[],"jetpack_publicize_connections":[],"_links":{"self":[{"href":"https:\/\/quicosenza.it\/news\/wp-json\/wp\/v2\/posts\/256432","targetHints":{"allow":["GET"]}}],"collection":[{"href":"https:\/\/quicosenza.it\/news\/wp-json\/wp\/v2\/posts"}],"about":[{"href":"https:\/\/quicosenza.it\/news\/wp-json\/wp\/v2\/types\/post"}],"author":[{"embeddable":true,"href":"https:\/\/quicosenza.it\/news\/wp-json\/wp\/v2\/users\/55"}],"replies":[{"embeddable":true,"href":"https:\/\/quicosenza.it\/news\/wp-json\/wp\/v2\/comments?post=256432"}],"version-history":[{"count":0,"href":"https:\/\/quicosenza.it\/news\/wp-json\/wp\/v2\/posts\/256432\/revisions"}],"wp:featuredmedia":[{"embeddable":true,"href":"https:\/\/quicosenza.it\/news\/wp-json\/wp\/v2\/media\/256433"}],"wp:attachment":[{"href":"https:\/\/quicosenza.it\/news\/wp-json\/wp\/v2\/media?parent=256432"}],"wp:term":[{"taxonomy":"category","embeddable":true,"href":"https:\/\/quicosenza.it\/news\/wp-json\/wp\/v2\/categories?post=256432"},{"taxonomy":"post_tag","embeddable":true,"href":"https:\/\/quicosenza.it\/news\/wp-json\/wp\/v2\/tags?post=256432"}],"curies":[{"name":"wp","href":"https:\/\/api.w.org\/{rel}","templated":true}]}}