{"id":256452,"date":"2025-04-14T11:06:58","date_gmt":"2025-04-14T09:06:58","guid":{"rendered":"https:\/\/www.quicosenza.it\/news\/?p=256452"},"modified":"2025-04-14T11:26:40","modified_gmt":"2025-04-14T09:26:40","slug":"locanto-e-alimena-pd-replicano-alle-accuse-di-bianca-rende-chiediamo-allopposizione-un-confronto-nel-merito","status":"publish","type":"post","link":"https:\/\/quicosenza.it\/news\/locanto-e-alimena-pd-replicano-alle-accuse-di-bianca-rende-chiediamo-allopposizione-un-confronto-nel-merito\/","title":{"rendered":"Locanto e Alimena (PD) replicano alle accuse di Bianca Rende &#8220;chiediamo all&#8217;opposizione un confronto nel merito&#8221;"},"content":{"rendered":"<p>COSENZA &#8211; Non tarda ad arrivare la risposta, firmata del circolo PD di Cosenza, dopo\u00a0 <a href=\"https:\/\/quicosenza.it\/news\/area-urbana\/bianca-rende-il-ravvedimento-del-pd-cosentino-dopo-tre-anni-di-dichiarazioni-alla-volemose-bene\">le dichiarazioni<\/a> dei scorsi giorni da parte di Bianca Rende, dove spronava l&#8217;amministrazione Comunale a dare risposte sul traffico caotico, servizi pubblici e assistenza alla &#8220;volemose bene&#8221;.<\/p>\n<p>Questa mattina, il vice-sindaco Maria Locanto, ed il Consigliere Alimena entrambi esponenti del Partito Democratico cittadino, rispondono a tono chiedendo un confronto nel merito, in particolare a Bianca Rende ed a tutta l&#8217;opposizione, rimarcando il lavoro svolto finora da parte dell&#8217;amministrazione comunale in merito ai temi sopra citati.<\/p>\n<p>&#8220;Sulle posizioni espresse dal circolo PD di Cosenza, ci permettiamo di sollecitare alla collega Bianca Rende un confronto nel merito. <strong>Alle stesse forze di opposizione di evitare di cedere a suggestioni strumentali e distorcenti dichiarano Locanto\/Alimena<\/strong>. \u00c8 bene precisare che il PD non ha inteso affatto manifestare alcuna delusione sull\u2019attivit\u00e0 amministrativa finora svolta. Anzi, al contrario, da tutti gli intervenuti che si sono succeduti nel dibattito assembleare, \u00e8 stato esplicitamente affermato che il governo municipale, guidato da Franz Caruso, <strong>ha gi\u00e0 centrato ampiamente e assai positivamente molti degli obiettivi su cui ha avuto mandato dalla maggioranza degli elettori cosentini&#8221;<\/strong>.<\/p>\n<p>&#8220;Non \u00e8 di poco conto aver avviato un&#8217;opera di salvataggio finanziario delle casse comunali e, al tempo stesso, attuato una intensa politica di investimenti infrastrutturali secondo una visione strategica rivolta a cambiare il destino della citt\u00e0. In tal senso, valgono, al di sopra di tutto, le azioni in atto per la riqualificazione del centro storico e gli interventi di rigenerazione nelle periferie urbane. L&#8217;obiettivo \u00e8 fare del centro storico un luogo sicuro e un attrattivo polo di sviluppo strategico dell&#8217;area urbana e delle periferie non pi\u00fa luoghi abbandonati ma funzionali a processi di cooperazione e collaborazione urbana per una citt\u00e0 policentrica. Per quanto ci riguarda &#8211; continuano Locanto\/Alimena &#8211; come PD, abbiamo inteso esprimere l&#8217;ambizione di programmare, nella parte conclusiva della consiliatura, un\u2019accelerazione per realizzare ulteriori fatti positivi e innovativi rivolti alla crescita della nostra citt\u00e0. Proprio perch\u00e9 riponiamo fiducia e riteniamo credibile l&#8217;esperienza che svolgiamo al governo della citt\u00e0. Pensiamo sia apprezzabile che il PD ponga di fare del secondo tempo della consiliatura un\u2019occasione per affrontare e risolvere anche eventuali criticit\u00e0 emerse nell&#8217;attivit\u00e0 finora svolta&#8221;.<\/p>\n<p>&#8220;<strong>N\u00e9 si pu\u00f2 dire &#8220;meglio tardi che mai&#8221;. Non c&#8217;\u00e8 alcun ripensamento autocritico. \u00c8 vero, invece, che sul traffico urbano e sui servizi al cittadino va svolgendosi da tempo, anche nel dibattito interno al PD, un confronto dialettico tra posizioni diverse<\/strong>. \u00c8 un atto di responsabilit\u00e0 se una forza politica della maggioranza di governo pone oggi il problema di un necessario cambio di passo per politiche rivolte allo snellimento del traffico urbano, ad avere pi\u00fa piste ciclabili, un maggior numero di luoghi di partecipazione e sempre migliore gestione degli spazi culturali e a incentivare il trasporto pubblico locale collettivo o puntare a realizzare, ancor pi\u00fa dopo la irresponsabile scelta della Regione Calabria di non fare costruire la metropolitana leggera, un collegamento rapido e veloce tra la citt\u00e0 e l&#8217;universit\u00e0. Sull\u2019ipotesi di realizzazione del nuovo ospedale, poi, c\u2019\u00e8 un punto dal quale nessuno pu\u00f2 sottrarsi: una grande opera come questa non si potr\u00e0 realizzare senza il consenso del consiglio comunale della citt\u00e0 capoluogo. Anche per quanto riguarda il welfare perch\u00e9 non porsi il tema di come elevare sempre di pi\u00f9 i livelli quantitativi e qualitativi del diritto all\u2019abitare degno, dell\u2019assistenza sociale ai minori, agli anziani, alle persone con disabilit\u00e0? Pu\u00f2 un partito come il PD assumersi la funzione di insistere e incalzare, anche e soprattutto da una funzione di governo, in maniera trasparente e leale, sulla volont\u00e0 di avere una citt\u00e0 sempre pi\u00fa ecologicamente sostenibile, pi\u00fa vivibile, pi\u00fa solidale? N\u00e9 si pu\u00f2 considerare la raccomandazione, che avanzano alcuni, per un PSC in discontinuit\u00e0 con la esperienza di Mario Occhiuto, una critica ostruttiva all&#8217;approvazione del Piano stesso.<\/p>\n<p>Concludono Locanto e Alimena<strong> &#8220;l&#8217;approfondito e costruttivo confronto che si \u00e8 svolto anche nella Commissione consiliare urbanistica non ha mai registrato la volont\u00e0, da parte della attuale maggioranza amministrativa, di voler pervenire ad uno strumento di governo del territorio in continuit\u00e0 con l&#8217;esperienza di Mario Occhiuto<\/strong>. Una cosa \u00e8 la procedura amministrativa da seguire nell&#8217;iter di approvazione, altra cosa \u00e8 quella di valutare i contenuti del Piano, lavoro che \u00e8 appunto in corso. Anche su questo tema, dunque, facciamo prevalere il merito e non la forma. E allora, bando alle strumentalit\u00e0 e proseguiamo con il confronto sul come fare ancora di pi\u00fa e meglio di quanto gi\u00e0 fatto nell&#8217;interesse del bene comune cittadino&#8221;.<\/p>\n","protected":false},"excerpt":{"rendered":"<p>COSENZA &#8211; Non tarda ad arrivare la risposta, firmata del circolo PD di Cosenza, dopo\u00a0 le dichiarazioni dei scorsi giorni da parte di Bianca Rende, dove spronava l&#8217;amministrazione Comunale a dare risposte sul traffico caotico, servizi pubblici e assistenza alla &#8220;volemose bene&#8221;. Questa mattina, il vice-sindaco Maria Locanto, ed il Consigliere Alimena entrambi esponenti del [&hellip;]<\/p>\n","protected":false},"author":34,"featured_media":256465,"comment_status":"closed","ping_status":"closed","sticky":false,"template":"","format":"standard","meta":{"_acf_changed":false,"footnotes":"","jetpack_publicize_message":"","jetpack_publicize_feature_enabled":true,"jetpack_social_post_already_shared":false,"jetpack_social_options":{"image_generator_settings":{"template":"highway","default_image_id":0,"font":"","enabled":false},"version":2}},"categories":[563,42],"tags":[19],"class_list":["post-256452","post","type-post","status-publish","format-standard","has-post-thumbnail","hentry","category-area-urbana","category-cosenza","tag-copertina"],"acf":[],"jetpack_publicize_connections":[],"_links":{"self":[{"href":"https:\/\/quicosenza.it\/news\/wp-json\/wp\/v2\/posts\/256452","targetHints":{"allow":["GET"]}}],"collection":[{"href":"https:\/\/quicosenza.it\/news\/wp-json\/wp\/v2\/posts"}],"about":[{"href":"https:\/\/quicosenza.it\/news\/wp-json\/wp\/v2\/types\/post"}],"author":[{"embeddable":true,"href":"https:\/\/quicosenza.it\/news\/wp-json\/wp\/v2\/users\/34"}],"replies":[{"embeddable":true,"href":"https:\/\/quicosenza.it\/news\/wp-json\/wp\/v2\/comments?post=256452"}],"version-history":[{"count":0,"href":"https:\/\/quicosenza.it\/news\/wp-json\/wp\/v2\/posts\/256452\/revisions"}],"wp:featuredmedia":[{"embeddable":true,"href":"https:\/\/quicosenza.it\/news\/wp-json\/wp\/v2\/media\/256465"}],"wp:attachment":[{"href":"https:\/\/quicosenza.it\/news\/wp-json\/wp\/v2\/media?parent=256452"}],"wp:term":[{"taxonomy":"category","embeddable":true,"href":"https:\/\/quicosenza.it\/news\/wp-json\/wp\/v2\/categories?post=256452"},{"taxonomy":"post_tag","embeddable":true,"href":"https:\/\/quicosenza.it\/news\/wp-json\/wp\/v2\/tags?post=256452"}],"curies":[{"name":"wp","href":"https:\/\/api.w.org\/{rel}","templated":true}]}}