{"id":256496,"date":"2025-04-14T16:55:39","date_gmt":"2025-04-14T14:55:39","guid":{"rendered":"https:\/\/www.quicosenza.it\/news\/?p=256496"},"modified":"2025-04-14T16:56:06","modified_gmt":"2025-04-14T14:56:06","slug":"orsomarso-a-rende-chiederemo-al-prefetto-di-monitorare-il-clima-del-voto-centrodestra-senza-timori","status":"publish","type":"post","link":"https:\/\/quicosenza.it\/news\/orsomarso-a-rende-chiederemo-al-prefetto-di-monitorare-il-clima-del-voto-centrodestra-senza-timori\/","title":{"rendered":"Orsomarso a Rende: \u00abchiederemo al Prefetto di monitorare il clima del voto. CentroDestra senza timori\u00bb"},"content":{"rendered":"<p>COSENZA &#8211; Non le manda certo a dire il <strong>senatore Fausto Orsomarso<\/strong>, nelle battute iniziali dell\u2019infuocata competizione a Rende.<\/p>\n<p>\u00abEsiste un solo soggetto politico che ha una chiara impronta di rottura con la vecchia logica provinciale della Calabria e che guida una giunta di CentroDestra. Non a caso si dicono tutti avversari di Occhiuto nascondendosi nel \u201ccivismo spinto\u201d pensando di giocare pi\u00f9 delle partite personali che non quelle dell\u2019interesse di una Citt\u00e0, Rende, la pi\u00f9 internazionale della Calabria, a cui serve un sindaco dinamico, preparato, autorevole in termini di esperienza e, soprattutto collegato ad una visione chiara, strategica, del futuro di questo pezzo di Sud che non pu\u00f2 essere immaginato in logica \u201cfeudale\u201d sganciata dalla realt\u00e0 moderna. Invece per ora solo un dibattito sterile sulle persone e anche con un po\u2019 troppo torcicollo. <strong>Nel Centrosinistra<\/strong> (per intenderci che ha vinto le competizioni locali a Cosenza) <strong>il risultato sul piano gestionale \u00e8 sotto gli occhi di tutti<\/strong>: arretramenti nella qualit\u00e0 dei servizi, mancanza di capacit\u00e0 di realizzazione degli investimenti, nessuna programmazione per agganciare i territori ai numeri positivi che l\u2019intero Mezzogiorno sta producendo, trainato da citt\u00e0 della Puglia e della Campania, tanto che gi\u00e0 leggiamo di crisi e di rimpasti. C\u2019\u00e8 dibattito tra addetti ai lavori chiusi nelle segreterie con il derby su nomenclature che hanno storie e tradizioni diverse, qui invece c\u2019\u00e8 tanto entusiasmo che guarda al futuro con positivit\u00e0 per cui il 25 aprile \u201cnembokid\u201d, come \u00e8 stato apostrofato da un altro candidato avvezzo diciamo cos\u00ec alla \u201cincontinenza verbale\u201d, potr\u00e0 contare sul supporto di 6 liste forti, alternative alle sinistre e ben agganciate ai governi regionale e nazionale, senza timori reverenziali e, va rimarcato, in modo chiaro e alla luce del sole. <strong>Anche per questo chiederemo alla Prefettura di monitorare il clima del voto comunale sia nella fase di completamento delle liste e specialmente durante la campagna elettorale<\/strong>\u00bb<\/p>\n<p><strong>Rende per voi rischia di ritornare agli errori del passato?<\/strong><\/p>\n<p>\u00abLa tradizione progressista di Rende si era ormai arenata, anche rispetto a vicende su cui non siamo mai entrati, perch\u00e9 preferiamo parlare sempre di Politica e non di quello che avviene nei Tribunali. Ma non c\u2019\u00e8 dubbio che i tristi fatti (che comunque permangono nel solco dell\u2019opportunit\u00e0 dell\u2019esercizio di ruoli amministrativi e di governo) hanno minato la qualit\u00e0 della vita democratica di una Citt\u00e0 che non pu\u00f2 pi\u00f9 vivere sul velato ricatto della vendetta, nelle more di costruzione delle liste e, soprattutto nella gestione amministrativa, che ormai non pu\u00f2 prescindere dal rigore unito alla competenza. <strong>Leggiamo di ricostruzioni fantasiose di vittorie gi\u00e0 realizzate ma la verit\u00e0 \u00e8 che non esiste pi\u00f9 una \u201ccitt\u00e0 in debito\u201d e tanti tra professionisti, accademici ed imprenditori sono preoccupati semmai del ritorno al passato.<\/strong> In campagna elettorale spiegheremo, quartiere per quartiere, la nostra posizione sugli investimenti strategici, il ruolo da dare ad una Citt\u00e0 che \u00e8 perno di un\u2019area metropolitana matura e che ha gi\u00e0 una funzione naturale rispetto ai costruendi nuovo ospedale hub e Policlinico, all\u2019area industriale a cui applicare la ricerca, recuperando e rilanciando l\u2019unica grande visione del passato che, su urbanistica e qualit\u00e0 della vita, aveva basato la propria progettazione rivolta pi\u00f9 a Leonbattista Alberti che all\u2019edilizia selvaggia e al sacco delle citt\u00e0 avvenute nelle periferie di Roma, Napoli o Palermo. Esse non fanno parte della nostra Tradizione cos\u00ec come di urbanisti ed architetti che l\u2019hanno pensata e realizzata ai tempi di Cecchino Principe e che, non credo, siano oggi tra i sostenitori di Sandro Principe, giusto per fare un esempio\u00bb<\/p>\n<p><strong>Prevede dunque una campagna dura, aspra segnata da continui scontri anche sulla fusione?<\/strong><\/p>\n<p>\u00abNo, spero di no, facciamo comunque un forte invito a tutti, avversari in primis, perch\u00e9 si conduca un confronto leale sui temi e credo che la convergenza, su alcuni punti, possa banalmente ritrovarsi molto pi\u00f9 facilmente con il giovane Bilotti di cui ho apprezzato la moderazione nei toni e la legittima rivendicazione del suo spazio politico.<\/p>\n<p>Infine la considerazione sulla Citt\u00e0 unica. Era una scintilla nata dall\u2019alto per discutere di servizi essenziali condivisi, nella grande area urbana, non dei singoli campanili, tema forte che rimane in campo. Come Fratelli d\u2019Italia, ed io personalmente, abbiamo sempre detto che la valutazione dei cittadini, aldil\u00e0 di della partecipazione, doveva avere il giusto peso. Oggi questo tema \u00e8 superato e non solo dal Referendum (e che ha visto anche tanti dei nostri schierati per il No). Resta l\u2019esigenza della pianificazione unica e di una visione convergente per la qualit\u00e0 della vita, e quindi degli investimenti, di quest\u2019area metropolitana, di cui Rende, Cosenza e Montalto sono la direttrice principale a cui aggiungere funzioni e ruolo di tanti altri municipi.<\/p>\n<p>Anche questo sar\u00e0 superato dal <strong>nuovo TUEL<\/strong> in approvazione alla Camera, l\u00ec si parla ormai di <strong>Unione dei Servizi dei comuni<\/strong>, non pi\u00f9 di fusioni, garantendo quindi risorse aggiuntive e premialit\u00e0 ad uno sforzo di programmazione orizzontale tra comuni. Visto che le fusioni in tutta Italia con la vecchia norma sono state pochissime e fatte male, il Legislatore ha gi\u00e0 chiaro il nuovo corso. \u00c8 superato il dibattito di difesa della \u201crendesit\u00e0 o cosentinit\u00e0\u201d che ha certo rappresentato un legittimo moto, nel merito di alcune questioni. N\u00e9 si pu\u00f2 negare il contributo e l\u2019apertura al dibattito grazie al provvedimento regionale che era stato uno stimolo dall\u2019alto, per cui si potrebbe discutere del metodo, strumentalizzato da chi ne ha fatto un racconto di \u201cconquista dei territori\u201d quando invece l\u2019obiettivo prioritario del futuro resta attuale e irrinunciabile; cio\u00e8 programmare insieme lo sviluppo urbanistico e infrastrutturale di questa nostra vasta area\u00a0metropolitana\u00bb<\/p>\n","protected":false},"excerpt":{"rendered":"<p>COSENZA &#8211; Non le manda certo a dire il senatore Fausto Orsomarso, nelle battute iniziali dell\u2019infuocata competizione a Rende. \u00abEsiste un solo soggetto politico che ha una chiara impronta di rottura con la vecchia logica provinciale della Calabria e che guida una giunta di CentroDestra. Non a caso si dicono tutti avversari di Occhiuto nascondendosi [&hellip;]<\/p>\n","protected":false},"author":58,"featured_media":252825,"comment_status":"closed","ping_status":"closed","sticky":false,"template":"","format":"standard","meta":{"_acf_changed":false,"footnotes":"","jetpack_publicize_message":"","jetpack_publicize_feature_enabled":true,"jetpack_social_post_already_shared":false,"jetpack_social_options":{"image_generator_settings":{"template":"highway","default_image_id":0,"font":"","enabled":false},"version":2}},"categories":[563,44],"tags":[19],"class_list":["post-256496","post","type-post","status-publish","format-standard","has-post-thumbnail","hentry","category-area-urbana","category-rende","tag-copertina"],"acf":[],"jetpack_publicize_connections":[],"_links":{"self":[{"href":"https:\/\/quicosenza.it\/news\/wp-json\/wp\/v2\/posts\/256496","targetHints":{"allow":["GET"]}}],"collection":[{"href":"https:\/\/quicosenza.it\/news\/wp-json\/wp\/v2\/posts"}],"about":[{"href":"https:\/\/quicosenza.it\/news\/wp-json\/wp\/v2\/types\/post"}],"author":[{"embeddable":true,"href":"https:\/\/quicosenza.it\/news\/wp-json\/wp\/v2\/users\/58"}],"replies":[{"embeddable":true,"href":"https:\/\/quicosenza.it\/news\/wp-json\/wp\/v2\/comments?post=256496"}],"version-history":[{"count":0,"href":"https:\/\/quicosenza.it\/news\/wp-json\/wp\/v2\/posts\/256496\/revisions"}],"wp:featuredmedia":[{"embeddable":true,"href":"https:\/\/quicosenza.it\/news\/wp-json\/wp\/v2\/media\/252825"}],"wp:attachment":[{"href":"https:\/\/quicosenza.it\/news\/wp-json\/wp\/v2\/media?parent=256496"}],"wp:term":[{"taxonomy":"category","embeddable":true,"href":"https:\/\/quicosenza.it\/news\/wp-json\/wp\/v2\/categories?post=256496"},{"taxonomy":"post_tag","embeddable":true,"href":"https:\/\/quicosenza.it\/news\/wp-json\/wp\/v2\/tags?post=256496"}],"curies":[{"name":"wp","href":"https:\/\/api.w.org\/{rel}","templated":true}]}}