{"id":256510,"date":"2025-04-14T19:49:05","date_gmt":"2025-04-14T17:49:05","guid":{"rendered":"https:\/\/www.quicosenza.it\/news\/?p=256510"},"modified":"2025-04-14T20:02:43","modified_gmt":"2025-04-14T18:02:43","slug":"morte-di-serafino-tre-mesi-di-silenzi-e-promesse-mancate-la-calabria-scende-in-piazza","status":"publish","type":"post","link":"https:\/\/quicosenza.it\/news\/morte-di-serafino-tre-mesi-di-silenzi-e-promesse-mancate-la-calabria-scende-in-piazza\/","title":{"rendered":"Morte di Serafino, &#8220;tre mesi di silenzi e promesse mancate&#8221;: la Calabria scende in piazza"},"content":{"rendered":"<p>SAN GIOVANNI IN FIORE (CS) &#8211; &#8220;Sono passati <strong>3 mesi e mezzo da quel tragico 4 gennaio<\/strong> che ha segnato la morte di <strong>Serafino Congi<\/strong>. <strong>Un giovane di 47 anni,<\/strong> strappato alla sua famiglia per mano di un Killer che si chiama servizio di emergenza urgenza inefficiente e inadeguato. Un killer che ha seminato altre vittime in questi giorni, l&#8217;ultimo \u00e8 un bambino di cinque mesi di Corigliano Rossano&#8221;. Lo scrive in una nota il Comitato 18 Gennaio di San Giovanni in Fiore.<\/p>\n<p>Come \u00e8 noto <strong>Serafino colpito da infarto, \u00e8 rimasto tre ore nel pronto soccorso di San Giovanni in Fiore prima di essere trasportato a Cosenza<\/strong> per i trattamenti del caso ed <strong><a href=\"https:\/\/quicosenza.it\/news\/provincia\/muore-in-ambulanza-dopo-aver-atteso-per-diverse-ore-i-soccorsi-esposto-in-procura\" target=\"_blank\" rel=\"noopener\">morto<\/a> durante il trasporto in ambulanza<\/strong>. Un trattamento tempestivo all&#8217; ospedale hub di Cs, con molta probabilit\u00e0 gli avrebbe evitato la tragica fine e consentito di continuare a vivere vicino alle sue bambine e a sua moglie. La magistratura ha aperto una indagine per accertare eventuali responsabilit\u00e0. L<strong>a comunit\u00e0 di San Giovanni in fiore ed in particolare la famiglia di Serafino, attendono di conoscere le conclusioni dell&#8217;indagine<\/strong> confidando nel rigoroso e delicato lavoro degli inquirenti su cui \u00e8 accesa l&#8217;attenzione della opinione pubblica e degli organi di informazione regionali e nazionali.<\/p>\n<h3><strong>&#8220;Malasanit\u00e0, ad oggi nulla si \u00e8 mosso a San Giovanni in Fiore&#8221;<\/strong><\/h3>\n<p>&#8220;\u00c8 da rilevare con grande preoccupazione che &#8211; prosegue il comitato &#8211; a fronte della grave condizione in cui versa il servizio di emergenza\/urgenza , <strong>ad oggi nulla si \u00e8 mosso<\/strong>. Nulla \u00e8 stato fatto per potenziare, riorganizzare e rendere efficiente, adeguato e tempestivo detto servizio. Agli annunci di potenziamento del personale medico nei giorni successi alla morte di Serafino, non sono seguiti atti conseguenti e fatti concreti. Se malauguratamente dovesse ripetersi una vicenda come quella Serafino, ci sarebbero<strong> le stesse condizioni di oltre tre mesi fa<\/strong>. Cosa ancor pi\u00f9 grave \u00e8 che di fronte al perdurare di questa situazione di elevato rischio per i cittadini, il Sindaco e gli amministratori comunali in questi mesi hanno continuato a raccontare<strong> informazioni prive di fondamento, annunciando arrivi di medici e potenziamento dei servizi<\/strong> che ad oggi non hanno alcun riscontro nella realt\u00e0. Si utilizza irresponsabilmente la vetrina dei social per postare video e foto attraverso cui si vende fumo e propaganda a piene mani. Ci\u00f2 mentre in tutta la Calabria sta crescendo un movimento per contrastare ed invertire la devastante deriva che travolge il sistema sanitario regionale.<\/p>\n<h3><strong>San Giovanni in Fiore mobilita la Calabria contro la malasanit\u00e0<\/strong><\/h3>\n<p>&#8220;Un movimento per affermare il diritto alla tutela della vita &#8211; precisa il comitato nella nota. Anche la nostra terra ha diritto ad un servizio sanitario qualificato, capace di garantire il diritto alla cura della salute ad ogni cittadino. Per questo <strong>Sabato 10 Maggio si terr\u00e0 a Catanzaro una manifestazione regionale promossa da una rete di associazioni di base<\/strong> che sta registrando la adesione crescente di tanti sindaci a partire dalle citt\u00e0 capoluogo. Il Comitato 18 Gennaio aderisce alla manifestazione e rivolge un appello ai Sangiovannesi a partecipare. A tal proposito promuove una assemblea pubblica per mercoledi 5 maggio in preparazione della manifestazione regionale. La nostra citt\u00e0 deve tornare ad essere protagonista del proprio futuro. Un servizio sanitario qualificato, efficiente e sicuro \u00e8 la prima condizione per vivere sulla montagna e contrastare lo spopolamento&#8221;.<\/p>\n<h3><strong>Pd Calabria aderisce alla manifestazione<\/strong><\/h3>\n<p>Il\u00a0<strong>Pd Calabria<\/strong> aderisce alla manifestazione per il diritto alla salute, in programma sabato 10 maggio, in piazza Prefettura a Catanzaro. L\u2019iniziativa, promossa dal Quotidiano e da numerosi comitati civici, \u00e8 una risposta collettiva a un\u2019emergenza che non pu\u00f2 pi\u00f9 essere ignorata.<\/p>\n<p>\u00abLa Calabria \u00e8 stanca, esasperata. Basta silenzi, basta attese. \u00c8 tempo di pretendere ci\u00f2 che spetta di diritto a ogni cittadino: una sanit\u00e0 pubblica che funzioni, che curi, che non costringa a scappare o a rinunciare\u00bb. La <strong>mobilitazione nasce da un\u2019urgenza reale e quotidiana:<\/strong> un sistema sanitario allo stremo che non riesce pi\u00f9 a garantire prevenzione, diagnosi, cure e assistenza. Un sistema che nega, di fatto, un diritto costituzionale.<\/p>\n<p>\u00abVogliamo una sanit\u00e0 che non sia un privilegio, ma un diritto. Una sanit\u00e0 che curi in Calabria, non fuori. Che rispetti i pazienti e chi ogni giorno lavora negli ospedali e nei presidi territoriali. Che smetta di punire chi non pu\u00f2 permettersi di andare altrove\u00bb.<\/p>\n<p>Il Partito Democratico sar\u00e0 <strong>in piazza, al fianco dei cittadini, dei comitati, dei sindacati e degli amministratori locali<\/strong> perch\u00e9 questa battaglia non \u00e8 di parte, \u00e8 di tutti. E noi \u2013concludono i dem\u2013 non ci fermeremo finch\u00e9 non vedremo risultati concreti, tangibili, veri! aderisce alla manifestazione per il diritto alla salute, in programma sabato 10 maggio, in piazza Prefettura a Catanzaro. L\u2019iniziativa, promossa dal Quotidiano e da numerosi comitati civici, \u00e8 una risposta collettiva a un\u2019emergenza che non pu\u00f2 pi\u00f9 essere ignorata.<\/p>\n<p>\u00abLa Calabria \u00e8 stanca, esasperata. Basta silenzi, basta attese. \u00c8 tempo di pretendere ci\u00f2 che spetta di diritto a ogni cittadino: una sanit\u00e0 pubblica che funzioni, che curi, che non costringa a scappare o a rinunciare\u00bb.<\/p>\n<p>La mobilitazione nasce da un\u2019urgenza reale e quotidiana: un sistema sanitario allo stremo che non riesce pi\u00f9 a garantire prevenzione, diagnosi, cure e assistenza. Un sistema che nega, di fatto, un diritto costituzionale. \u00abVogliamo una sanit\u00e0 che non sia un privilegio, ma un diritto. Una sanit\u00e0 che curi in Calabria, non fuori. Che rispetti i pazienti e chi ogni giorno lavora negli ospedali e nei presidi territoriali. Che smetta di punire chi non pu\u00f2 permettersi di andare altrove\u00bb.<\/p>\n<p>Il Partito Democratico sar\u00e0 in piazza, al fianco dei cittadini, dei comitati, dei sindacati e degli amministratori locali perch\u00e9 questa battaglia non \u00e8 di parte, \u00e8 di tutti. E noi \u2013concludono i dem\u2013 non ci fermeremo finch\u00e9 non vedremo risultati concreti, tangibili, veri!<\/p>\n","protected":false},"excerpt":{"rendered":"<p>SAN GIOVANNI IN FIORE (CS) &#8211; &#8220;Sono passati 3 mesi e mezzo da quel tragico 4 gennaio che ha segnato la morte di Serafino Congi. Un giovane di 47 anni, strappato alla sua famiglia per mano di un Killer che si chiama servizio di emergenza urgenza inefficiente e inadeguato. Un killer che ha seminato altre [&hellip;]<\/p>\n","protected":false},"author":58,"featured_media":248563,"comment_status":"closed","ping_status":"closed","sticky":false,"template":"","format":"standard","meta":{"_acf_changed":false,"footnotes":"","jetpack_publicize_message":"","jetpack_publicize_feature_enabled":true,"jetpack_social_post_already_shared":false,"jetpack_social_options":{"image_generator_settings":{"template":"highway","default_image_id":0,"font":"","enabled":false},"version":2}},"categories":[17,28],"tags":[19],"class_list":["post-256510","post","type-post","status-publish","format-standard","has-post-thumbnail","hentry","category-calabria","category-provincia","tag-copertina"],"acf":[],"jetpack_publicize_connections":[],"_links":{"self":[{"href":"https:\/\/quicosenza.it\/news\/wp-json\/wp\/v2\/posts\/256510","targetHints":{"allow":["GET"]}}],"collection":[{"href":"https:\/\/quicosenza.it\/news\/wp-json\/wp\/v2\/posts"}],"about":[{"href":"https:\/\/quicosenza.it\/news\/wp-json\/wp\/v2\/types\/post"}],"author":[{"embeddable":true,"href":"https:\/\/quicosenza.it\/news\/wp-json\/wp\/v2\/users\/58"}],"replies":[{"embeddable":true,"href":"https:\/\/quicosenza.it\/news\/wp-json\/wp\/v2\/comments?post=256510"}],"version-history":[{"count":0,"href":"https:\/\/quicosenza.it\/news\/wp-json\/wp\/v2\/posts\/256510\/revisions"}],"wp:featuredmedia":[{"embeddable":true,"href":"https:\/\/quicosenza.it\/news\/wp-json\/wp\/v2\/media\/248563"}],"wp:attachment":[{"href":"https:\/\/quicosenza.it\/news\/wp-json\/wp\/v2\/media?parent=256510"}],"wp:term":[{"taxonomy":"category","embeddable":true,"href":"https:\/\/quicosenza.it\/news\/wp-json\/wp\/v2\/categories?post=256510"},{"taxonomy":"post_tag","embeddable":true,"href":"https:\/\/quicosenza.it\/news\/wp-json\/wp\/v2\/tags?post=256510"}],"curies":[{"name":"wp","href":"https:\/\/api.w.org\/{rel}","templated":true}]}}