{"id":256527,"date":"2025-04-15T07:50:53","date_gmt":"2025-04-15T05:50:53","guid":{"rendered":"https:\/\/www.quicosenza.it\/news\/?p=256527"},"modified":"2025-04-15T07:50:53","modified_gmt":"2025-04-15T05:50:53","slug":"incidente-in-campagna-a-roggiano-trattore-si-ribalta-ferito-trasportato-in-elisoccorso-a-cosenza","status":"publish","type":"post","link":"https:\/\/quicosenza.it\/news\/incidente-in-campagna-a-roggiano-trattore-si-ribalta-ferito-trasportato-in-elisoccorso-a-cosenza\/","title":{"rendered":"Incidente in campagna a Roggiano: trattore si ribalta, ferito trasportato in elisoccorso a Cosenza"},"content":{"rendered":"<p>ROGGIANO GRAVINA (CS) &#8211; E&#8217; rimasto incastrato sotto il trattore che si \u00e8 ribaltato. L&#8217;uomo alla guida del mezzo, fortunatamente <strong>non ha riportato ferite gravi<\/strong> ma \u00e8 stato comunque soccorso in eliambulanza e trasportato all&#8217;ospedale di Cosenza. \u00c8 accaduto in una zona rurale sulla provinciale 120 che da Roggiano Gravina porta verso il Casello di Altomonte. Sul posto anche la Polizia locale e i carabinieri. Secondo quanto emerso l&#8217;uomo ha riportato solo una leggera lesione all&#8217;addome e dopo essere stato stabilizzato \u00e8 stato trasferito all&#8217;Annunziata per ulteriori accertamenti.<\/p>\n","protected":false},"excerpt":{"rendered":"<p>ROGGIANO GRAVINA (CS) &#8211; E&#8217; rimasto incastrato sotto il trattore che si \u00e8 ribaltato. L&#8217;uomo alla guida del mezzo, fortunatamente non ha riportato ferite gravi ma \u00e8 stato comunque soccorso in eliambulanza e trasportato all&#8217;ospedale di Cosenza. \u00c8 accaduto in una zona rurale sulla provinciale 120 che da Roggiano Gravina porta verso il Casello di [&hellip;]<\/p>\n","protected":false},"author":42,"featured_media":223521,"comment_status":"closed","ping_status":"closed","sticky":false,"template":"","format":"standard","meta":{"_acf_changed":false,"footnotes":"","jetpack_publicize_message":"","jetpack_publicize_feature_enabled":true,"jetpack_social_post_already_shared":false,"jetpack_social_options":{"image_generator_settings":{"template":"highway","default_image_id":0,"font":"","enabled":false},"version":2}},"categories":[28],"tags":[19],"class_list":["post-256527","post","type-post","status-publish","format-standard","has-post-thumbnail","hentry","category-provincia","tag-copertina"],"acf":[],"jetpack_publicize_connections":[],"_links":{"self":[{"href":"https:\/\/quicosenza.it\/news\/wp-json\/wp\/v2\/posts\/256527","targetHints":{"allow":["GET"]}}],"collection":[{"href":"https:\/\/quicosenza.it\/news\/wp-json\/wp\/v2\/posts"}],"about":[{"href":"https:\/\/quicosenza.it\/news\/wp-json\/wp\/v2\/types\/post"}],"author":[{"embeddable":true,"href":"https:\/\/quicosenza.it\/news\/wp-json\/wp\/v2\/users\/42"}],"replies":[{"embeddable":true,"href":"https:\/\/quicosenza.it\/news\/wp-json\/wp\/v2\/comments?post=256527"}],"version-history":[{"count":0,"href":"https:\/\/quicosenza.it\/news\/wp-json\/wp\/v2\/posts\/256527\/revisions"}],"wp:featuredmedia":[{"embeddable":true,"href":"https:\/\/quicosenza.it\/news\/wp-json\/wp\/v2\/media\/223521"}],"wp:attachment":[{"href":"https:\/\/quicosenza.it\/news\/wp-json\/wp\/v2\/media?parent=256527"}],"wp:term":[{"taxonomy":"category","embeddable":true,"href":"https:\/\/quicosenza.it\/news\/wp-json\/wp\/v2\/categories?post=256527"},{"taxonomy":"post_tag","embeddable":true,"href":"https:\/\/quicosenza.it\/news\/wp-json\/wp\/v2\/tags?post=256527"}],"curies":[{"name":"wp","href":"https:\/\/api.w.org\/{rel}","templated":true}]}}