{"id":256752,"date":"2025-04-18T08:00:57","date_gmt":"2025-04-18T06:00:57","guid":{"rendered":"https:\/\/www.quicosenza.it\/news\/?p=256752"},"modified":"2025-04-18T08:02:38","modified_gmt":"2025-04-18T06:02:38","slug":"elezioni-a-rende-le-liti-tra-pd-e-psi-e-le-possibili-ripercussioni-sul-comune-di-cosenza","status":"publish","type":"post","link":"https:\/\/quicosenza.it\/news\/elezioni-a-rende-le-liti-tra-pd-e-psi-e-le-possibili-ripercussioni-sul-comune-di-cosenza\/","title":{"rendered":"Elezioni a Rende: le liti tra Pd e Psi e le possibili ripercussioni sul Comune di Cosenza"},"content":{"rendered":"<p>RENDE \u2013 Sulle elezioni a Rende il verdetto, ovviamente, elettorale <strong>sar\u00e0 determinato dalle urne e dalla scelta dei cittadini<\/strong>. Ma <strong>quello politico \u00e8 stato gi\u00e0 sancito<\/strong>: l\u2019<a href=\"https:\/\/quicosenza.it\/news\/area-urbana\/elezioni-a-rende-centrosinistra-spaccato-con-tre-candidati-il-centrodestra-unito-punta-su-ghionna\" target=\"_blank\" rel=\"noopener\">implosione del campo largo<\/a> del centrosinistra. Infatti con i suoi tre candidati a sindaco, <strong>Sandro Principe, Giovanni Bilotti e Rossella Gallo<\/strong>, ha confermato tutta la sua litigiosit\u00e0 che quando riesce, ormai sempre pi\u00f9 raramente, trova la quadra del cerchio con candidature unitarie ed altre no come avvenuto per la Citt\u00e0 di Rende. Questa frammentazione potrebbe avere <strong>altre e ben pi\u00f9 gravi ripercussioni politiche<\/strong>, nella vicina citt\u00e0 di Cosenza, dove<strong> Franz Caruso (Psi) \u00e8 stato eletto sindaco da una coalizione di centrosinistra con il supporto di PD e Movimento 5 Stelle<\/strong>.<\/p>\n<h3>Elezioni a Rende: la lista del PSI<\/h3>\n<p>Tra le liste che sosterranno Sandro Principe infatti, ci sar\u00e0 quella del Partito Socialista alla cui composizione stanno lavorando il segretario regionale del partito, Luigi Incarnato, e l\u2019assessore alla Manutenzione del <strong>Comune di Cosenza, Francesco De Cicco<\/strong>. Mentre il <strong>Partito Democratico<\/strong> ha puntato sul giovane <strong>Giovanni Bilotti.<\/strong><\/p>\n<p>La scelta di Incarnato e di conseguenza dell\u2019assessore De Cicco, naturalmente ha determinato gi\u00e0 forti ed accese acredini con il Pd cosentino che \u00e8 stato determinante nella elezione a sindaco di <strong>Franz Caruso nel 2021<\/strong>, e in questo Consiglio comunale su una maggioranza di 22 consiglieri comunali, pu\u00f2 contare su 8 consiglieri pi\u00f9 <strong>Giuseppe Ciacco<\/strong> che rappresenta una anomalia perch\u00e9 \u00e8 nel gruppo consiliare Franz Caruso Sindaco ma con la tessera del Partito Democratico, ed \u00e8 consigliere provinciale del Pd.<\/p>\n<p>I primi messaggi, nei confronti di <strong>Franz Caruso e Luigi Incarnato<\/strong>, sono gi\u00e0 arrivati qualche sera fa nella prima assemblea del circolo Pd di Cosenza, a partire da <strong>Nicola Adamo, a Carlo Guccione ed Enza Bruno Bossio.<\/strong> Adamo, avrebbe definitivamente spento le aspirazioni del sindaco di Cosenza ad una sua candidatura alla presidenza della regione nel 2027, mentre<strong> Guccione e Bruno Bossio<\/strong> hanno rimarcato<strong> l\u2019esigenza di un rilancio dell\u2019azione amministrativa<\/strong>, puntando in particolare il dito contro due settori, <strong>Psc e Welfare<\/strong>, che nel linguaggio politichese hanno lanciato un messaggio agli assessori <strong>Pina Incarnato<\/strong> del Psi e figlia del segretario regionale e a <strong>Veronica Buffone<\/strong> del Movimento 5 Stelle, partito che a Rende concorrer\u00e0 con un proprio candidato a sindaco: Rossella Gallo.<\/p>\n<h3>I malumori anche nel centrodestra<\/h3>\n<p><strong>Se Atene piange, Sparta non ride,<\/strong> perch\u00e9 se a Rende il centrosinistra si presenta con tre candidati a sindaco, la compattezza del centrodestra, potrebbe essere solo apparente. La candidatura di <strong>Marco Ghionna<\/strong>, \u201cimposta\u201d da <strong>Fratelli d\u2019Italia sarebbe stata mal digerita dagli alleati in modo particolare da ambienti di Forza Italia<\/strong>. E questo malcontento potrebbe esser confermato da una dichiarazione del candidato a sindaco del Laboratorio Civico di Marcello Manna e del Partito Democratico, <a href=\"https:\/\/quicosenza.it\/news\/area-urbana\/elezioni-a-rende-ecco-generazione-movimento-a-sostegno-del-candidato-a-sindaco-giovanni-bilotti\" target=\"_blank\" rel=\"noopener\">Giovanni Bilotti<\/a>, il quale ha rivendicato <strong>una lunga amicizia con il vicepresidente\u00a0 del Consiglio regionale<\/strong>, nonch\u00e9 vice coordinatore regionale di Forza Italia, Pierluigi Caputo ed anche in questo caso, nel linguaggio politichese potrebbe far presagire qualche \u201cinciucio\u201d.<\/p>\n","protected":false},"excerpt":{"rendered":"<p>RENDE \u2013 Sulle elezioni a Rende il verdetto, ovviamente, elettorale sar\u00e0 determinato dalle urne e dalla scelta dei cittadini. Ma quello politico \u00e8 stato gi\u00e0 sancito: l\u2019implosione del campo largo del centrosinistra. Infatti con i suoi tre candidati a sindaco, Sandro Principe, Giovanni Bilotti e Rossella Gallo, ha confermato tutta la sua litigiosit\u00e0 che quando [&hellip;]<\/p>\n","protected":false},"author":59,"featured_media":256753,"comment_status":"closed","ping_status":"closed","sticky":false,"template":"","format":"standard","meta":{"_acf_changed":false,"footnotes":"","jetpack_publicize_message":"","jetpack_publicize_feature_enabled":true,"jetpack_social_post_already_shared":false,"jetpack_social_options":{"image_generator_settings":{"template":"highway","default_image_id":0,"font":"","enabled":false},"version":2}},"categories":[563,44],"tags":[19],"class_list":["post-256752","post","type-post","status-publish","format-standard","has-post-thumbnail","hentry","category-area-urbana","category-rende","tag-copertina"],"acf":[],"jetpack_publicize_connections":[],"_links":{"self":[{"href":"https:\/\/quicosenza.it\/news\/wp-json\/wp\/v2\/posts\/256752","targetHints":{"allow":["GET"]}}],"collection":[{"href":"https:\/\/quicosenza.it\/news\/wp-json\/wp\/v2\/posts"}],"about":[{"href":"https:\/\/quicosenza.it\/news\/wp-json\/wp\/v2\/types\/post"}],"author":[{"embeddable":true,"href":"https:\/\/quicosenza.it\/news\/wp-json\/wp\/v2\/users\/59"}],"replies":[{"embeddable":true,"href":"https:\/\/quicosenza.it\/news\/wp-json\/wp\/v2\/comments?post=256752"}],"version-history":[{"count":0,"href":"https:\/\/quicosenza.it\/news\/wp-json\/wp\/v2\/posts\/256752\/revisions"}],"wp:featuredmedia":[{"embeddable":true,"href":"https:\/\/quicosenza.it\/news\/wp-json\/wp\/v2\/media\/256753"}],"wp:attachment":[{"href":"https:\/\/quicosenza.it\/news\/wp-json\/wp\/v2\/media?parent=256752"}],"wp:term":[{"taxonomy":"category","embeddable":true,"href":"https:\/\/quicosenza.it\/news\/wp-json\/wp\/v2\/categories?post=256752"},{"taxonomy":"post_tag","embeddable":true,"href":"https:\/\/quicosenza.it\/news\/wp-json\/wp\/v2\/tags?post=256752"}],"curies":[{"name":"wp","href":"https:\/\/api.w.org\/{rel}","templated":true}]}}