{"id":256754,"date":"2025-04-17T14:08:23","date_gmt":"2025-04-17T12:08:23","guid":{"rendered":"https:\/\/www.quicosenza.it\/news\/?p=256754"},"modified":"2025-04-17T14:27:05","modified_gmt":"2025-04-17T12:27:05","slug":"giovani-democratici-rilanciano-lazione-politica-a-cosenza-idee-partecipazione-e-futuro","status":"publish","type":"post","link":"https:\/\/quicosenza.it\/news\/giovani-democratici-rilanciano-lazione-politica-a-cosenza-idee-partecipazione-e-futuro\/","title":{"rendered":"Giovani Democratici rilanciano l\u2019azione politica a Cosenza: idee, partecipazione e futuro"},"content":{"rendered":"<p>COSENZA &#8211; Ripartono le attivit\u00e0 dei <strong>giovani del PD cosentino<\/strong> con un\u2019assemblea partecipata che unisce politica, universit\u00e0 e territorio. Al centro del dibattito il manifesto delle nuove generazioni, le elezioni al CNSU e il rilancio del ruolo dei giovani nel Partito Democratico e nella societ\u00e0 calabrese.<\/p>\n<p><strong>Dopo la manifestazione regionale di febbraio, i Giovani Democratici della Federazione provinciale di Cosenza tornano a riaccendere i motori della partecipazione politica con una grande assemblea che ha visto protagonisti giovani, associazioni universitarie e rappresentanti del Partito Democratico<\/strong>. L\u2019incontro, ricco di interventi e dibattiti, ha riaffermato l\u2019urgenza di dare voce alle nuove generazioni, troppo spesso marginalizzate dalle scelte dei governi di centro-destra. Tra i momenti salienti, il sostegno unitario alla candidatura di Giuseppe Prochilo al CNSU, in rappresentanza del progetto <strong><em data-start=\"1058\" data-end=\"1084\" data-is-only-node=\"\">Primavera degli Studenti<\/em>,<\/strong> e l\u2019appello a un rinnovato protagonismo giovanile nei prossimi appuntamenti politici, locali e nazionali.<\/p>\n<p>L\u2019assemblea ha visto un\u2019ampia partecipazione con diversi interventi di ragazze e ragazzi, alla presenza di dirigenti e rappresentanti istituzionali del Partito Democratico quali Salvatore Giorno, della segreteria provinciale del PD Cosenza e Maria Locanto, attuale vicesindaco di Cosenza. I lavori sono stati introdotti dal <strong>segretario provinciale dei Giovani Democratici<\/strong>, <strong>Michele Rizzuti, dal giovanissimo Capogruppo del PD in Consiglio provinciale<\/strong> e <strong>Consigliere comunale di Cosenza Giuseppe Ciacco<\/strong>, e conclusi dal Portavoce Nazionale di Primavera degli Studenti, Francesco De Luca.<\/p>\n<p>Il manifesto delle nuove generazioni lanciato a febbraio dal segretario regionale GD<strong> Mario Valente<\/strong> \u00e8 stato accolto con grande entusiasmo dai tanti che hanno inteso partecipare all\u2019assemblea. Pertanto \u00e8 stato lungamente oggetto di dibattito e discussione intensa, interventi finalizzati ad apportare importanti spunti per declinare al meglio la nostra visione su: mondo dei saperi, ingresso nel mondo del lavoro, ambiente, mobilit\u00e0 sostenibile e sanit\u00e0 pubblica. L\u2019intento come organizzazione giovanile \u00e8 quello di tornare ad essere megafono delle nuove generazioni, voce degli ultimi, affrontando i temi a loro pi\u00f9 vicini e dando loro il giusto spazio di elaborazione e di azione politica.\u201d Queste le riflessioni di Michele Rizzuti .<\/p>\n<p>L<strong>&#8216;assemblea di oggi segna un momento importante nella vita non solo dei Giovani Democratici ma del PD. La Federazione di Cosenza ha messo tra i suoi punti programmatici pi\u00f9 importanti, in piena sintonia con il segretario regionale Nicola Irto, il rilancio dell&#8217;organizzazione giovanile che rappresenta il presente ed il futuro del partito.<\/strong> Non possiamo fare a meno delle idee e della passione di questi ragazzi e soprattutto del loro punto di vista sulla societ\u00e0 e sul mondo contemporaneo, uno sguardo innovativo che solo loro possono avere e trasmettere al partito. Siamo entusiasti del lavoro svolto e del risultato fondamentale raggiunto a fine anno con la creazione del circolo Unical. Per me, vecchio ragazzo della Sinistra Giovanile \u00e8 motivo di grande soddisfazione.\u201d Queste le parole di Salvatore Giorno.<\/p>\n<p>\u201cC\u2019\u00e8 la necessit\u00e0 di riorganizzare e rilanciare la giovanile del PD, soprattutto in una provincia politicamente centrale come quella di Cosenza. <strong>Perch\u00e9 le sfide che ci attendono nei prossimi mesi, come Partito Democratico, sono tante e tutte esaltanti: le elezioni amministrative in diversi comuni, il congresso del Partito Democratico e, tra un anno, le elezioni regionali, dove ci giochiamo il futuro della Calabria<\/strong>. In questo contesto, allora, \u00e8 fondamentale che la giovanile si faccia trovare pronta, presente, strutturata e capace di coinvolgere nuove energie\u00a0 Proprio in questa sede, un passaggio fondamentale va dedicato al prossimo congresso del PD, che sar\u00e0 molto pi\u00f9 di una semplice tappa interna: sar\u00e0 il momento pi\u00f9 alto di partecipazione democratica che il nostro partito pu\u00f2 offrire.<\/p>\n<p>E in quella sede, i Giovani Democratici dovranno portare non solo le istanze delle nuove generazioni, ma anche un contributo concreto su tutti i grandi temi politici: dalla sanit\u00e0 al lavoro, dai trasporti ai diritti. Un impegno che deve aiutarci a costruire l\u2019agenda politica del PD a livello locale, nazionale ed europeo.<\/p>\n<p><img loading=\"lazy\" decoding=\"async\" class=\"aligncenter wp-image-256759 \" src=\"https:\/\/quicosenza.it\/news\/wp-content\/uploads\/2025\/04\/giovani-democratrici-cosenza2.jpg\" alt=\"giovani democratici cosenza\" width=\"530\" height=\"328\" title=\"\" srcset=\"https:\/\/quicosenza.it\/news\/wp-content\/uploads\/2025\/04\/giovani-democratrici-cosenza2.jpg 970w, https:\/\/quicosenza.it\/news\/wp-content\/uploads\/2025\/04\/giovani-democratrici-cosenza2-300x186.jpg 300w, https:\/\/quicosenza.it\/news\/wp-content\/uploads\/2025\/04\/giovani-democratrici-cosenza2-768x475.jpg 768w, https:\/\/quicosenza.it\/news\/wp-content\/uploads\/2025\/04\/giovani-democratrici-cosenza2-679x420.jpg 679w, https:\/\/quicosenza.it\/news\/wp-content\/uploads\/2025\/04\/giovani-democratrici-cosenza2-150x93.jpg 150w, https:\/\/quicosenza.it\/news\/wp-content\/uploads\/2025\/04\/giovani-democratrici-cosenza2-696x431.jpg 696w, https:\/\/quicosenza.it\/news\/wp-content\/uploads\/2025\/04\/giovani-democratrici-cosenza2-356x220.jpg 356w\" sizes=\"auto, (max-width: 530px) 100vw, 530px\" \/><\/p>\n<p>Perch\u00e9 il futuro del PD passa anche da qui, dalla nostra capacit\u00e0 di costruire un ponte da tra generazioni, tra chi ha esperienza e chi ha energia, tra chi ha guidato finora e chi \u00e8 pronto a farlo adesso. <strong>Senza dimenticare lo stretto rapporto che c\u2019\u00e8 tra politica giovanile e universitaria, due percorsi che devono viaggiare insieme. In questo senso, \u00e8 nostro dovere, valorizzare il ruolo dell\u2019Universit\u00e0 della Calabria, il pi\u00f9 grande ateneo calabrese, come spazio naturale da cui far partire un nuovo protagonismo politico e culturale<\/strong>. In particolare, richiamando l\u2019attenzione sulle prossime elezioni per il Consiglio Nazionale degli Studenti Universitari, un appuntamento fondamentale per rappresentare al meglio gli studenti a livello nazionale. Pur non conoscendo personalmente il candidato presente, Giuseppe Prochilo, sono sereno nell\u2019 affermare che, se la sua candidatura nasce dal basso ed \u00e8 stata condivisa dalla nostra comunit\u00e0 giovanile, allora merita tutto il nostro sostegno. Perch\u00e9 la sua sfida \u00e8 la sfida di tutti noi.<\/p>\n<p>Accanto alla riflessione sulla politica universitaria e sulle elezioni studentesche, va senza dubbio ricordato, per\u00f2, un altro appuntamento cruciale: a breve, l\u2019Universit\u00e0 della Calabria sar\u00e0 chiamata ad eleggere il nuovo Rettore. Un passaggio che non riguarda solo la governance interna, ma che influenzer\u00e0 direttamente tutti i progetti e le strategie che interesseranno l\u2019ateneo e il territorio nei prossimi anni. Anche su questo, i Giovani Democratici devono aprire una riflessione e farsi trovare pronti a contribuire. Ribadendo, in ultimo, la mia piena disponibilit\u00e0, a mettere a disposizione della giovanile il mio ruolo istituzionale, sia come consigliere comunale del capoluogo che come capogruppo in Provincia, per dare forza e rappresentanza alle istanze dei giovani in ogni sede possibile.<br \/>\nLanciando un messaggio chiaro e diretto: <strong>\u00c8 il momento di rimetterci in cammino. La giovanile deve essere protagonista\u201d. Queste le dichiarazioni di Giuseppe Ciacco<\/strong>.<\/p>\n<p>&#8220;I<strong>l futuro della nostra terra passa dall\u2019universit\u00e0 pubblica, dal diritto allo studio, alla casa, al supporto psicologico e alla ricerca<\/strong>. Sono queste le battaglie da vincere insieme. Per questo sosteniamo con forza Primavera del Sud e la candidatura di Giuseppe Prochilo al CNSU: una voce che pu\u00f2 davvero rappresentare una generazione spesso ignorata.\u201d Queste le dichiarazioni conclusive di Francesco De Luca.<\/p>\n","protected":false},"excerpt":{"rendered":"<p>COSENZA &#8211; Ripartono le attivit\u00e0 dei giovani del PD cosentino con un\u2019assemblea partecipata che unisce politica, universit\u00e0 e territorio. Al centro del dibattito il manifesto delle nuove generazioni, le elezioni al CNSU e il rilancio del ruolo dei giovani nel Partito Democratico e nella societ\u00e0 calabrese. Dopo la manifestazione regionale di febbraio, i Giovani Democratici [&hellip;]<\/p>\n","protected":false},"author":89,"featured_media":256757,"comment_status":"closed","ping_status":"closed","sticky":false,"template":"","format":"standard","meta":{"_acf_changed":false,"footnotes":"","jetpack_publicize_message":"","jetpack_publicize_feature_enabled":true,"jetpack_social_post_already_shared":false,"jetpack_social_options":{"image_generator_settings":{"template":"highway","default_image_id":0,"font":"","enabled":false},"version":2}},"categories":[563,42],"tags":[19],"class_list":["post-256754","post","type-post","status-publish","format-standard","has-post-thumbnail","hentry","category-area-urbana","category-cosenza","tag-copertina"],"acf":[],"jetpack_publicize_connections":[],"_links":{"self":[{"href":"https:\/\/quicosenza.it\/news\/wp-json\/wp\/v2\/posts\/256754","targetHints":{"allow":["GET"]}}],"collection":[{"href":"https:\/\/quicosenza.it\/news\/wp-json\/wp\/v2\/posts"}],"about":[{"href":"https:\/\/quicosenza.it\/news\/wp-json\/wp\/v2\/types\/post"}],"author":[{"embeddable":true,"href":"https:\/\/quicosenza.it\/news\/wp-json\/wp\/v2\/users\/89"}],"replies":[{"embeddable":true,"href":"https:\/\/quicosenza.it\/news\/wp-json\/wp\/v2\/comments?post=256754"}],"version-history":[{"count":0,"href":"https:\/\/quicosenza.it\/news\/wp-json\/wp\/v2\/posts\/256754\/revisions"}],"wp:featuredmedia":[{"embeddable":true,"href":"https:\/\/quicosenza.it\/news\/wp-json\/wp\/v2\/media\/256757"}],"wp:attachment":[{"href":"https:\/\/quicosenza.it\/news\/wp-json\/wp\/v2\/media?parent=256754"}],"wp:term":[{"taxonomy":"category","embeddable":true,"href":"https:\/\/quicosenza.it\/news\/wp-json\/wp\/v2\/categories?post=256754"},{"taxonomy":"post_tag","embeddable":true,"href":"https:\/\/quicosenza.it\/news\/wp-json\/wp\/v2\/tags?post=256754"}],"curies":[{"name":"wp","href":"https:\/\/api.w.org\/{rel}","templated":true}]}}