{"id":256870,"date":"2025-04-18T14:40:08","date_gmt":"2025-04-18T12:40:08","guid":{"rendered":"https:\/\/www.quicosenza.it\/news\/?p=256870"},"modified":"2025-04-18T15:54:10","modified_gmt":"2025-04-18T13:54:10","slug":"ospedale-di-trebisacce-nuova-tac-operativa-e-mammografo-in-fase-di-attivazione","status":"publish","type":"post","link":"https:\/\/quicosenza.it\/news\/ospedale-di-trebisacce-nuova-tac-operativa-e-mammografo-in-fase-di-attivazione\/","title":{"rendered":"Ospedale di Trebisacce: nuova Tac operativa e mammografo in fase di attivazione"},"content":{"rendered":"<p>TREBISACCE (CS) &#8211; E&#8217; gi\u00e0 operativa nel Reparto di Radiologia dell&#8217;ospedale Chidichimo di Trebisacce una nuova <strong>TAC<\/strong> mentre a breve sar\u00e0 attivato anche il nuovo <strong>Mammografo<\/strong>. Il Chidichimo sar\u00e0 un presidio fondamentale per la prevenzione. &#8220;La struttura, a lungo simbolo del diritto alla salute negato ai calabresi, si sta trasformando in un polo sanitario efficiente e punto di riferimento per l&#8217;intero territorio&#8221;. A sostenerlo \u00e8 <strong>Pasqualina Straface<\/strong>, presidente della Terza Commissione sanit\u00e0 del Consiglio regionale, che ieri (gioved\u00ec 17 aprile) in mattinata ha visitato il presidio accompagnata dal dirigente medico <strong>Franco Laviola<\/strong>, responsabile per la riapertura dell\u2019ospedale, dal referente sanitario del presidio Antonio Adduci e dal responsabile infermieristico <strong>Pino Campanella<\/strong>, esprimendo piena soddisfazione a medici, infermieri e addetti ai lavori che in questi primi mesi dal riavvio delle attivit\u00e0 cliniche stanno dando il massimo del loro supporto.<\/p>\n<p>Fino a poco tempo fa \u2013 precisa Straface \u2013 l&#8217;inefficienza del sistema sanitario locale spingeva molti residenti a cercare cure fuori regione, con disagi e costi elevati. Oggi, grazie alla determinazione del Presidente\/Commissario Occhiuto e del management dell\u2019ASP di Cosenza guidato dal Direttore generale Antonello Graziano, stiamo assistendo a un&#8217;inversione di tendenza. <strong>L&#8217;arrivo di un mammografo e di una TAC di ultima generazione sono segnali concreti di un cambiamento epocale e radicale<\/strong>. Un dato significativo ed emblematico di un netto cambio di rotta \u2013 aggiunge \u2013 \u00e8 il ritorno di pazienti dai comuni del territorio e, persino, dalle regioni limitrofe come Puglia e Basilicata, che ora trovano risposte efficaci nel nosocomio trebisaccese.<\/p>\n<p><img loading=\"lazy\" decoding=\"async\" class=\" wp-image-256872 aligncenter\" src=\"https:\/\/quicosenza.it\/news\/wp-content\/uploads\/2025\/04\/Trebisacce-Straface-Tac-Mammografo-01.jpg\" alt=\"Trebisacce Straface Tac Mammografo 01\" width=\"509\" height=\"315\" title=\"\" srcset=\"https:\/\/quicosenza.it\/news\/wp-content\/uploads\/2025\/04\/Trebisacce-Straface-Tac-Mammografo-01.jpg 970w, https:\/\/quicosenza.it\/news\/wp-content\/uploads\/2025\/04\/Trebisacce-Straface-Tac-Mammografo-01-300x186.jpg 300w, https:\/\/quicosenza.it\/news\/wp-content\/uploads\/2025\/04\/Trebisacce-Straface-Tac-Mammografo-01-768x475.jpg 768w, https:\/\/quicosenza.it\/news\/wp-content\/uploads\/2025\/04\/Trebisacce-Straface-Tac-Mammografo-01-679x420.jpg 679w, https:\/\/quicosenza.it\/news\/wp-content\/uploads\/2025\/04\/Trebisacce-Straface-Tac-Mammografo-01-150x93.jpg 150w, https:\/\/quicosenza.it\/news\/wp-content\/uploads\/2025\/04\/Trebisacce-Straface-Tac-Mammografo-01-696x431.jpg 696w, https:\/\/quicosenza.it\/news\/wp-content\/uploads\/2025\/04\/Trebisacce-Straface-Tac-Mammografo-01-356x220.jpg 356w\" sizes=\"auto, (max-width: 509px) 100vw, 509px\" \/><\/p>\n<h4>In corso procedure per reperire due medici internisti a tempo indeterminato<\/h4>\n<p>&#8220;Questi sono fatti concreti che segnano una netta discontinuit\u00e0 con un passato in cui l&#8217;accesso alle cure era spesso un miraggio per i cittadini di questo territorio. Ma non ci fermiamo qui. Un ospedale per erogare servizi ha bisogno di strumentazioni e di personale qualificato. Per questo sono in corso le <strong>procedure concorsuali<\/strong> per <strong>arruolare due medici internisti a tempo indeterminato per l\u2019Unit\u00e0 Operativa di Medicina<\/strong>. Investimenti in tecnologia, strutture e personale &#8211; conclude Straface &#8211; sono la chiave di volta di questa nuova fase per la sanit\u00e0 calabrese.<\/p>\n<h4>Nel 2024 eseguite 5.450 prestazioni ambulatoriali<\/h4>\n<p>I numeri parlano chiaro: a Trebisacce nel 2024 sono state eseguite <strong>5450 prestazioni negli ambulatori di chirurgia ambulatoriale<\/strong>, con <strong>600 interventi di piccola chirurgia.<\/strong> Attivi anche gli ambulatori di urologia e di anestesia e cefalee. L\u2019auspicio, considerati i numeri e gli investimenti, \u00e8 incrementare ulteriormente l&#8217;offerta e la qualit\u00e0 dei servizi, in attesa della riapertura del servizio di endoscopia con l&#8217;arrivo delle nuove attrezzature.<\/p>\n","protected":false},"excerpt":{"rendered":"<p>TREBISACCE (CS) &#8211; E&#8217; gi\u00e0 operativa nel Reparto di Radiologia dell&#8217;ospedale Chidichimo di Trebisacce una nuova TAC mentre a breve sar\u00e0 attivato anche il nuovo Mammografo. Il Chidichimo sar\u00e0 un presidio fondamentale per la prevenzione. &#8220;La struttura, a lungo simbolo del diritto alla salute negato ai calabresi, si sta trasformando in un polo sanitario efficiente [&hellip;]<\/p>\n","protected":false},"author":42,"featured_media":256873,"comment_status":"closed","ping_status":"closed","sticky":false,"template":"","format":"standard","meta":{"_acf_changed":false,"footnotes":"","jetpack_publicize_message":"","jetpack_publicize_feature_enabled":true,"jetpack_social_post_already_shared":false,"jetpack_social_options":{"image_generator_settings":{"template":"highway","default_image_id":0,"font":"","enabled":false},"version":2}},"categories":[572],"tags":[19],"class_list":["post-256870","post","type-post","status-publish","format-standard","has-post-thumbnail","hentry","category-ionio","tag-copertina"],"acf":[],"jetpack_publicize_connections":[],"_links":{"self":[{"href":"https:\/\/quicosenza.it\/news\/wp-json\/wp\/v2\/posts\/256870","targetHints":{"allow":["GET"]}}],"collection":[{"href":"https:\/\/quicosenza.it\/news\/wp-json\/wp\/v2\/posts"}],"about":[{"href":"https:\/\/quicosenza.it\/news\/wp-json\/wp\/v2\/types\/post"}],"author":[{"embeddable":true,"href":"https:\/\/quicosenza.it\/news\/wp-json\/wp\/v2\/users\/42"}],"replies":[{"embeddable":true,"href":"https:\/\/quicosenza.it\/news\/wp-json\/wp\/v2\/comments?post=256870"}],"version-history":[{"count":0,"href":"https:\/\/quicosenza.it\/news\/wp-json\/wp\/v2\/posts\/256870\/revisions"}],"wp:featuredmedia":[{"embeddable":true,"href":"https:\/\/quicosenza.it\/news\/wp-json\/wp\/v2\/media\/256873"}],"wp:attachment":[{"href":"https:\/\/quicosenza.it\/news\/wp-json\/wp\/v2\/media?parent=256870"}],"wp:term":[{"taxonomy":"category","embeddable":true,"href":"https:\/\/quicosenza.it\/news\/wp-json\/wp\/v2\/categories?post=256870"},{"taxonomy":"post_tag","embeddable":true,"href":"https:\/\/quicosenza.it\/news\/wp-json\/wp\/v2\/tags?post=256870"}],"curies":[{"name":"wp","href":"https:\/\/api.w.org\/{rel}","templated":true}]}}