{"id":256951,"date":"2025-04-19T14:55:26","date_gmt":"2025-04-19T12:55:26","guid":{"rendered":"https:\/\/www.quicosenza.it\/news\/?p=256951"},"modified":"2025-04-19T14:55:26","modified_gmt":"2025-04-19T12:55:26","slug":"agguato-a-mendicino-35enne-colpito-da-due-proiettili-raggiunge-lospedale-da-solo","status":"publish","type":"post","link":"https:\/\/quicosenza.it\/news\/agguato-a-mendicino-35enne-colpito-da-due-proiettili-raggiunge-lospedale-da-solo\/","title":{"rendered":"Agguato a Mendicino: 35enne colpito da due proiettili, raggiunge l\u2019ospedale da solo"},"content":{"rendered":"<p class=\"\" data-start=\"216\" data-end=\"476\">MENDICINO (CS) &#8211; \u00c8 stato <strong>raggiunto da due colpi di pistola alla gamba,<\/strong> ma ha trovato la forza di recarsi da solo al pronto soccorso dell\u2019ospedale di Cosenza. Protagonista dell\u2019episodio, avvenuto nella notte a Mendicino, <strong>un uomo di 35 anni<\/strong>, <strong>ora ricoverato in condizioni stabili.<\/strong><\/p>\n<p class=\"\" data-start=\"478\" data-end=\"740\">Le circostanze dell\u2019accaduto restano avvolte dal riserbo: al momento non \u00e8 chiaro il contesto in cui \u00e8 maturato il ferimento, n\u00e9 l\u2019identit\u00e0 di chi ha sparato. <strong>La vittima,<\/strong> ascoltata dagli inquirenti, <strong>non avrebbe fornito indicazioni utili a ricostruire l\u2019accaduto<\/strong>.<\/p>\n<p class=\"\" data-start=\"742\" data-end=\"910\">Sul caso indagano i carabinieri, impegnati nel raccogliere elementi per risalire agli autori del gesto e chiarire i contorni della vicenda. Non si esclude alcuna pista.<\/p>\n","protected":false},"excerpt":{"rendered":"<p>MENDICINO (CS) &#8211; \u00c8 stato raggiunto da due colpi di pistola alla gamba, ma ha trovato la forza di recarsi da solo al pronto soccorso dell\u2019ospedale di Cosenza. Protagonista dell\u2019episodio, avvenuto nella notte a Mendicino, un uomo di 35 anni, ora ricoverato in condizioni stabili. Le circostanze dell\u2019accaduto restano avvolte dal riserbo: al momento non [&hellip;]<\/p>\n","protected":false},"author":58,"featured_media":243590,"comment_status":"closed","ping_status":"closed","sticky":false,"template":"","format":"standard","meta":{"_acf_changed":false,"footnotes":"","jetpack_publicize_message":"","jetpack_publicize_feature_enabled":true,"jetpack_social_post_already_shared":false,"jetpack_social_options":{"image_generator_settings":{"template":"highway","default_image_id":0,"font":"","enabled":false},"version":2}},"categories":[28],"tags":[19],"class_list":["post-256951","post","type-post","status-publish","format-standard","has-post-thumbnail","hentry","category-provincia","tag-copertina"],"acf":[],"jetpack_publicize_connections":[],"_links":{"self":[{"href":"https:\/\/quicosenza.it\/news\/wp-json\/wp\/v2\/posts\/256951","targetHints":{"allow":["GET"]}}],"collection":[{"href":"https:\/\/quicosenza.it\/news\/wp-json\/wp\/v2\/posts"}],"about":[{"href":"https:\/\/quicosenza.it\/news\/wp-json\/wp\/v2\/types\/post"}],"author":[{"embeddable":true,"href":"https:\/\/quicosenza.it\/news\/wp-json\/wp\/v2\/users\/58"}],"replies":[{"embeddable":true,"href":"https:\/\/quicosenza.it\/news\/wp-json\/wp\/v2\/comments?post=256951"}],"version-history":[{"count":0,"href":"https:\/\/quicosenza.it\/news\/wp-json\/wp\/v2\/posts\/256951\/revisions"}],"wp:featuredmedia":[{"embeddable":true,"href":"https:\/\/quicosenza.it\/news\/wp-json\/wp\/v2\/media\/243590"}],"wp:attachment":[{"href":"https:\/\/quicosenza.it\/news\/wp-json\/wp\/v2\/media?parent=256951"}],"wp:term":[{"taxonomy":"category","embeddable":true,"href":"https:\/\/quicosenza.it\/news\/wp-json\/wp\/v2\/categories?post=256951"},{"taxonomy":"post_tag","embeddable":true,"href":"https:\/\/quicosenza.it\/news\/wp-json\/wp\/v2\/tags?post=256951"}],"curies":[{"name":"wp","href":"https:\/\/api.w.org\/{rel}","templated":true}]}}