{"id":256955,"date":"2025-04-19T15:37:14","date_gmt":"2025-04-19T13:37:14","guid":{"rendered":"https:\/\/www.quicosenza.it\/news\/?p=256955"},"modified":"2025-04-19T15:37:14","modified_gmt":"2025-04-19T13:37:14","slug":"sila-si-perde-tra-i-sentieri-del-lago-ampollino-32enne-salvato-dopo-ore-di-ricerche","status":"publish","type":"post","link":"https:\/\/quicosenza.it\/news\/sila-si-perde-tra-i-sentieri-del-lago-ampollino-32enne-salvato-dopo-ore-di-ricerche\/","title":{"rendered":"Sila, si perde tra i sentieri del Lago Ampollino: 32enne salvato dopo ore di ricerche"},"content":{"rendered":"<p>COSENZA &#8211; Disavventura a lieto fine per un <strong>giovane 32enne Ucraino<\/strong> disperso nel tardo pomeriggio di ieri tra i boschi dell&#8217;Altopiano Silano. Intorno alle ore 22,00 a seguito della segnalazione pervenuta dai Carabinieri di Petilia Policastro (KR), squadre dei vigili del fuoco del Comando di Cosenza distaccamento di San Giovanni in Fiore e del Comando di Crotone distaccamento di Petilia Policastro sono intervenute per ricercare <strong>una persona dispersa, tra i boschi della Sila nelle vicinanze del Lago Ampollino a confine tra le due province. <\/strong>Il malcapitato un<strong> giovane di nazionalit\u00e0 Ucraina<\/strong> ma residente a Crotone.<\/p>\n\n\t\t<style>\n\t\t\t#gallery-1 {\n\t\t\t\tmargin: auto;\n\t\t\t}\n\t\t\t#gallery-1 .gallery-item {\n\t\t\t\tfloat: left;\n\t\t\t\tmargin-top: 10px;\n\t\t\t\ttext-align: center;\n\t\t\t\twidth: 25%;\n\t\t\t}\n\t\t\t#gallery-1 img {\n\t\t\t\tborder: 2px solid #cfcfcf;\n\t\t\t}\n\t\t\t#gallery-1 .gallery-caption {\n\t\t\t\tmargin-left: 0;\n\t\t\t}\n\t\t\t\/* see gallery_shortcode() in wp-includes\/media.php *\/\n\t\t<\/style>\n\t\t<div id='gallery-1' class='gallery galleryid-256955 gallery-columns-4 gallery-size-full'><dl class='gallery-item'>\n\t\t\t<dt class='gallery-icon landscape'>\n\t\t\t\t<a href='https:\/\/quicosenza.it\/news\/sila-si-perde-tra-i-sentieri-del-lago-ampollino-32enne-salvato-dopo-ore-di-ricerche\/3ab701cf-f05b-4d7c-b0e1-9ceb7238528b\/'><img loading=\"lazy\" decoding=\"async\" width=\"1600\" height=\"899\" src=\"https:\/\/quicosenza.it\/news\/wp-content\/uploads\/2025\/04\/3ab701cf-f05b-4d7c-b0e1-9ceb7238528b.jpeg\" class=\"attachment-full size-full\" alt=\"\" srcset=\"https:\/\/quicosenza.it\/news\/wp-content\/uploads\/2025\/04\/3ab701cf-f05b-4d7c-b0e1-9ceb7238528b.jpeg 1600w, https:\/\/quicosenza.it\/news\/wp-content\/uploads\/2025\/04\/3ab701cf-f05b-4d7c-b0e1-9ceb7238528b-300x169.jpeg 300w, https:\/\/quicosenza.it\/news\/wp-content\/uploads\/2025\/04\/3ab701cf-f05b-4d7c-b0e1-9ceb7238528b-1024x575.jpeg 1024w, https:\/\/quicosenza.it\/news\/wp-content\/uploads\/2025\/04\/3ab701cf-f05b-4d7c-b0e1-9ceb7238528b-768x432.jpeg 768w, https:\/\/quicosenza.it\/news\/wp-content\/uploads\/2025\/04\/3ab701cf-f05b-4d7c-b0e1-9ceb7238528b-1536x863.jpeg 1536w, https:\/\/quicosenza.it\/news\/wp-content\/uploads\/2025\/04\/3ab701cf-f05b-4d7c-b0e1-9ceb7238528b-747x420.jpeg 747w, https:\/\/quicosenza.it\/news\/wp-content\/uploads\/2025\/04\/3ab701cf-f05b-4d7c-b0e1-9ceb7238528b-150x84.jpeg 150w, https:\/\/quicosenza.it\/news\/wp-content\/uploads\/2025\/04\/3ab701cf-f05b-4d7c-b0e1-9ceb7238528b-696x391.jpeg 696w, https:\/\/quicosenza.it\/news\/wp-content\/uploads\/2025\/04\/3ab701cf-f05b-4d7c-b0e1-9ceb7238528b-1068x600.jpeg 1068w\" sizes=\"auto, (max-width: 1600px) 100vw, 1600px\" title=\"\"><\/a>\n\t\t\t<\/dt><\/dl><dl class='gallery-item'>\n\t\t\t<dt class='gallery-icon landscape'>\n\t\t\t\t<a href='https:\/\/quicosenza.it\/news\/sila-si-perde-tra-i-sentieri-del-lago-ampollino-32enne-salvato-dopo-ore-di-ricerche\/3d5c8284-3c62-47bc-8aa3-7b0f865d94d9\/'><img loading=\"lazy\" decoding=\"async\" width=\"1600\" height=\"899\" src=\"https:\/\/quicosenza.it\/news\/wp-content\/uploads\/2025\/04\/3d5c8284-3c62-47bc-8aa3-7b0f865d94d9.jpeg\" class=\"attachment-full size-full\" alt=\"\" srcset=\"https:\/\/quicosenza.it\/news\/wp-content\/uploads\/2025\/04\/3d5c8284-3c62-47bc-8aa3-7b0f865d94d9.jpeg 1600w, https:\/\/quicosenza.it\/news\/wp-content\/uploads\/2025\/04\/3d5c8284-3c62-47bc-8aa3-7b0f865d94d9-300x169.jpeg 300w, https:\/\/quicosenza.it\/news\/wp-content\/uploads\/2025\/04\/3d5c8284-3c62-47bc-8aa3-7b0f865d94d9-1024x575.jpeg 1024w, https:\/\/quicosenza.it\/news\/wp-content\/uploads\/2025\/04\/3d5c8284-3c62-47bc-8aa3-7b0f865d94d9-768x432.jpeg 768w, https:\/\/quicosenza.it\/news\/wp-content\/uploads\/2025\/04\/3d5c8284-3c62-47bc-8aa3-7b0f865d94d9-1536x863.jpeg 1536w, https:\/\/quicosenza.it\/news\/wp-content\/uploads\/2025\/04\/3d5c8284-3c62-47bc-8aa3-7b0f865d94d9-747x420.jpeg 747w, https:\/\/quicosenza.it\/news\/wp-content\/uploads\/2025\/04\/3d5c8284-3c62-47bc-8aa3-7b0f865d94d9-150x84.jpeg 150w, https:\/\/quicosenza.it\/news\/wp-content\/uploads\/2025\/04\/3d5c8284-3c62-47bc-8aa3-7b0f865d94d9-696x391.jpeg 696w, https:\/\/quicosenza.it\/news\/wp-content\/uploads\/2025\/04\/3d5c8284-3c62-47bc-8aa3-7b0f865d94d9-1068x600.jpeg 1068w\" sizes=\"auto, (max-width: 1600px) 100vw, 1600px\" title=\"\"><\/a>\n\t\t\t<\/dt><\/dl><dl class='gallery-item'>\n\t\t\t<dt class='gallery-icon landscape'>\n\t\t\t\t<a href='https:\/\/quicosenza.it\/news\/sila-si-perde-tra-i-sentieri-del-lago-ampollino-32enne-salvato-dopo-ore-di-ricerche\/32enne-salvato-in-sila-2\/'><img loading=\"lazy\" decoding=\"async\" width=\"970\" height=\"600\" src=\"https:\/\/quicosenza.it\/news\/wp-content\/uploads\/2025\/04\/32enne-salvato-in-sila-1.jpg\" class=\"attachment-full size-full\" alt=\"\" srcset=\"https:\/\/quicosenza.it\/news\/wp-content\/uploads\/2025\/04\/32enne-salvato-in-sila-1.jpg 970w, https:\/\/quicosenza.it\/news\/wp-content\/uploads\/2025\/04\/32enne-salvato-in-sila-1-300x186.jpg 300w, https:\/\/quicosenza.it\/news\/wp-content\/uploads\/2025\/04\/32enne-salvato-in-sila-1-768x475.jpg 768w, https:\/\/quicosenza.it\/news\/wp-content\/uploads\/2025\/04\/32enne-salvato-in-sila-1-679x420.jpg 679w, https:\/\/quicosenza.it\/news\/wp-content\/uploads\/2025\/04\/32enne-salvato-in-sila-1-150x93.jpg 150w, https:\/\/quicosenza.it\/news\/wp-content\/uploads\/2025\/04\/32enne-salvato-in-sila-1-696x431.jpg 696w, https:\/\/quicosenza.it\/news\/wp-content\/uploads\/2025\/04\/32enne-salvato-in-sila-1-356x220.jpg 356w\" sizes=\"auto, (max-width: 970px) 100vw, 970px\" title=\"\"><\/a>\n\t\t\t<\/dt><\/dl><dl class='gallery-item'>\n\t\t\t<dt class='gallery-icon landscape'>\n\t\t\t\t<a href='https:\/\/quicosenza.it\/news\/sila-si-perde-tra-i-sentieri-del-lago-ampollino-32enne-salvato-dopo-ore-di-ricerche\/33efbec4-2c23-41c0-acf4-b15ed13ef21b\/'><img loading=\"lazy\" decoding=\"async\" width=\"1600\" height=\"899\" src=\"https:\/\/quicosenza.it\/news\/wp-content\/uploads\/2025\/04\/33efbec4-2c23-41c0-acf4-b15ed13ef21b.jpeg\" class=\"attachment-full size-full\" alt=\"\" srcset=\"https:\/\/quicosenza.it\/news\/wp-content\/uploads\/2025\/04\/33efbec4-2c23-41c0-acf4-b15ed13ef21b.jpeg 1600w, https:\/\/quicosenza.it\/news\/wp-content\/uploads\/2025\/04\/33efbec4-2c23-41c0-acf4-b15ed13ef21b-300x169.jpeg 300w, https:\/\/quicosenza.it\/news\/wp-content\/uploads\/2025\/04\/33efbec4-2c23-41c0-acf4-b15ed13ef21b-1024x575.jpeg 1024w, https:\/\/quicosenza.it\/news\/wp-content\/uploads\/2025\/04\/33efbec4-2c23-41c0-acf4-b15ed13ef21b-768x432.jpeg 768w, https:\/\/quicosenza.it\/news\/wp-content\/uploads\/2025\/04\/33efbec4-2c23-41c0-acf4-b15ed13ef21b-1536x863.jpeg 1536w, https:\/\/quicosenza.it\/news\/wp-content\/uploads\/2025\/04\/33efbec4-2c23-41c0-acf4-b15ed13ef21b-747x420.jpeg 747w, https:\/\/quicosenza.it\/news\/wp-content\/uploads\/2025\/04\/33efbec4-2c23-41c0-acf4-b15ed13ef21b-150x84.jpeg 150w, https:\/\/quicosenza.it\/news\/wp-content\/uploads\/2025\/04\/33efbec4-2c23-41c0-acf4-b15ed13ef21b-696x391.jpeg 696w, https:\/\/quicosenza.it\/news\/wp-content\/uploads\/2025\/04\/33efbec4-2c23-41c0-acf4-b15ed13ef21b-1068x600.jpeg 1068w\" sizes=\"auto, (max-width: 1600px) 100vw, 1600px\" title=\"\"><\/a>\n\t\t\t<\/dt><\/dl><br style=\"clear: both\" \/>\n\t\t<\/div>\n\n<p>Attivata la procedura, sul posto, in supporto alle squadre dei vigili del fuoco sopraggiungevano le unit\u00e0 TAS (topografia applicata al soccorso) con automezzo UCL (Unit\u00e0 di Comando Locale) da Cosenza, unit\u00e0 cinofile dei vigili del fuoco della Basilicata ed unit\u00e0 dei Nuclei SAPR VVF (Sistema aeromobile a pilotaggio remoto) della Calabria e della Basilicata. Localizzate le celle telefoniche agganciate dal cellulare del giovane, le<strong> ricerche sono proseguite per tutta la notte.<\/strong> <strong>Alle ore 5.00 circa \u00e8 stato rinvenuto tra la boscaglia il maglione del giovane<\/strong> che confermava comunque che la zona da perlustrare era corretta. Alle ore 10.00 di questa mattina, i Vigili del Fuoco hanno ritrovato il giovane. Lo stesso &#8211; provato dalle numerose ore trascorse tra i boschi &#8211; era comunque in buono stato di salute. Il giovane, dopo essere stato tranquillizzato, \u00e8 stato accompagnato in zona sicura presso l&#8217;Unit\u00e0 di Comando Locale dei vigili del fuoco dove il giovane \u00e8 stato affidato al personale sanitario del Suem118 per i controlli del caso e sussivamente \u00e8 ritornato a casa da parenti e amici.<\/p>\n","protected":false},"excerpt":{"rendered":"<p>COSENZA &#8211; Disavventura a lieto fine per un giovane 32enne Ucraino disperso nel tardo pomeriggio di ieri tra i boschi dell&#8217;Altopiano Silano. Intorno alle ore 22,00 a seguito della segnalazione pervenuta dai Carabinieri di Petilia Policastro (KR), squadre dei vigili del fuoco del Comando di Cosenza distaccamento di San Giovanni in Fiore e del Comando [&hellip;]<\/p>\n","protected":false},"author":58,"featured_media":256956,"comment_status":"closed","ping_status":"closed","sticky":false,"template":"","format":"standard","meta":{"_acf_changed":false,"footnotes":"","jetpack_publicize_message":"","jetpack_publicize_feature_enabled":true,"jetpack_social_post_already_shared":false,"jetpack_social_options":{"image_generator_settings":{"template":"highway","default_image_id":0,"font":"","enabled":false},"version":2}},"categories":[28],"tags":[19],"class_list":["post-256955","post","type-post","status-publish","format-standard","has-post-thumbnail","hentry","category-provincia","tag-copertina"],"acf":[],"jetpack_publicize_connections":[],"_links":{"self":[{"href":"https:\/\/quicosenza.it\/news\/wp-json\/wp\/v2\/posts\/256955","targetHints":{"allow":["GET"]}}],"collection":[{"href":"https:\/\/quicosenza.it\/news\/wp-json\/wp\/v2\/posts"}],"about":[{"href":"https:\/\/quicosenza.it\/news\/wp-json\/wp\/v2\/types\/post"}],"author":[{"embeddable":true,"href":"https:\/\/quicosenza.it\/news\/wp-json\/wp\/v2\/users\/58"}],"replies":[{"embeddable":true,"href":"https:\/\/quicosenza.it\/news\/wp-json\/wp\/v2\/comments?post=256955"}],"version-history":[{"count":0,"href":"https:\/\/quicosenza.it\/news\/wp-json\/wp\/v2\/posts\/256955\/revisions"}],"wp:featuredmedia":[{"embeddable":true,"href":"https:\/\/quicosenza.it\/news\/wp-json\/wp\/v2\/media\/256956"}],"wp:attachment":[{"href":"https:\/\/quicosenza.it\/news\/wp-json\/wp\/v2\/media?parent=256955"}],"wp:term":[{"taxonomy":"category","embeddable":true,"href":"https:\/\/quicosenza.it\/news\/wp-json\/wp\/v2\/categories?post=256955"},{"taxonomy":"post_tag","embeddable":true,"href":"https:\/\/quicosenza.it\/news\/wp-json\/wp\/v2\/tags?post=256955"}],"curies":[{"name":"wp","href":"https:\/\/api.w.org\/{rel}","templated":true}]}}