{"id":257105,"date":"2025-04-22T18:21:43","date_gmt":"2025-04-22T16:21:43","guid":{"rendered":"https:\/\/www.quicosenza.it\/news\/?p=257105"},"modified":"2025-04-22T18:22:00","modified_gmt":"2025-04-22T16:22:00","slug":"decreto-legge-su-organizzazione-e-reclutamento-nella-pa-andrea-gentile-piu-attrattivo-per-i-giovani","status":"publish","type":"post","link":"https:\/\/quicosenza.it\/news\/decreto-legge-su-organizzazione-e-reclutamento-nella-pa-andrea-gentile-piu-attrattivo-per-i-giovani\/","title":{"rendered":"Decreto legge su organizzazione e reclutamento nella PA, Andrea Gentile \u00abpi\u00f9 attrattivo per i giovani\u00bb"},"content":{"rendered":"<p>ROMA &#8211; L&#8217;on. Andrea Gentile \u00e8 stato designato nel Comitato dei Nove sul decreto legge relativo all&#8217;organizzazione e reclutamento nella Pubblica amministrazione. \u00abSettore pubblico pi\u00f9 attrattivo per le giovani generazioni e maggiormente funzionale, anche e soprattutto con riferimento al conseguimento degli obiettivi previsti dal Piano nazionale di ripresa e resilienza\u00bb. Sono questi gli obiettivi e il deputato calabrese di Forza Italia On. Andrea Gentile, membro I Commissione \u201cAffari Costituzionali Presidenza del Consiglio e Interni\u201d, \u00e8 stato designato recentemente nel <strong>Comitato dei Nove per la riforma della P.A.<\/strong> che prevede, tra l\u2019altro, <strong>norme sul reclutamento e sulla mobilit\u00e0<\/strong>, potenziamento del sistema scolastico e tanto altro ancora\u00bb.<\/p>\n<h4>Reclutamento, organizzazione e funzionalit\u00e0<\/h4>\n<p>Il decreto legge Pa 2025, in particolare \u00e8 composto<strong> da tre parti<\/strong>: \u00abreclutamento, organizzazione e funzionalit\u00e0\u00bb, puntualizza Gentile. \u00abPer quanto concerne il <strong>reclutamento<\/strong> rientrano misure che riguardano l\u2019attrattivit\u00e0 per i giovani, la centralizzazione dei concorsi pubblici, il rendere pi\u00f9 chiara la disciplina in merito al reclutamento e all\u2019utilizzo delle graduatorie vigenti\u00bb.<\/p>\n<p>In merito alla <strong>organizzazione<\/strong>, invece, rientrano misure per il potenziamento delle amministrazioni centrali; misure per gli enti colpiti dal sisma nel 2009 e nel 2016 e per la ricostruzione nei territori dell\u2019Emilia-Romagna, Marche e Toscana colpiti da eventi alluvionali; contributo Segretari comunali; nomina Commissario \u201cterra dei fuochi\u201d; rafforzamento Mef, Ambiente e Dipartimento pari opportunit\u00e0.<\/p>\n<p>Mentre in relazione alla <strong>funzionalit\u00e0<\/strong>, sono previste misure per la progressiva armonizzazione dei trattamenti economici; misure in materia di riduzione dei tempi di pagamento della Pa; adeguamento delle retribuzioni del personale assunto nelle sedi all\u2019estero; misure per il Giubileo; Hub dell\u2019innovazione \u2013 Mimit.<\/p>\n<p>Tra le misure emerge la disposizione che consente a <strong>Regioni, Province, Citt\u00e0 Metropolitane<\/strong> <strong>ed Enti locali di assumere, come funzionari, diplomati degli ITS Academy<\/strong>. Mentre al fine di garantire uniformit\u00e0 sul territorio nazionale, ottimizzare tempi e costi, aumentare l\u2019efficienza e ridurre i contenziosi, \u00e8 prevista la centralizzazione dei concorsi pubblici e non saranno quindi pi\u00f9 le singole amministrazioni a bandirli. Per quanto riguarda le graduatorie vigenti dei concorsi pubblici, il decreto legge stabilisce che per le graduatorie del 2024 e del 2025 \u00e8 sospesa l&#8217;applicazione della norma &#8220;taglia idonei&#8221; ed al contempo verr\u00e0 rafforzato l&#8217;utilizzo della mobilit\u00e0 tra le amministrazioni.<\/p>\n<p>\u00abLa <strong>maggioranza<\/strong> \u2013 spiega l\u2019On. Gentile &#8211; <strong>\u00e8 riuscita ad inserire<\/strong>, attraverso emendamenti puntuali, misure per il miglioramento della Pa, tra cui proposte finalizzate al potenziamento del sistema scolastico: interventi in materia di welfare del personale, edilizia scolastica e reclutamento dei docenti, stanziando <strong>40 milioni di euro per il finanziamento dell&#8217;assicurazione integrativa sanitaria per il personale scolastico e 20 milioni di euro in materia di edilizia scolastica<\/strong>\u00bb. E poi, ancora, \u00e8 \u00abprevisto il superamento dei vincoli del turn over per il reclutamento degli insegnanti di religione cattolica\u00bb, nonch\u00e9 la previsione del \u00absalario accessorio dei dipendenti di Regioni, Province e citt\u00e0 metropolitane con i conti in ordine\u00bb. \u00abL\u2019intento \u00e8 quello di garantire una Pubblica amministrazione moderna, innovativa e pi\u00f9 vicina a cittadini e imprese\u00bb, ha concluso l\u2019On. Gentile.<\/p>\n","protected":false},"excerpt":{"rendered":"<p>ROMA &#8211; L&#8217;on. Andrea Gentile \u00e8 stato designato nel Comitato dei Nove sul decreto legge relativo all&#8217;organizzazione e reclutamento nella Pubblica amministrazione. \u00abSettore pubblico pi\u00f9 attrattivo per le giovani generazioni e maggiormente funzionale, anche e soprattutto con riferimento al conseguimento degli obiettivi previsti dal Piano nazionale di ripresa e resilienza\u00bb. Sono questi gli obiettivi e [&hellip;]<\/p>\n","protected":false},"author":42,"featured_media":257109,"comment_status":"closed","ping_status":"closed","sticky":false,"template":"","format":"standard","meta":{"_acf_changed":false,"footnotes":"","jetpack_publicize_message":"","jetpack_publicize_feature_enabled":true,"jetpack_social_post_already_shared":false,"jetpack_social_options":{"image_generator_settings":{"template":"highway","default_image_id":0,"font":"","enabled":false},"version":2}},"categories":[17],"tags":[19],"class_list":["post-257105","post","type-post","status-publish","format-standard","has-post-thumbnail","hentry","category-calabria","tag-copertina"],"acf":[],"jetpack_publicize_connections":[],"_links":{"self":[{"href":"https:\/\/quicosenza.it\/news\/wp-json\/wp\/v2\/posts\/257105","targetHints":{"allow":["GET"]}}],"collection":[{"href":"https:\/\/quicosenza.it\/news\/wp-json\/wp\/v2\/posts"}],"about":[{"href":"https:\/\/quicosenza.it\/news\/wp-json\/wp\/v2\/types\/post"}],"author":[{"embeddable":true,"href":"https:\/\/quicosenza.it\/news\/wp-json\/wp\/v2\/users\/42"}],"replies":[{"embeddable":true,"href":"https:\/\/quicosenza.it\/news\/wp-json\/wp\/v2\/comments?post=257105"}],"version-history":[{"count":0,"href":"https:\/\/quicosenza.it\/news\/wp-json\/wp\/v2\/posts\/257105\/revisions"}],"wp:featuredmedia":[{"embeddable":true,"href":"https:\/\/quicosenza.it\/news\/wp-json\/wp\/v2\/media\/257109"}],"wp:attachment":[{"href":"https:\/\/quicosenza.it\/news\/wp-json\/wp\/v2\/media?parent=257105"}],"wp:term":[{"taxonomy":"category","embeddable":true,"href":"https:\/\/quicosenza.it\/news\/wp-json\/wp\/v2\/categories?post=257105"},{"taxonomy":"post_tag","embeddable":true,"href":"https:\/\/quicosenza.it\/news\/wp-json\/wp\/v2\/tags?post=257105"}],"curies":[{"name":"wp","href":"https:\/\/api.w.org\/{rel}","templated":true}]}}