{"id":257228,"date":"2025-04-23T10:54:13","date_gmt":"2025-04-23T08:54:13","guid":{"rendered":"https:\/\/www.quicosenza.it\/news\/?p=257228"},"modified":"2025-04-23T10:55:38","modified_gmt":"2025-04-23T08:55:38","slug":"la-popstar-lady-gaga-condivide-video-dellaffrontata-di-vibo-boom-di-visualizzazioni-su-tik-tok","status":"publish","type":"post","link":"https:\/\/quicosenza.it\/news\/la-popstar-lady-gaga-condivide-video-dellaffrontata-di-vibo-boom-di-visualizzazioni-su-tik-tok\/","title":{"rendered":"La popstar Lady Gaga condivide video dell&#8217;Affrontata di Vibo, boom di visualizzazioni su Tik Tok"},"content":{"rendered":"<p>VIBO VALENTIA &#8211; L&#8217;Affrontata di Vibo Valentia, uno dei riti pi\u00f9 suggestivi della Pasqua in Calabria, spopola su Tik Tok grazie alla popstar della musica mondiale Lady Gaga che ha deciso di ricondividere sul suo profilo, una clip di pochi secondi. E&#8217; il momento della rappresentazione della <strong>Madonna che toglie il manto nero del lutto per la morte del figlio Ges\u00f9 Cristo,<\/strong> svelando quello <strong>turchese a simboleggiare la gioia per la resurrezione<\/strong>. Il clip ripostato da lady Gaga hanno totalizzato a livello mondiale 2,1 milioni di visualizzazioni.<\/p>\n<div style=\"width: 576px;\" class=\"wp-video\"><video class=\"wp-video-shortcode\" id=\"video-257228-1\" width=\"576\" height=\"1024\" preload=\"metadata\" controls=\"controls\"><source type=\"video\/mp4\" src=\"https:\/\/quicosenza.it\/news\/wp-content\/uploads\/2025\/04\/snaptik_7495486296400366870.mp4?_=1\" \/><a href=\"https:\/\/quicosenza.it\/news\/wp-content\/uploads\/2025\/04\/snaptik_7495486296400366870.mp4\">https:\/\/quicosenza.it\/news\/wp-content\/uploads\/2025\/04\/snaptik_7495486296400366870.mp4<\/a><\/video><\/div>\n<p>Il gesto di Lady Gaga non \u00e8 passato inosservato e le immagini non contengono alcuna indicazione esplicit\u00e0 del luogo in cui \u00e8 stato girato il video originale che propone il rito della Settimana Santa e che si svolge ogni anno nella domenica di Pasqua ma <strong>sono bastate<\/strong> <strong>poche sequenze per far capire che si trattava dell&#8217;Affrontata<\/strong>.<\/p>\n<p>L&#8217;artista americana, che vanta origini italiane (i suoi avi provengono da Naso, un piccolo comune in provincia di Messina), ha spesso manifestato affetto e attenzioni per le tradizioni italiane, e questo legame culturale potrebbe averla spinta a dare visibilit\u00e0 al rituale vibonese, che mescola fede, folklore e comunit\u00e0 in un evento che si ripete da secoli. Per Vibo Valentia, si tratta di una inattesa e straordinaria occasione di promozione delle proprie tradizioni religiose e culturali. L&#8217;Affrontata, insieme ad altri riti della Settimana Santa, rappresenta infatti un patrimonio immateriale di grande valore, ora improvvisamente proiettato sulla scena globale grazie a un&#8217;inattesa &#8220;benedizione&#8221; social da parte di una delle icone della musica contemporanea.<\/p>\n","protected":false},"excerpt":{"rendered":"<p>VIBO VALENTIA &#8211; L&#8217;Affrontata di Vibo Valentia, uno dei riti pi\u00f9 suggestivi della Pasqua in Calabria, spopola su Tik Tok grazie alla popstar della musica mondiale Lady Gaga che ha deciso di ricondividere sul suo profilo, una clip di pochi secondi. E&#8217; il momento della rappresentazione della Madonna che toglie il manto nero del lutto [&hellip;]<\/p>\n","protected":false},"author":42,"featured_media":257230,"comment_status":"closed","ping_status":"closed","sticky":false,"template":"","format":"standard","meta":{"_acf_changed":false,"footnotes":"","jetpack_publicize_message":"","jetpack_publicize_feature_enabled":true,"jetpack_social_post_already_shared":false,"jetpack_social_options":{"image_generator_settings":{"template":"highway","default_image_id":0,"font":"","enabled":false},"version":2}},"categories":[17],"tags":[19],"class_list":["post-257228","post","type-post","status-publish","format-standard","has-post-thumbnail","hentry","category-calabria","tag-copertina"],"acf":[],"jetpack_publicize_connections":[],"_links":{"self":[{"href":"https:\/\/quicosenza.it\/news\/wp-json\/wp\/v2\/posts\/257228","targetHints":{"allow":["GET"]}}],"collection":[{"href":"https:\/\/quicosenza.it\/news\/wp-json\/wp\/v2\/posts"}],"about":[{"href":"https:\/\/quicosenza.it\/news\/wp-json\/wp\/v2\/types\/post"}],"author":[{"embeddable":true,"href":"https:\/\/quicosenza.it\/news\/wp-json\/wp\/v2\/users\/42"}],"replies":[{"embeddable":true,"href":"https:\/\/quicosenza.it\/news\/wp-json\/wp\/v2\/comments?post=257228"}],"version-history":[{"count":0,"href":"https:\/\/quicosenza.it\/news\/wp-json\/wp\/v2\/posts\/257228\/revisions"}],"wp:featuredmedia":[{"embeddable":true,"href":"https:\/\/quicosenza.it\/news\/wp-json\/wp\/v2\/media\/257230"}],"wp:attachment":[{"href":"https:\/\/quicosenza.it\/news\/wp-json\/wp\/v2\/media?parent=257228"}],"wp:term":[{"taxonomy":"category","embeddable":true,"href":"https:\/\/quicosenza.it\/news\/wp-json\/wp\/v2\/categories?post=257228"},{"taxonomy":"post_tag","embeddable":true,"href":"https:\/\/quicosenza.it\/news\/wp-json\/wp\/v2\/tags?post=257228"}],"curies":[{"name":"wp","href":"https:\/\/api.w.org\/{rel}","templated":true}]}}