{"id":257248,"date":"2025-04-23T13:30:05","date_gmt":"2025-04-23T11:30:05","guid":{"rendered":"https:\/\/www.quicosenza.it\/news\/?p=257248"},"modified":"2025-04-23T13:05:27","modified_gmt":"2025-04-23T11:05:27","slug":"castiglione-cosentino-la-rotatoria-in-costruzione-sara-intitolata-a-papa-francesco","status":"publish","type":"post","link":"https:\/\/quicosenza.it\/news\/castiglione-cosentino-la-rotatoria-in-costruzione-sara-intitolata-a-papa-francesco\/","title":{"rendered":"Castiglione Cosentino, la rotatoria in costruzione sar\u00e0 intitolata a Papa Francesco"},"content":{"rendered":"<p>CASTIGLIONE COSENTINO (CS) &#8211; La presidente dell&#8217;amministrazione provinciale Rosaria Succurro ed il sindaco di Castiglione Cosentino Salvatore Magar\u00f2 hanno comunicato la decisione di \u00ab<strong>intitolare a Papa Francesco<\/strong> la rotatoria in cui si intersecano la strada <strong>provinciale 234<\/strong> che costeggia il fiume Crati e la <strong>strada provinciale 229<\/strong> che conduce a Castiglione Cosentino. L&#8217;opera ricade nel comune di Castiglione Cosentino ed \u00e8 di propriet\u00e0 della Provincia di Cosenza. I <strong>lavori sono a buon punto<\/strong>\u00bb.<\/p>\n<p>\u00abLa decisione \u2013 fanno sapere Succurro e Magar\u00f2 \u2013 \u00e8 maturata sullo <strong>slancio emozionale della inattesa scomparsa di Bergoglio<\/strong> e nella convinzione che l&#8217;amato Pontefice debba rimanere per tutti noi una <strong>stella polare<\/strong> da raccontare anche alle generazioni future. Il luogo richiama il valore delle connessioni, l&#8217;importanza di unire pi\u00f9 percorsi per arrivare ad un cammino comune di pace e prosperit\u00e0. <strong>Siamo certi di interpretare con questa scelta, non solo il desiderio della comunit\u00e0 cattolica<\/strong>, ma di tutti coloro che, al di l\u00e0 della professione di fede, si riconoscono nei valori della <strong>fratellanza e della solidariet\u00e0<\/strong>\u00bb.<\/p>\n","protected":false},"excerpt":{"rendered":"<p>CASTIGLIONE COSENTINO (CS) &#8211; La presidente dell&#8217;amministrazione provinciale Rosaria Succurro ed il sindaco di Castiglione Cosentino Salvatore Magar\u00f2 hanno comunicato la decisione di \u00abintitolare a Papa Francesco la rotatoria in cui si intersecano la strada provinciale 234 che costeggia il fiume Crati e la strada provinciale 229 che conduce a Castiglione Cosentino. L&#8217;opera ricade nel [&hellip;]<\/p>\n","protected":false},"author":42,"featured_media":257249,"comment_status":"closed","ping_status":"closed","sticky":false,"template":"","format":"standard","meta":{"_acf_changed":false,"footnotes":"","jetpack_publicize_message":"","jetpack_publicize_feature_enabled":true,"jetpack_social_post_already_shared":false,"jetpack_social_options":{"image_generator_settings":{"template":"highway","default_image_id":0,"font":"","enabled":false},"version":2}},"categories":[28],"tags":[19],"class_list":["post-257248","post","type-post","status-publish","format-standard","has-post-thumbnail","hentry","category-provincia","tag-copertina"],"acf":[],"jetpack_publicize_connections":[],"_links":{"self":[{"href":"https:\/\/quicosenza.it\/news\/wp-json\/wp\/v2\/posts\/257248","targetHints":{"allow":["GET"]}}],"collection":[{"href":"https:\/\/quicosenza.it\/news\/wp-json\/wp\/v2\/posts"}],"about":[{"href":"https:\/\/quicosenza.it\/news\/wp-json\/wp\/v2\/types\/post"}],"author":[{"embeddable":true,"href":"https:\/\/quicosenza.it\/news\/wp-json\/wp\/v2\/users\/42"}],"replies":[{"embeddable":true,"href":"https:\/\/quicosenza.it\/news\/wp-json\/wp\/v2\/comments?post=257248"}],"version-history":[{"count":0,"href":"https:\/\/quicosenza.it\/news\/wp-json\/wp\/v2\/posts\/257248\/revisions"}],"wp:featuredmedia":[{"embeddable":true,"href":"https:\/\/quicosenza.it\/news\/wp-json\/wp\/v2\/media\/257249"}],"wp:attachment":[{"href":"https:\/\/quicosenza.it\/news\/wp-json\/wp\/v2\/media?parent=257248"}],"wp:term":[{"taxonomy":"category","embeddable":true,"href":"https:\/\/quicosenza.it\/news\/wp-json\/wp\/v2\/categories?post=257248"},{"taxonomy":"post_tag","embeddable":true,"href":"https:\/\/quicosenza.it\/news\/wp-json\/wp\/v2\/tags?post=257248"}],"curies":[{"name":"wp","href":"https:\/\/api.w.org\/{rel}","templated":true}]}}