{"id":257266,"date":"2025-04-23T16:00:16","date_gmt":"2025-04-23T14:00:16","guid":{"rendered":"https:\/\/www.quicosenza.it\/news\/?p=257266"},"modified":"2025-04-23T16:00:16","modified_gmt":"2025-04-23T14:00:16","slug":"buco-milionario-allinrca-cosenza-intesa-tra-marche-e-calabria-su-debiti-e-rilancio-della-struttura","status":"publish","type":"post","link":"https:\/\/quicosenza.it\/news\/buco-milionario-allinrca-cosenza-intesa-tra-marche-e-calabria-su-debiti-e-rilancio-della-struttura\/","title":{"rendered":"Buco milionario all&#8217;Inrca Cosenza: intesa tra Marche e Calabria su debiti e rilancio della struttura"},"content":{"rendered":"<p>COSENZA &#8211; <strong>Accordo tra la Regione Marche, l&#8217;Istituto di Ricovero e Cura a Carattere Scientifico di Ancona Inrca e la Regione Calabria per avviare un nuovo piano di sviluppo del presidio Inrca di Cosenza<\/strong>. L&#8217;intesa si basa sul Piano di sviluppo definitivo per il presidio Inrca di Cosenza, presentato insieme al relativo piano economico-finanziario. La sottoscrizione dell&#8217;accordo triennale 2025-2027 tra Inrca, Regione Marche e Regione Calabria, consente il reinserimento dell&#8217;Inrca di Cosenza all&#8217;interno del perimetro del consolidato regionale dal 2024.<\/p>\n<p>&#8220;Questo <strong>accordo tra le nostre regioni risolve <a href=\"https:\/\/quicosenza.it\/news\/area-urbana\/debito-milionario-allinrca-di-cosenza-lallarme-del-pd-marche-pagheranno-i-nostri-cittadini\" target=\"_blank\" rel=\"noopener\">questioni sospese del passato<\/a> e soprattutto guarda al futur<\/strong>o &#8211; ha sottolineato il<strong> presidente della Regione Marche Francesco Acquaroli<\/strong> -. Un ulteriore passo avanti importante per rafforzare la collaborazione sui temi della longevit\u00e0 attiva, migliorare i servizi sanitari e promuovere la ricerca scientifica. L&#8217;accordo permetter\u00e0 di rafforzare i nostri presidi e potenziare cos\u00ec il ruolo nazionale dell&#8217;Inrca nelle politiche per la longevit\u00e0, riconosciuto anche dal Ministero della Salute. Ringrazio il presidente della Regione Calabria, Roberto Occhiuto, per la disponibilit\u00e0 dimostrata nell&#8217;incontro avuto a Bruxelles mesi fa a cui sono seguiti provvedimenti concreti. La sanit\u00e0 \u00e8 una priorit\u00e0 e continueremo a lavorare per offrire servizi sempre pi\u00f9 efficaci e innovativi&#8221;. Per garantire la continuit\u00e0 amministrativa di Inrca, la Regione Calabria si impegna a corrispondere a Inrca le quote relative alle partite contabili sospese a partire dal 2019, tenuto conto dell&#8217;incidenza negativa della pandemia Covid-19 sui livelli di produzione e della ricostruzione congiunta degli atti amministrativi pertinenti.<\/p>\n<p>&#8220;L&#8217;intesa \u00e8 strategica ed avr\u00e0 ricadute importanti per la comunit\u00e0 &#8211; dichiara il vicepresidente e assessore alla Sanit\u00e0, Filippo Saltamartini -: da un lato prevede <strong>l&#8217;impegno della Regione Calabria a corrispondere all&#8217;Inrca le quote relative alle partite contabili che erano rimaste sospese a partire dal 2019<\/strong>, <strong>e dall&#8217;altro rafforza una collaborazione di importanza fondamentale per promuovere la ricerca scientifica e rispondere alle sfide poste dall&#8217;invecchiamento.<\/strong> L&#8217;obiettivo \u00e8 quello di sviluppare azioni concrete, soluzioni innovative ed interventi per migliorare la salute, la qualit\u00e0 di vita delle persone anziane e la loro inclusione nella societ\u00e0. Ringrazio la Regione Calabria e l&#8217;assessore Marcello Minenna per la stretta cooperazione tra le due regioni, che smentisce le strumentali polemiche politiche giunte anche in Consiglio Regionale&#8221;.<\/p>\n<h3><strong>Il piano per rilanciare l&#8217;Inrca di Cosenza<\/strong><\/h3>\n<p>Il Piano si basa su tre elementi fondamentali: la rimodulazione del profilo di attivit\u00e0 del Presidio, maggiormente coerente con la &#8220;mission&#8221; di Istituto di Ricovero e Cura a Carattere Scientifico (l&#8217;unico presente in Regione Calabria) di rilievo nazionale nella <strong>disciplina della geriatria,<\/strong> rafforzando e valorizzando il ruolo nel contesto della rete socio-sanitaria locale e regionale, e garantendo l&#8217;erogazione delle cure in condizioni di appropriatezza, efficacia, efficienza e sicurezza, coerentemente agli obiettivi regionali\/nazionali. Altri elementi cardini del Piano sono la finalizzazione ad un obiettivo di miglioramento della sostenibilit\u00e0 economica; e infine lo sviluppo tecnologico-scientifico del presidio.<\/p>\n<p>Regione Marche, Inrca e Regione Calabria hanno l&#8217;interesse reciproco a proseguire, <strong>consolidare e ampliare la collaborazione sui temi dell&#8217;invecchiamento, nella prospettiva di offrire servizi di qualit\u00e0, promuovendo anche azioni e interventi volte alla ricerca scientifica in materia di invecchiamento e di inclusione sociale delle persone anziane.<\/strong> In quest&#8217;ottica, nel Piano di Sviluppo sono state esplicitate le finalit\u00e0 dell&#8217;accordo: disciplinare l&#8217;implementazione dei percorsi di diagnosi e cura dei pazienti; attivit\u00e0 di ricerca e formazione anche a supporto del Sistema Sanitario Regionale (SSR); altre attivit\u00e0 di supporto alle aziende del SSR e alla Regione Calabria; elaborazione, predisposizione e conseguente approvazione del piano dei fabbisogni assunzionali da parte di Regione Calabria in linea con le previsioni normative nazionali; disciplina della copertura di perdite di bilancio o di squilibri finanziari, relative alle attivit\u00e0 assistenziali, fermo restando le competenze proprie in materia economico-finanziarie e di valutazione da parte di Regione Calabria; implementazione dei percorsi legati alla Telemedicina (per ci\u00f2 che attiene il controllo delle patologie respiratorie e delle patologie cardiache dell&#8217;anziano e allo sviluppo della teleriabilitazione); incremento del livello di integrazione con le strutture della rete ospedaliera e territoriale della provincia di Cosenza e di tutta la Calabria per le attivit\u00e0 sanitarie svolte in particolare in regime di ricovero; sviluppo delle attivit\u00e0 di ricerca inerenti il paziente anziano; definizione e approvazione dell&#8217;atto aziendale e della struttura organizzativa della sede INRCA di Cosenza, da sottoporre all&#8217;approvazione anche di Regione Calabria.<\/p>\n","protected":false},"excerpt":{"rendered":"<p>COSENZA &#8211; Accordo tra la Regione Marche, l&#8217;Istituto di Ricovero e Cura a Carattere Scientifico di Ancona Inrca e la Regione Calabria per avviare un nuovo piano di sviluppo del presidio Inrca di Cosenza. L&#8217;intesa si basa sul Piano di sviluppo definitivo per il presidio Inrca di Cosenza, presentato insieme al relativo piano economico-finanziario. La [&hellip;]<\/p>\n","protected":false},"author":58,"featured_media":188634,"comment_status":"closed","ping_status":"closed","sticky":false,"template":"","format":"standard","meta":{"_acf_changed":false,"footnotes":"","jetpack_publicize_message":"","jetpack_publicize_feature_enabled":true,"jetpack_social_post_already_shared":false,"jetpack_social_options":{"image_generator_settings":{"template":"highway","default_image_id":0,"font":"","enabled":false},"version":2}},"categories":[563,42],"tags":[19],"class_list":["post-257266","post","type-post","status-publish","format-standard","has-post-thumbnail","hentry","category-area-urbana","category-cosenza","tag-copertina"],"acf":[],"jetpack_publicize_connections":[],"_links":{"self":[{"href":"https:\/\/quicosenza.it\/news\/wp-json\/wp\/v2\/posts\/257266","targetHints":{"allow":["GET"]}}],"collection":[{"href":"https:\/\/quicosenza.it\/news\/wp-json\/wp\/v2\/posts"}],"about":[{"href":"https:\/\/quicosenza.it\/news\/wp-json\/wp\/v2\/types\/post"}],"author":[{"embeddable":true,"href":"https:\/\/quicosenza.it\/news\/wp-json\/wp\/v2\/users\/58"}],"replies":[{"embeddable":true,"href":"https:\/\/quicosenza.it\/news\/wp-json\/wp\/v2\/comments?post=257266"}],"version-history":[{"count":0,"href":"https:\/\/quicosenza.it\/news\/wp-json\/wp\/v2\/posts\/257266\/revisions"}],"wp:featuredmedia":[{"embeddable":true,"href":"https:\/\/quicosenza.it\/news\/wp-json\/wp\/v2\/media\/188634"}],"wp:attachment":[{"href":"https:\/\/quicosenza.it\/news\/wp-json\/wp\/v2\/media?parent=257266"}],"wp:term":[{"taxonomy":"category","embeddable":true,"href":"https:\/\/quicosenza.it\/news\/wp-json\/wp\/v2\/categories?post=257266"},{"taxonomy":"post_tag","embeddable":true,"href":"https:\/\/quicosenza.it\/news\/wp-json\/wp\/v2\/tags?post=257266"}],"curies":[{"name":"wp","href":"https:\/\/api.w.org\/{rel}","templated":true}]}}