{"id":257414,"date":"2025-04-25T16:05:28","date_gmt":"2025-04-25T14:05:28","guid":{"rendered":"https:\/\/www.quicosenza.it\/news\/?p=257414"},"modified":"2025-04-25T16:05:28","modified_gmt":"2025-04-25T14:05:28","slug":"25-aprile-stop-alle-manifestazioni-negli-archivi-di-stato-a-cosenza-il-sindaco-replica-e-assurdo","status":"publish","type":"post","link":"https:\/\/quicosenza.it\/news\/25-aprile-stop-alle-manifestazioni-negli-archivi-di-stato-a-cosenza-il-sindaco-replica-e-assurdo\/","title":{"rendered":"25 Aprile, stop alle manifestazioni negli Archivi di Stato a Cosenza. Il sindaco replica: \u00ab\u00e8 assurdo\u00bb"},"content":{"rendered":"<p>COSENZA &#8211; &#8220;La richiesta formale proveniente dal direttore generale archivi Antonio Tarasco, inviata a tutti gli archivi di Stato del Paese, di <strong>rinviare o annullare ogni iniziativa programmata in occasione dell&#8217;Ottantesimo anniversario della Liberazione in segno di cordoglio per la morte del Pontefice, appare assurda<\/strong> e del tutto fuori luogo. Negli Archivi di Stato, ammenoch\u00e9 il DG non sia a conoscenza di altro, solitamente non si balla e non si brinda, ma si organizzano manifestazioni sobrie e di qualit\u00e0 in osservanza a quella che \u00e8 la mission di questi organismi indirizzata alla conservazione, tutela e valorizzazione della storia Patria. Questo \u00e8 ci\u00f2 che si intendeva fare nell&#8217; Archivio di Stato di Cosenza dove \u00e8 stata annullata la mostra &#8220;Grido di Libert\u00e0&#8221; la cui inaugurazione si doveva tenere ieri pomeriggio&#8221;.<\/p>\n<p>Lo afferma il<strong> sindaco di Cosenza Franz Caruso<\/strong> che prosegue: &#8220;Non \u00e8 certamente mia intenzione agitare polemiche o alzare polveroni, ma \u00e8 indubbio che annullare le iniziative poste in essere dagli Archivi di Stato per celebrare una data di immenso valore per la nostra Repubblica, in uno Stato Laico, qual \u00e8 appunto la Liberazione dalla dittatura nazifascista, <strong>\u00e8 eccessivo intanto perch\u00e8 va ben oltre gli obblighi da rispettare per il lutto nazionale giustamente dichiarato<\/strong>, quanto <strong>cozza con la stessa concezione che della Cultura aveva Papa Francesco<\/strong>, per come ricordato, peraltro, dallo stesso Ministro Giuli nel suo messaggio di cordoglio in cui ha sottolineato il sostegno del Pontefice. Ebbene si faccia ispirare il Ministro Giuli ed intervenga tempestivamente affinch\u00e9 non si oscuri un momento che va ben oltre quello celebrativo, rappresentando soprattutto un&#8217;occasione di riflessione, di ricordo e di gratitudine. Di ricordo perch\u00e9, per come mi piace ribadire, per proiettarci nel futuro \u00e8 necessario conoscere il nostro passato facendone memoria per non ripeterne gli errori. Di gratitudine nei confronti di quanti, donne e uomini, si sono opposti a 20 anni di dittatura restituendo all&#8217;Italia la libert\u00e0 ed a molti di loro \u00e8 costata la vita&#8221;.<\/p>\n","protected":false},"excerpt":{"rendered":"<p>COSENZA &#8211; &#8220;La richiesta formale proveniente dal direttore generale archivi Antonio Tarasco, inviata a tutti gli archivi di Stato del Paese, di rinviare o annullare ogni iniziativa programmata in occasione dell&#8217;Ottantesimo anniversario della Liberazione in segno di cordoglio per la morte del Pontefice, appare assurda e del tutto fuori luogo. Negli Archivi di Stato, ammenoch\u00e9 [&hellip;]<\/p>\n","protected":false},"author":58,"featured_media":257417,"comment_status":"closed","ping_status":"closed","sticky":false,"template":"","format":"standard","meta":{"_acf_changed":false,"footnotes":"","jetpack_publicize_message":"","jetpack_publicize_feature_enabled":true,"jetpack_social_post_already_shared":false,"jetpack_social_options":{"image_generator_settings":{"template":"highway","default_image_id":0,"font":"","enabled":false},"version":2}},"categories":[563,42],"tags":[19],"class_list":["post-257414","post","type-post","status-publish","format-standard","has-post-thumbnail","hentry","category-area-urbana","category-cosenza","tag-copertina"],"acf":[],"jetpack_publicize_connections":[],"_links":{"self":[{"href":"https:\/\/quicosenza.it\/news\/wp-json\/wp\/v2\/posts\/257414","targetHints":{"allow":["GET"]}}],"collection":[{"href":"https:\/\/quicosenza.it\/news\/wp-json\/wp\/v2\/posts"}],"about":[{"href":"https:\/\/quicosenza.it\/news\/wp-json\/wp\/v2\/types\/post"}],"author":[{"embeddable":true,"href":"https:\/\/quicosenza.it\/news\/wp-json\/wp\/v2\/users\/58"}],"replies":[{"embeddable":true,"href":"https:\/\/quicosenza.it\/news\/wp-json\/wp\/v2\/comments?post=257414"}],"version-history":[{"count":0,"href":"https:\/\/quicosenza.it\/news\/wp-json\/wp\/v2\/posts\/257414\/revisions"}],"wp:featuredmedia":[{"embeddable":true,"href":"https:\/\/quicosenza.it\/news\/wp-json\/wp\/v2\/media\/257417"}],"wp:attachment":[{"href":"https:\/\/quicosenza.it\/news\/wp-json\/wp\/v2\/media?parent=257414"}],"wp:term":[{"taxonomy":"category","embeddable":true,"href":"https:\/\/quicosenza.it\/news\/wp-json\/wp\/v2\/categories?post=257414"},{"taxonomy":"post_tag","embeddable":true,"href":"https:\/\/quicosenza.it\/news\/wp-json\/wp\/v2\/tags?post=257414"}],"curies":[{"name":"wp","href":"https:\/\/api.w.org\/{rel}","templated":true}]}}