{"id":263269,"date":"2025-07-03T15:00:20","date_gmt":"2025-07-03T13:00:20","guid":{"rendered":"https:\/\/www.quicosenza.it\/news\/?p=263269"},"modified":"2025-07-03T16:45:13","modified_gmt":"2025-07-03T14:45:13","slug":"castrolibero-saluta-giona-lagana-la-giovane-promessa-del-calcio-verso-la-juventus","status":"publish","type":"post","link":"https:\/\/quicosenza.it\/news\/castrolibero-saluta-giona-lagana-la-giovane-promessa-del-calcio-verso-la-juventus\/","title":{"rendered":"Castrolibero saluta Giona Lagana, la giovane promessa del calcio verso la Juventus"},"content":{"rendered":"<p>CASTRILIBERO &#8211;\u00a0Castrolibero si stringe con orgoglio attorno a <strong>Giona Lagana, giovane talento calcistico<\/strong> che porta con s\u00e9 i valori e la passione della sua comunit\u00e0.\u00a0Giona ha mosso i primi passi nel mondo del calcio <strong>nelle giovanili di una scuola calcio di Cosenza<\/strong>.\u00a0Il suo talento non \u00e8 passato inosservato e ben presto<strong> \u00e8 stato notato dalla Segato-Juventus di Reggio Calabria, che lo ha accolto con grande attenzione e determinazione<\/strong>.<\/p>\n<p>L\u2019interesse per il ragazzo \u00e8 arrivato fino ai pi\u00f9 importanti club europei, ma \u00e8 stata la Juventus a dimostrare maggiore pazienza e cura, seguendo Giona con attenzione e aspettando che raggiungesse<strong> l\u2019et\u00e0 minima di 14 anni per poter firmare il suo primo contratto professionistico<\/strong>.\u00a0Ora Giona si appresta a iniziare una nuova e decisiva avventura con la societ\u00e0 bianconera, portando con s\u00e9 l\u2019orgoglio di Castrolibero.<\/p>\n<p>Annamaria Buono, Vicepresidente del Consiglio Comunale con delega a Giovani e Sport, ha sottolineato come \u201c<em><strong>Giona rappresenti un modello di dedizione e passione per i giovani della nostra comunit\u00e0, un motivo di grande orgoglio<\/strong><\/em>\u201d.\u00a0Il consigliere comunale Aldo Figliuzzi ha aggiunto: \u201c<strong><em>Seguiamo con interesse il percorso di questo giovane atleta, certi che sapr\u00e0 portare in alto il nome di Castrolibero<\/em><\/strong>\u201d.<\/p>\n<p>Il sindaco Orlandino Greco ha infine dichiarato: <strong>\u201cIl Comune di Castrolibero sar\u00e0 sempre vicino a Giona, sostenendolo in ogni fase della sua crescita sportiva e personale<\/strong>\u201d.\u00a0Con il sostegno della sua comunit\u00e0 alle spalle, Giona Lagana \u00e8 pronto a scrivere una nuova pagina della sua storia, con la speranza di portare il nome di Castrolibero sempre pi\u00f9 in alto.<\/p>\n","protected":false},"excerpt":{"rendered":"<p>CASTRILIBERO &#8211;\u00a0Castrolibero si stringe con orgoglio attorno a Giona Lagana, giovane talento calcistico che porta con s\u00e9 i valori e la passione della sua comunit\u00e0.\u00a0Giona ha mosso i primi passi nel mondo del calcio nelle giovanili di una scuola calcio di Cosenza.\u00a0Il suo talento non \u00e8 passato inosservato e ben presto \u00e8 stato notato dalla [&hellip;]<\/p>\n","protected":false},"author":24,"featured_media":263270,"comment_status":"closed","ping_status":"closed","sticky":false,"template":"","format":"standard","meta":{"_acf_changed":false,"footnotes":"","jetpack_publicize_message":"","jetpack_publicize_feature_enabled":true,"jetpack_social_post_already_shared":false,"jetpack_social_options":{"image_generator_settings":{"template":"highway","default_image_id":0,"font":"","enabled":false},"version":2}},"categories":[563,564],"tags":[19],"class_list":["post-263269","post","type-post","status-publish","format-standard","has-post-thumbnail","hentry","category-area-urbana","category-castrolibero","tag-copertina"],"acf":[],"jetpack_publicize_connections":[],"_links":{"self":[{"href":"https:\/\/quicosenza.it\/news\/wp-json\/wp\/v2\/posts\/263269","targetHints":{"allow":["GET"]}}],"collection":[{"href":"https:\/\/quicosenza.it\/news\/wp-json\/wp\/v2\/posts"}],"about":[{"href":"https:\/\/quicosenza.it\/news\/wp-json\/wp\/v2\/types\/post"}],"author":[{"embeddable":true,"href":"https:\/\/quicosenza.it\/news\/wp-json\/wp\/v2\/users\/24"}],"replies":[{"embeddable":true,"href":"https:\/\/quicosenza.it\/news\/wp-json\/wp\/v2\/comments?post=263269"}],"version-history":[{"count":0,"href":"https:\/\/quicosenza.it\/news\/wp-json\/wp\/v2\/posts\/263269\/revisions"}],"wp:featuredmedia":[{"embeddable":true,"href":"https:\/\/quicosenza.it\/news\/wp-json\/wp\/v2\/media\/263270"}],"wp:attachment":[{"href":"https:\/\/quicosenza.it\/news\/wp-json\/wp\/v2\/media?parent=263269"}],"wp:term":[{"taxonomy":"category","embeddable":true,"href":"https:\/\/quicosenza.it\/news\/wp-json\/wp\/v2\/categories?post=263269"},{"taxonomy":"post_tag","embeddable":true,"href":"https:\/\/quicosenza.it\/news\/wp-json\/wp\/v2\/tags?post=263269"}],"curies":[{"name":"wp","href":"https:\/\/api.w.org\/{rel}","templated":true}]}}