{"id":263293,"date":"2025-07-03T16:10:59","date_gmt":"2025-07-03T14:10:59","guid":{"rendered":"https:\/\/www.quicosenza.it\/news\/?p=263293"},"modified":"2025-07-03T16:10:59","modified_gmt":"2025-07-03T14:10:59","slug":"ponte-mancini-cadono-calcinacci-chiusa-la-fontana-di-via-obedarn-ma-la-strada-e-ancora-a-rischio","status":"publish","type":"post","link":"https:\/\/quicosenza.it\/news\/ponte-mancini-cadono-calcinacci-chiusa-la-fontana-di-via-obedarn-ma-la-strada-e-ancora-a-rischio\/","title":{"rendered":"Ponte Mancini, cadono calcinacci: chiusa la fontana di Via Obedarn, \u00abma la strada \u00e8 ancora a rischio\u00bb"},"content":{"rendered":"<p>COSENZA &#8211; \u00ab<strong>L&#8217;inibizione dell&#8217;accesso alla storica fontana di Via Obedarn<\/strong> \u2013 che sorge lungo l&#8217;arteria di collegamento con Contrada Macchia della Tavola \u2013 rappresenta una decisione che, seppur motivata dalla <strong>caduta di calcinacci dal ponte Mancini<\/strong>, lascia intatto un grave problema di sicurezza per la viabilit\u00e0 e priva la comunit\u00e0 di un bene prezioso\u00bb. <strong>A denunciarlo \u00e8 il consigliere comunale di Fratelli d&#8217;Italia, Francesco Spadafora, che lancia un appello al sindaco e agli uffici competenti per un intervento immediato<\/strong>.<\/p>\n<p>\u00abLa semplice interdizione alla fontana non elimina il <strong>rischio per automobilisti e pedoni<\/strong> \u2013 sottolinea Spadafora \u2013 <strong>poich\u00e9 la strada sottostante il ponte continua a essere percorsa quotidianamente e, in caso di ulteriori cedimenti, la sicurezza stradale resta fortemente compromessa<\/strong>. \u00c8 indispensabile un intervento straordinario di manutenzione per garantire l&#8217;incolumit\u00e0 dei cittadini\u00bb.<\/p>\n<p>Il consigliere evidenzia anche il valore storico e sociale della fontana, alimentata dall&#8217;acquedotto Merone, che da sempre rappresenta un punto di riferimento per i cosentini e luogo di ritrovo per molti residenti. \u00ab\u00c8 un vero peccato che la citt\u00e0 debba rinunciare, anche temporaneamente, a un elemento identitario come la fontana di Via Obedarn \u2013 aggiunge \u2013 e ancora pi\u00f9 grave sarebbe se non si cogliesse l&#8217;occasione per affrontare il problema nella sua interezza\u00bb.<\/p>\n<p>Da qui la proposta di Spadafora: \u00abInvito l&#8217;amministrazione comunale a sollecitare urgentemente gli uffici competenti per<strong> i necessari lavori di messa in sicurezza del ponte e a valutare la progettazione di una strada alternativa.<\/strong> L&#8217;area \u00e8 soggetta a frequenti frane e, in caso di eventi eccezionali, <strong>c&#8217;\u00e8 il rischio concreto che i residenti possano rimanere isolati<\/strong>\u00bb.<\/p>\n<p>\u00abLa sicurezza dei cittadini e la tutela dei luoghi storici devono essere una priorit\u00e0 \u2013 conclude Spadafora \u2013 per questo mi auguro un rapido intervento per restituire alla collettivit\u00e0 un bene che \u00e8 parte integrante della storia e della quotidianit\u00e0 di Cosenza\u00bb.<\/p>\n","protected":false},"excerpt":{"rendered":"<p>COSENZA &#8211; \u00abL&#8217;inibizione dell&#8217;accesso alla storica fontana di Via Obedarn \u2013 che sorge lungo l&#8217;arteria di collegamento con Contrada Macchia della Tavola \u2013 rappresenta una decisione che, seppur motivata dalla caduta di calcinacci dal ponte Mancini, lascia intatto un grave problema di sicurezza per la viabilit\u00e0 e priva la comunit\u00e0 di un bene prezioso\u00bb. A [&hellip;]<\/p>\n","protected":false},"author":58,"featured_media":263298,"comment_status":"closed","ping_status":"closed","sticky":false,"template":"","format":"standard","meta":{"_acf_changed":false,"footnotes":"","jetpack_publicize_message":"","jetpack_publicize_feature_enabled":true,"jetpack_social_post_already_shared":false,"jetpack_social_options":{"image_generator_settings":{"template":"highway","default_image_id":0,"font":"","enabled":false},"version":2}},"categories":[563,42],"tags":[19],"class_list":["post-263293","post","type-post","status-publish","format-standard","has-post-thumbnail","hentry","category-area-urbana","category-cosenza","tag-copertina"],"acf":[],"jetpack_publicize_connections":[],"_links":{"self":[{"href":"https:\/\/quicosenza.it\/news\/wp-json\/wp\/v2\/posts\/263293","targetHints":{"allow":["GET"]}}],"collection":[{"href":"https:\/\/quicosenza.it\/news\/wp-json\/wp\/v2\/posts"}],"about":[{"href":"https:\/\/quicosenza.it\/news\/wp-json\/wp\/v2\/types\/post"}],"author":[{"embeddable":true,"href":"https:\/\/quicosenza.it\/news\/wp-json\/wp\/v2\/users\/58"}],"replies":[{"embeddable":true,"href":"https:\/\/quicosenza.it\/news\/wp-json\/wp\/v2\/comments?post=263293"}],"version-history":[{"count":0,"href":"https:\/\/quicosenza.it\/news\/wp-json\/wp\/v2\/posts\/263293\/revisions"}],"wp:featuredmedia":[{"embeddable":true,"href":"https:\/\/quicosenza.it\/news\/wp-json\/wp\/v2\/media\/263298"}],"wp:attachment":[{"href":"https:\/\/quicosenza.it\/news\/wp-json\/wp\/v2\/media?parent=263293"}],"wp:term":[{"taxonomy":"category","embeddable":true,"href":"https:\/\/quicosenza.it\/news\/wp-json\/wp\/v2\/categories?post=263293"},{"taxonomy":"post_tag","embeddable":true,"href":"https:\/\/quicosenza.it\/news\/wp-json\/wp\/v2\/tags?post=263293"}],"curies":[{"name":"wp","href":"https:\/\/api.w.org\/{rel}","templated":true}]}}