{"id":263301,"date":"2025-07-03T17:00:49","date_gmt":"2025-07-03T15:00:49","guid":{"rendered":"https:\/\/www.quicosenza.it\/news\/?p=263301"},"modified":"2025-07-03T17:02:35","modified_gmt":"2025-07-03T15:02:35","slug":"cosenza-ok-al-progetto-per-piazza-cappello-il-simbolo-della-resistenza-verso-la-rinascita","status":"publish","type":"post","link":"https:\/\/quicosenza.it\/news\/cosenza-ok-al-progetto-per-piazza-cappello-il-simbolo-della-resistenza-verso-la-rinascita\/","title":{"rendered":"Cosenza, ok al progetto per Piazza Cappello: il simbolo della Resistenza verso la rinascita"},"content":{"rendered":"<p>COSENZA &#8211; La Giunta municipale, presieduta dal Sindaco Franz Caruso, ha approvato, su proposta dell&#8217;Assessore ai lavori pubblici Damiano Covelli, il Documento di indirizzo alla progettazione dell&#8217;intervento di <strong>riqualificazione di Piazza Cappello<\/strong> che rientra nella strategia di sviluppo urbano sostenibile della <strong>nuova Agenda Urbana Cosenza-Rende 2021-2027.<\/strong><\/p>\n<p>&#8220;Con l&#8217;approvazione del DIP per la riqualificazione di Piazza Cappello \u2013 sottolinea il Sindaco Franz Caruso &#8211; diamo impulso ad uno degli interventi pi\u00f9 importanti che l&#8217;Amministrazione comunale realizzer\u00e0 da qui a breve<strong> (l&#8217;inizio dei lavori \u00e8 previsto per i primi mesi del 2026)<\/strong> perch\u00e9 si possa restituire <strong>ad uno dei luoghi di grande significato storico e sociale<\/strong> della citt\u00e0 un ruolo pi\u00f9 definito all&#8217;interno del quartiere nel quale \u00e8 situato, rafforzando contestualmente la relazione con Piazza XXV Luglio e migliorando la qualit\u00e0 urbana e ambientale di tutta l&#8217;area circostante. L&#8217;intervento che andremo a realizzare \u2013 ha aggiunto Franz Caruso &#8211; porter\u00e0 nuova linfa ad una piazza dimenticata da troppo tempo, per ridarle<strong> dignit\u00e0 e decoro, oltre che sicurezza<\/strong>. L&#8217;impegno dell&#8217;Amministrazione comunale per <strong>la piazza intitolata alla memoria del muratore socialista, barbaramente ucciso dai fascisti, ha sempre rappresentato una delle priorit\u00e0 del nostro esecutivo<\/strong> e, con l&#8217;atto che abbiamo approvato in giunta, imbocca la strada del suo concretizzarsi&#8221;.<\/p>\n<p><img loading=\"lazy\" decoding=\"async\" class=\"aligncenter wp-image-263307 \" src=\"https:\/\/quicosenza.it\/news\/wp-content\/uploads\/2025\/07\/Piazza-Cappello-1-jpg.jpg\" alt=\"\" width=\"564\" height=\"312\" title=\"\" srcset=\"https:\/\/quicosenza.it\/news\/wp-content\/uploads\/2025\/07\/Piazza-Cappello-1-jpg.jpg 642w, https:\/\/quicosenza.it\/news\/wp-content\/uploads\/2025\/07\/Piazza-Cappello-1-jpg-300x166.jpg 300w, https:\/\/quicosenza.it\/news\/wp-content\/uploads\/2025\/07\/Piazza-Cappello-1-jpg-150x83.jpg 150w\" sizes=\"auto, (max-width: 564px) 100vw, 564px\" \/><\/p>\n<p>L&#8217;importo totale dell&#8217;intervento \u00e8 di <strong>un milione e 600 mila euro<\/strong> ed \u00e8, in senso pi\u00f9 ampio, finalizzato alla rigenerazione urbana di tutto il contesto nel quale la piazza \u00e8 inserita, attraverso la valorizzazione degli spazi attigui e degli edifici prospicienti. Con la riqualificazione di Piazza Cappello si intende anche preservare il carattere identitario del luogo e di tutto il quartiere che rappresenta u<strong>n importante esempio di edilizia economica e di sviluppo urbano del primo Novecento<\/strong>. Il Sindaco Franz Caruso ha ricordato, inoltre, come &#8220;con la caduta del fascismo e il successivo cambiamento politico e sociale, piazza Cappello sub\u00ec una radicale trasformazione simbolica&#8221;.<\/p>\n<p>Il 2 ottobre 1944, su iniziativa del Partito d&#8217;Azione e del sindaco socialista Vaccaro, ci fu l&#8217;intitolazione a <strong>Paolo Cappello, muratore socialista e vittima della violenza fascista.<\/strong> <strong>Ucciso nel 1924 dopo un agguato sul ponte San Francesco, Cappello divenne un simbolo della lotta per la libert\u00e0 e la giustizia sociale<\/strong>. E l&#8217;intitolazione della piazza rappresent\u00f2 una sorta di contrappasso significativo, dato che essa si trovava di fronte all&#8217;ex Casa Littoria.<\/p>\n<p>Nel dopoguerra, l&#8217;edificio del Palazzo del Littorio fu privato dei simboli fascisti e destinato a scopi educativi. Nel 1948 divenne sede del primo Istituto tecnico femminile a sud di Napoli, intitolato ad Antonia Nitti, moglie dello statista Francesco Saverio Nitti. <strong>Durante gli anni &#8217;50 e &#8217;60, la piazza si consolid\u00f2 come centro della vita sociale e culturale della citt\u00e0<\/strong>. Con l&#8217;intervento di riqualificazione si intendono eliminare lo stato di degrado nel quale attualmente versa la piazza e le evidenti criticit\u00e0 legate alla pavimentazione e alla funzionalit\u00e0 dello spazio. Una volta che la piazza assumer\u00e0 una nuova configurazione, diventando pi\u00f9 funzionale, potr\u00e0 essere meglio utilizzata anche dagli studenti dei vicini istituti scolastici come luogo di ritrovo o aggregazione.<\/p>\n<p>Il Sindaco Franz Caruso ha ringraziato, per l&#8217;approvazione del Dip in giunta, sia l&#8217;Assessore Damiano Covelli che l&#8217;ingegnere Salvatore Modesto, Dirigente del settore lavori pubblici, unitamente a tutto lo staff dell&#8217;Ufficio tecnico comunale. Soddisfazione per l&#8217;approvazione del Documento di indirizzo alla progettazione dell&#8217;intervento di riqualificazione \u00e8 stata espressa anche dall&#8217;Assessore ai lavori pubblici Damiano Covelli che ha ribadito la priorit\u00e0 dell&#8217;opera infrastrutturale, legandola all&#8217;altro intervento su Piazza Skanderbeg, a sua volta connesso al recupero della storica scalinata dei due Leoni. Covelli ha sottolineato che a breve anche per questi due interventi saranno approvati i rispettivi documenti di indirizzo alla progettazione. &#8220;Si tratta \u2013 ha detto Covelli &#8211; di interventi di riqualificazione importanti che non solo miglioreranno i singoli spazi, ma anche tutta l&#8217;area interessata che rappresenta una zona nevralgica del centro cittadino&#8221;.<\/p>\n","protected":false},"excerpt":{"rendered":"<p>COSENZA &#8211; La Giunta municipale, presieduta dal Sindaco Franz Caruso, ha approvato, su proposta dell&#8217;Assessore ai lavori pubblici Damiano Covelli, il Documento di indirizzo alla progettazione dell&#8217;intervento di riqualificazione di Piazza Cappello che rientra nella strategia di sviluppo urbano sostenibile della nuova Agenda Urbana Cosenza-Rende 2021-2027. &#8220;Con l&#8217;approvazione del DIP per la riqualificazione di Piazza [&hellip;]<\/p>\n","protected":false},"author":58,"featured_media":263302,"comment_status":"closed","ping_status":"closed","sticky":false,"template":"","format":"standard","meta":{"_acf_changed":false,"footnotes":"","jetpack_publicize_message":"","jetpack_publicize_feature_enabled":true,"jetpack_social_post_already_shared":false,"jetpack_social_options":{"image_generator_settings":{"template":"highway","default_image_id":0,"font":"","enabled":false},"version":2}},"categories":[563,42],"tags":[19],"class_list":["post-263301","post","type-post","status-publish","format-standard","has-post-thumbnail","hentry","category-area-urbana","category-cosenza","tag-copertina"],"acf":[],"jetpack_publicize_connections":[],"_links":{"self":[{"href":"https:\/\/quicosenza.it\/news\/wp-json\/wp\/v2\/posts\/263301","targetHints":{"allow":["GET"]}}],"collection":[{"href":"https:\/\/quicosenza.it\/news\/wp-json\/wp\/v2\/posts"}],"about":[{"href":"https:\/\/quicosenza.it\/news\/wp-json\/wp\/v2\/types\/post"}],"author":[{"embeddable":true,"href":"https:\/\/quicosenza.it\/news\/wp-json\/wp\/v2\/users\/58"}],"replies":[{"embeddable":true,"href":"https:\/\/quicosenza.it\/news\/wp-json\/wp\/v2\/comments?post=263301"}],"version-history":[{"count":0,"href":"https:\/\/quicosenza.it\/news\/wp-json\/wp\/v2\/posts\/263301\/revisions"}],"wp:featuredmedia":[{"embeddable":true,"href":"https:\/\/quicosenza.it\/news\/wp-json\/wp\/v2\/media\/263302"}],"wp:attachment":[{"href":"https:\/\/quicosenza.it\/news\/wp-json\/wp\/v2\/media?parent=263301"}],"wp:term":[{"taxonomy":"category","embeddable":true,"href":"https:\/\/quicosenza.it\/news\/wp-json\/wp\/v2\/categories?post=263301"},{"taxonomy":"post_tag","embeddable":true,"href":"https:\/\/quicosenza.it\/news\/wp-json\/wp\/v2\/tags?post=263301"}],"curies":[{"name":"wp","href":"https:\/\/api.w.org\/{rel}","templated":true}]}}