{"id":263314,"date":"2025-07-05T18:00:21","date_gmt":"2025-07-05T16:00:21","guid":{"rendered":"https:\/\/www.quicosenza.it\/news\/?p=263314"},"modified":"2025-07-05T18:06:26","modified_gmt":"2025-07-05T16:06:26","slug":"gemellaggio-tra-san-demetrio-corone-e-la-citta-albanese-di-lezhe-lunedi-la-firma-del-patto","status":"publish","type":"post","link":"https:\/\/quicosenza.it\/news\/gemellaggio-tra-san-demetrio-corone-e-la-citta-albanese-di-lezhe-lunedi-la-firma-del-patto\/","title":{"rendered":"Gemellaggio tra San Demetrio Corone e la citt\u00e0 albanese di Lezh\u00eb. Luned\u00ec la firma del patto"},"content":{"rendered":"<p>SAN DEMETRIO CORONE (CS) &#8211;\u00a0Il Comune di San Demetrio Corone annuncia con orgoglio la <strong>firma ufficiale del protocollo di gemellaggio con la citt\u00e0 di Lezh\u00eb<\/strong>, una delle citt\u00e0 pi\u00f9 antiche e storiche dell&#8217;Albania, <strong>sancendo un legame istituzionale e culturale <\/strong>che affonda le radici in una storia condivisa e in una visione comune per il futuro. La cerimonia ufficiale si svolger\u00e0 i<strong>l prossimo luned\u00ec 07 luglio alle ore 11<\/strong>, presso la sala consiliare del <a href=\"https:\/\/quicosenza.it\/news\/provincia\/san-demetrio-corone-villa-marchiano-e-la-nuova-casa-comunale-sara-anche-luogo-della-memoria-collettiva\" target=\"_blank\" rel=\"noopener\">Municipio di San Demetrio Corone<\/a>, alla presenza del <strong>sindaco di San Demetrio Corone Ernesto Madeo e del Sindaco di Lezha Pjerin Ndreu<\/strong>. All&#8217;evento parteciper\u00e0 anche la consigliera regionale con delega al rapporto con le minoranze linguistiche Pasqualina Straface, delegazioni istituzionali, rappresentanti della comunit\u00e0 arbereshe e autorit\u00e0 religiose e civili.<\/p>\n<p>L&#8217;accordo rappresenta un <strong>momento di grande rilevanza storica e simbolica, rinsaldando l\u2019antico legame che unisce il popolo arbereshe d\u2019Italia con la madrepatria albanese<\/strong>. Lezh\u00eb, citt\u00e0 simbolo della memoria di Skanderbeg e della cultura albanese, e San Demetrio Corone, centro culturale e spirituale della diaspora arbereshe in Calabria, siglano cos\u00ec una collaborazione fondata su valori comuni, radici condivise e l\u2019impegno a promuovere iniziative di scambio nei settori dell\u2019istruzione, della cultura, del turismo e dello sviluppo sostenibile.<\/p>\n<p><a href=\"https:\/\/quicosenza.it\/news\/wp-content\/uploads\/2025\/07\/Patto-di-gemellaggio-san-Demtrio-Corone.jpg\"><img loading=\"lazy\" decoding=\"async\" class=\"wp-image-263315 aligncenter\" src=\"https:\/\/quicosenza.it\/news\/wp-content\/uploads\/2025\/07\/Patto-di-gemellaggio-san-Demtrio-Corone.jpg\" alt=\"Patto di gemellaggio san Demetrio Corone\" width=\"426\" height=\"599\" title=\"\" srcset=\"https:\/\/quicosenza.it\/news\/wp-content\/uploads\/2025\/07\/Patto-di-gemellaggio-san-Demtrio-Corone.jpg 1137w, https:\/\/quicosenza.it\/news\/wp-content\/uploads\/2025\/07\/Patto-di-gemellaggio-san-Demtrio-Corone-213x300.jpg 213w, https:\/\/quicosenza.it\/news\/wp-content\/uploads\/2025\/07\/Patto-di-gemellaggio-san-Demtrio-Corone-728x1024.jpg 728w, https:\/\/quicosenza.it\/news\/wp-content\/uploads\/2025\/07\/Patto-di-gemellaggio-san-Demtrio-Corone-768x1081.jpg 768w, https:\/\/quicosenza.it\/news\/wp-content\/uploads\/2025\/07\/Patto-di-gemellaggio-san-Demtrio-Corone-1092x1536.jpg 1092w, https:\/\/quicosenza.it\/news\/wp-content\/uploads\/2025\/07\/Patto-di-gemellaggio-san-Demtrio-Corone-298x420.jpg 298w, https:\/\/quicosenza.it\/news\/wp-content\/uploads\/2025\/07\/Patto-di-gemellaggio-san-Demtrio-Corone-150x211.jpg 150w, https:\/\/quicosenza.it\/news\/wp-content\/uploads\/2025\/07\/Patto-di-gemellaggio-san-Demtrio-Corone-300x422.jpg 300w, https:\/\/quicosenza.it\/news\/wp-content\/uploads\/2025\/07\/Patto-di-gemellaggio-san-Demtrio-Corone-696x979.jpg 696w, https:\/\/quicosenza.it\/news\/wp-content\/uploads\/2025\/07\/Patto-di-gemellaggio-san-Demtrio-Corone-1068x1503.jpg 1068w\" sizes=\"auto, (max-width: 426px) 100vw, 426px\" \/><\/a><\/p>\n<h3>Il sindaco Madeo &#8220;\u00e8 l&#8217;abbraccio tra due comunit\u00e0&#8221;<\/h3>\n<p>\u00abQuesto gemellaggio\u00a0 &#8211; dichiara il indaco Ernesto Madeo \u2013 arriva dopo la visita del Presidente\u00a0 della Repubblica di Albania, S.E. Bajram Begaj, e assume un significato ancor pi\u00f9 profondo. Questo n<strong>on \u00e8 solo un patto tra due istituzioni, ma l\u2019abbraccio tra due comunit\u00e0<\/strong> che condividono una lingua, una memoria storica e un senso profondo di appartenenza. \u00c8 nostro dovere coltivare e far crescere questo legame per le generazioni future\u00bb.<\/p>\n<p>Il gemellaggio prevede la realizzazione di <strong>progetti congiunti, scambi culturali tra scuole<\/strong>, eventi dedicati alla lingua e alle tradizioni arbereshe e albanesi, nonch\u00e9 c<strong>ollaborazioni nel settore turistico<\/strong> per valorizzare il patrimonio materiale e immateriale di entrambi i territori.<\/p>\n","protected":false},"excerpt":{"rendered":"<p>SAN DEMETRIO CORONE (CS) &#8211;\u00a0Il Comune di San Demetrio Corone annuncia con orgoglio la firma ufficiale del protocollo di gemellaggio con la citt\u00e0 di Lezh\u00eb, una delle citt\u00e0 pi\u00f9 antiche e storiche dell&#8217;Albania, sancendo un legame istituzionale e culturale che affonda le radici in una storia condivisa e in una visione comune per il futuro. [&hellip;]<\/p>\n","protected":false},"author":55,"featured_media":263316,"comment_status":"closed","ping_status":"closed","sticky":false,"template":"","format":"standard","meta":{"_acf_changed":false,"footnotes":"","jetpack_publicize_message":"","jetpack_publicize_feature_enabled":true,"jetpack_social_post_already_shared":false,"jetpack_social_options":{"image_generator_settings":{"template":"highway","default_image_id":0,"font":"","enabled":false},"version":2}},"categories":[28],"tags":[19],"class_list":["post-263314","post","type-post","status-publish","format-standard","has-post-thumbnail","hentry","category-provincia","tag-copertina"],"acf":[],"jetpack_publicize_connections":[],"_links":{"self":[{"href":"https:\/\/quicosenza.it\/news\/wp-json\/wp\/v2\/posts\/263314","targetHints":{"allow":["GET"]}}],"collection":[{"href":"https:\/\/quicosenza.it\/news\/wp-json\/wp\/v2\/posts"}],"about":[{"href":"https:\/\/quicosenza.it\/news\/wp-json\/wp\/v2\/types\/post"}],"author":[{"embeddable":true,"href":"https:\/\/quicosenza.it\/news\/wp-json\/wp\/v2\/users\/55"}],"replies":[{"embeddable":true,"href":"https:\/\/quicosenza.it\/news\/wp-json\/wp\/v2\/comments?post=263314"}],"version-history":[{"count":0,"href":"https:\/\/quicosenza.it\/news\/wp-json\/wp\/v2\/posts\/263314\/revisions"}],"wp:featuredmedia":[{"embeddable":true,"href":"https:\/\/quicosenza.it\/news\/wp-json\/wp\/v2\/media\/263316"}],"wp:attachment":[{"href":"https:\/\/quicosenza.it\/news\/wp-json\/wp\/v2\/media?parent=263314"}],"wp:term":[{"taxonomy":"category","embeddable":true,"href":"https:\/\/quicosenza.it\/news\/wp-json\/wp\/v2\/categories?post=263314"},{"taxonomy":"post_tag","embeddable":true,"href":"https:\/\/quicosenza.it\/news\/wp-json\/wp\/v2\/tags?post=263314"}],"curies":[{"name":"wp","href":"https:\/\/api.w.org\/{rel}","templated":true}]}}