{"id":263318,"date":"2025-07-03T19:20:20","date_gmt":"2025-07-03T17:20:20","guid":{"rendered":"https:\/\/www.quicosenza.it\/news\/?p=263318"},"modified":"2025-07-03T19:30:24","modified_gmt":"2025-07-03T17:30:24","slug":"rende-il-centrodestra-saremo-vigili-e-attenti-in-un-confronto-serrato-ma-sempre-trasparente","status":"publish","type":"post","link":"https:\/\/quicosenza.it\/news\/rende-il-centrodestra-saremo-vigili-e-attenti-in-un-confronto-serrato-ma-sempre-trasparente\/","title":{"rendered":"Rende, il centrodestra \u00absaremo vigili e attenti, in un confronto serrato ma sempre trasparente\u00bb"},"content":{"rendered":"<p>RENDE &#8211; \u00abl nostro esserci astenuti dal voto sulle<a href=\"https:\/\/quicosenza.it\/news\/area-urbana\/rende-consiglio-comunale-approva-le-linee-programmatiche-cordoglio-per-la-piccola-simona-vanessa\" target=\"_blank\" rel=\"noopener\"> linee programmatiche<\/a> del sindaco, pur essendo formalmente un atto di \u201copposizione\u201d, <strong>vuole avere un significato politico costruttivo motivato dalla volont\u00e0 di favorire un clima di collaborazione istituzionale<\/strong>\u00bb. \u00c8 quanto scrivono in una nota congiunta i consiglieri comunale di minoranza Ghionna, Garritano, Galassi, Monaco, Trombino in riferimento all&#8217;approvazione delle linee programmatiche del neo sindaco Sandro Principe approvate ieri nel secondo consiglio comunale.<\/p>\n<p>\u00abNon votare contro &#8211; scrivono -, ma neppure a favore, ha il preciso significato di segnalare una <strong>posizione di vigilanza e autonomia critica, senza ostacolare l\u2019avvio del mandato del sindaco<\/strong>.\u00a0Abbiamo voluto cos\u00ec dimostrare<strong> un segnale di responsabilit\u00e0 verso la citt\u00e0<\/strong>. Riteniamo che la forma in politica sia anche sostanza.\u00a0Pur stigmatizzando le differenze e le divergenze di vedute sulle principali materie di competenza dell\u2019amministrazione,<strong> chiediamo con fermezza che il Consiglio comunale sia costantemente informato di tutte le singole azioni intraprese dalla Giunta<\/strong>. Riteniamo infatti imprescindibile aprire un confronto serrato e trasparente, evitando qualsiasi colpo di mano che possa compromettere la dialettica democratica e la partecipazione consiliare\u00bb.<\/p>\n<p>\u00abAl tempo stesso, riteniamo necessario che vengano<strong> definiti e comunicati i parametri di misurabilit\u00e0 del lavoro amministrativo<\/strong>, cos\u00ec da consentire un monitoraggio oggettivo e trasparente dei risultati e garantire la massima chiarezza nei confronti del Consiglio e della cittadinanza.\u00a0<strong>L&#8217;apertura al PSA ci sembra un buon segnale,<\/strong> anche in linea anche con le nostre posizioni espresse in campagna elettorale. Bisogner\u00e0 capire adesso cose ne pensano i comuni confinanti che hanno gi\u00e0 approvato i loro piani urbanistici. Qui si misurer\u00e0 la leadership politica del comune di Rende sul territorio. <strong>Ad oggi al netto di Cosenza che non riesce ad approvare il suo Piano ormai da decenni, gli altri hanno gi\u00e0 cristallizzato le loro strategie urbanistiche<\/strong>. Le rimetteranno in discussione?\u00bb<\/p>\n<p>\u00abSul tema dei trasporti invece continuiamo ad essere<strong> favorevoli ad un sistema di trasporto su gomma elettrico,<\/strong> sostenibile e ad alta frequenza, con corsie dedicate, che eviti cantieri invasivi e blocchi prolungati alla citt\u00e0. S<strong>u energia e ambiente saremo estremamente vigili e attenti<\/strong>, pronti a monitorare ogni scelta per garantire sostenibilit\u00e0 e tutela del territorio. Osserviamo che su questi temi la proposta della maggioranza appaia un po&#8217; approssimativa e delle maglie troppo larghe.\u00a0Chiederemo a tutti gli assessori e al signor Sindaco &#8211; concludono &#8211; di <strong>relazionare puntualmente al Consiglio comunale sullo stato dell\u2019arte dei singoli assessorati,<\/strong> fornendo un quadro chiaro e aggiornato delle attivit\u00e0 in corso e dei progetti avviati\u00bb.<\/p>\n<p>&nbsp;<\/p>\n","protected":false},"excerpt":{"rendered":"<p>RENDE &#8211; \u00abl nostro esserci astenuti dal voto sulle linee programmatiche del sindaco, pur essendo formalmente un atto di \u201copposizione\u201d, vuole avere un significato politico costruttivo motivato dalla volont\u00e0 di favorire un clima di collaborazione istituzionale\u00bb. \u00c8 quanto scrivono in una nota congiunta i consiglieri comunale di minoranza Ghionna, Garritano, Galassi, Monaco, Trombino in riferimento [&hellip;]<\/p>\n","protected":false},"author":55,"featured_media":263319,"comment_status":"closed","ping_status":"closed","sticky":false,"template":"","format":"standard","meta":{"_acf_changed":false,"footnotes":"","jetpack_publicize_message":"","jetpack_publicize_feature_enabled":true,"jetpack_social_post_already_shared":false,"jetpack_social_options":{"image_generator_settings":{"template":"highway","default_image_id":0,"font":"","enabled":false},"version":2}},"categories":[563,44],"tags":[19],"class_list":["post-263318","post","type-post","status-publish","format-standard","has-post-thumbnail","hentry","category-area-urbana","category-rende","tag-copertina"],"acf":[],"jetpack_publicize_connections":[],"_links":{"self":[{"href":"https:\/\/quicosenza.it\/news\/wp-json\/wp\/v2\/posts\/263318","targetHints":{"allow":["GET"]}}],"collection":[{"href":"https:\/\/quicosenza.it\/news\/wp-json\/wp\/v2\/posts"}],"about":[{"href":"https:\/\/quicosenza.it\/news\/wp-json\/wp\/v2\/types\/post"}],"author":[{"embeddable":true,"href":"https:\/\/quicosenza.it\/news\/wp-json\/wp\/v2\/users\/55"}],"replies":[{"embeddable":true,"href":"https:\/\/quicosenza.it\/news\/wp-json\/wp\/v2\/comments?post=263318"}],"version-history":[{"count":0,"href":"https:\/\/quicosenza.it\/news\/wp-json\/wp\/v2\/posts\/263318\/revisions"}],"wp:featuredmedia":[{"embeddable":true,"href":"https:\/\/quicosenza.it\/news\/wp-json\/wp\/v2\/media\/263319"}],"wp:attachment":[{"href":"https:\/\/quicosenza.it\/news\/wp-json\/wp\/v2\/media?parent=263318"}],"wp:term":[{"taxonomy":"category","embeddable":true,"href":"https:\/\/quicosenza.it\/news\/wp-json\/wp\/v2\/categories?post=263318"},{"taxonomy":"post_tag","embeddable":true,"href":"https:\/\/quicosenza.it\/news\/wp-json\/wp\/v2\/tags?post=263318"}],"curies":[{"name":"wp","href":"https:\/\/api.w.org\/{rel}","templated":true}]}}