{"id":263416,"date":"2025-07-04T16:37:56","date_gmt":"2025-07-04T14:37:56","guid":{"rendered":"https:\/\/www.quicosenza.it\/news\/?p=263416"},"modified":"2025-07-04T20:36:57","modified_gmt":"2025-07-04T18:36:57","slug":"silenzi-e-lacrime-a-casa-di-simona-vanessa-e-lultimo-viaggio-verso-la-romania-la-mamma-amava-cucinare","status":"publish","type":"post","link":"https:\/\/quicosenza.it\/news\/silenzi-e-lacrime-a-casa-di-simona-vanessa-e-lultimo-viaggio-verso-la-romania-la-mamma-amava-cucinare\/","title":{"rendered":"Silenzi e lacrime a casa di Simona Vanessa e l&#8217;ultimo viaggio verso la Romania. La mamma: &#8220;amava cucinare&#8221;"},"content":{"rendered":"<p>COSENZA &#8211; Aveva otto anni Simona Vanessa. Un\u2019et\u00e0 in cui si sogna, si corre, si ride e si gioca. <strong>Se n\u2019\u00e8 andata proprio mentre si divertiva in una grande piscina di Rende,<\/strong>\u00a0<strong>in una caldissima giornata di giugno,<\/strong> lasciando sgomenta un&#8217;intera comunit\u00e0. A chiarire quanto accaduto al <a href=\"https:\/\/quicosenza.it\/news\/area-urbana\/bimbare-morta-al-parco-acquatico-di-rende-il-defribrillatore-fantasma-e-la-telefonata-al-118\" target=\"_blank\" rel=\"noopener\">Parco Acquatico<\/a> ed accertare eventuali responsabilit\u00e0 sar\u00e0 l&#8217;inchiesta della magistratura cosentina. Resta il dramma <strong>che ha profondamente colpito la comunit\u00e0 cosentina<\/strong> <strong>che si \u00e8 stretta attorno alla famiglia della bimba<\/strong> distrutta dal dolore e che ha generato un&#8217;onda di commozione collettiva che ha subito trovato forma <strong>nella solidariet\u00e0 concreta<\/strong>.<\/p>\n<p>La<a href=\"https:\/\/quicosenza.it\/news\/area-urbana\/cosenza-si-stringe-attorno-a-simona-vanessa-raccolta-fondi-copre-le-spese-del-funerale\" target=\"_blank\" rel=\"noopener\"> raccolta fondi<\/a>, nata spontaneamente, ha permesso di trovare la cifra necessaria per coprire le spese del<strong> trasporto e del funerale che si terr\u00e0 in Romania<\/strong>, terra d\u2019origine della piccola Simona Vanessa. L&#8217;iniziativa \u00e8 partita da un cittadino residente nel centro storico, Emanuel De Vuono, vicino alla famiglia, che si \u00e8 mosso per raggruppare tutti i cittadini e imprenditori di Cosenza che hanno poi effettuato la raccolta.<\/p>\n<p><a href=\"https:\/\/quicosenza.it\/news\/wp-content\/uploads\/2025\/07\/Parco-Acquatico-Rende-bimba-8-anni-02.jpg\"><img loading=\"lazy\" decoding=\"async\" class=\"wp-image-263046 aligncenter\" src=\"https:\/\/quicosenza.it\/news\/wp-content\/uploads\/2025\/07\/Parco-Acquatico-Rende-bimba-8-anni-02.jpg\" alt=\"\" width=\"530\" height=\"328\" title=\"\" srcset=\"https:\/\/quicosenza.it\/news\/wp-content\/uploads\/2025\/07\/Parco-Acquatico-Rende-bimba-8-anni-02.jpg 970w, https:\/\/quicosenza.it\/news\/wp-content\/uploads\/2025\/07\/Parco-Acquatico-Rende-bimba-8-anni-02-300x186.jpg 300w, https:\/\/quicosenza.it\/news\/wp-content\/uploads\/2025\/07\/Parco-Acquatico-Rende-bimba-8-anni-02-768x475.jpg 768w, https:\/\/quicosenza.it\/news\/wp-content\/uploads\/2025\/07\/Parco-Acquatico-Rende-bimba-8-anni-02-679x420.jpg 679w, https:\/\/quicosenza.it\/news\/wp-content\/uploads\/2025\/07\/Parco-Acquatico-Rende-bimba-8-anni-02-150x93.jpg 150w, https:\/\/quicosenza.it\/news\/wp-content\/uploads\/2025\/07\/Parco-Acquatico-Rende-bimba-8-anni-02-696x431.jpg 696w, https:\/\/quicosenza.it\/news\/wp-content\/uploads\/2025\/07\/Parco-Acquatico-Rende-bimba-8-anni-02-356x220.jpg 356w\" sizes=\"auto, (max-width: 530px) 100vw, 530px\" \/><\/a><\/p>\n<p>Imprenditori locali, cittadini e istituzioni <strong>si sono mobilitati per una famiglia Szilagyi che sta affrontando questa immane tragedia con dignitosissimo dolore <\/strong>e che vive <strong>una realt\u00e0 segnata da forti disagi sociali ed economici<\/strong>. Otto persone vivono in due stanze: una piccolissima cucina, letti ravvicinati e una scala che conduce in un ambiente colmo di silenzi e ricordi.<\/p>\n<p><strong>I giochi ancora sparsi, le fotografie appese, le voci smarrite delle sorelline e delle cuginette che continuano a cercare Simona vanessa<\/strong> come se fosse ancora l\u00ec, restituiscono il ritratto intimo di un dolore autentico, difficile da raccontare. Tra quei piccoli cuori, c\u2019\u00e8 chi ha visto troppo senza capirne il senso. Le sorelline, che quel giorno erano accanto a lei in piscina, raccontano con l&#8217;innocenza dell\u2019infanzia ci\u00f2 che hanno vissuto. Una di loro, con voce bassa ci dice: \u00ab<strong>l<em>\u2019hanno stretta troppo forte sul petto\u2026 forse l\u2019hanno rotta loro<\/em>\u00bb<\/strong>, nel ricordare quello che era invece il gesto disperato dei soccorritori con le manovre di rianimazione.<\/p>\n<p><a href=\"https:\/\/quicosenza.it\/news\/wp-content\/uploads\/2025\/07\/Simona-Vanessa_2.jpg\"><img loading=\"lazy\" decoding=\"async\" class=\"wp-image-263442 aligncenter\" src=\"https:\/\/quicosenza.it\/news\/wp-content\/uploads\/2025\/07\/Simona-Vanessa_2.jpg\" alt=\"\" width=\"519\" height=\"351\" title=\"\" srcset=\"https:\/\/quicosenza.it\/news\/wp-content\/uploads\/2025\/07\/Simona-Vanessa_2.jpg 970w, https:\/\/quicosenza.it\/news\/wp-content\/uploads\/2025\/07\/Simona-Vanessa_2-300x203.jpg 300w, https:\/\/quicosenza.it\/news\/wp-content\/uploads\/2025\/07\/Simona-Vanessa_2-768x519.jpg 768w, https:\/\/quicosenza.it\/news\/wp-content\/uploads\/2025\/07\/Simona-Vanessa_2-621x420.jpg 621w, https:\/\/quicosenza.it\/news\/wp-content\/uploads\/2025\/07\/Simona-Vanessa_2-150x101.jpg 150w, https:\/\/quicosenza.it\/news\/wp-content\/uploads\/2025\/07\/Simona-Vanessa_2-696x471.jpg 696w\" sizes=\"auto, (max-width: 519px) 100vw, 519px\" \/><\/a><\/p>\n<h3>Il dolore della madre \u00abho conservato l&#8217;ultimo riso che aveva cucinato\u00bb<\/h3>\n<p>Quella piccola casa \u00e8 spenta, le stanze vuote e silenziose, <strong>rotte solo dal pianto di una madre inconsolabile<\/strong> \u00ab<em>mi manca tutto di lei. <strong>Era una bimba allegra che amava cucinare e aiutarmi anche nelle faccende domestiche<\/strong>. Ho conservato l&#8217;ultimo riso che aveva cucinato<\/em>\u00bb. E la comunit\u00e0 intera piange con loro.<\/p>\n<p>La famiglia Scigliano, imprenditori della zona di Piazza Europa e titolari del supermercato &#8220;Vivo&#8221; erano amici dei genitori della piccola.<strong> Hanno visto Simona Vanessa crescere e non hanno esitato un secondo a tendere la mano con generosit\u00e0, contribuendo concretamente e con il cuore a questa gara di solidariet\u00e0<\/strong> \u00ab<em>bastava un piccolo gesto per rubarle un sorriso, una cioccolata per far scattare la sua felicit\u00e0. Era una bambina allegra e gioiosa<\/em>\u00bb. Simona Vanessa, non era solo una bambina: era parte viva di una piccola comunit\u00e0 familiare, amata da tutti.<\/p>\n<p><a href=\"https:\/\/quicosenza.it\/news\/wp-content\/uploads\/2025\/07\/Simona-Vanessa-bimba.jpg\"><img loading=\"lazy\" decoding=\"async\" class=\"wp-image-263438 aligncenter\" src=\"https:\/\/quicosenza.it\/news\/wp-content\/uploads\/2025\/07\/Simona-Vanessa-bimba.jpg\" alt=\"\" width=\"556\" height=\"363\" title=\"\" srcset=\"https:\/\/quicosenza.it\/news\/wp-content\/uploads\/2025\/07\/Simona-Vanessa-bimba.jpg 970w, https:\/\/quicosenza.it\/news\/wp-content\/uploads\/2025\/07\/Simona-Vanessa-bimba-300x196.jpg 300w, https:\/\/quicosenza.it\/news\/wp-content\/uploads\/2025\/07\/Simona-Vanessa-bimba-768x501.jpg 768w, https:\/\/quicosenza.it\/news\/wp-content\/uploads\/2025\/07\/Simona-Vanessa-bimba-644x420.jpg 644w, https:\/\/quicosenza.it\/news\/wp-content\/uploads\/2025\/07\/Simona-Vanessa-bimba-150x98.jpg 150w, https:\/\/quicosenza.it\/news\/wp-content\/uploads\/2025\/07\/Simona-Vanessa-bimba-696x454.jpg 696w\" sizes=\"auto, (max-width: 556px) 100vw, 556px\" \/><\/a><\/p>\n<h3>Funerale e tumulazione in Romania<\/h3>\n<p>Nel frattempo il consolato rumeno di Bari si \u00e8 prontamente attivato <strong>per ottenere il nulla osta al trasferimento della salma in Romania dove si svolgeranno i funerali e dove Simona Vanessa sar\u00e0 tumulata<\/strong> non appena saranno conclusi gli accertamenti medico-legali. Intanto, il Comune di Rende, attraverso l\u2019assessore Daniela Ielasi, e il settore welfare del Comune di Cosenza, <strong>stanno garantendo assistenza burocratica oltre che il supporto umano<\/strong>.<\/p>\n<p><strong>Simona Vanessa \u00e8 diventata la figlia di tutti noi<\/strong>. Questa storia ha lasciato una ferita permanente all&#8217;interno di tutta la comunit\u00e0. La morte della piccola non pu\u00f2 per\u00f2 restare solo un ricordo doloroso: deve essere anche un monito affinch\u00e9 nessuno si senta solo ed emarginato. Le istituzioni non chiudano gli occhi, <strong>la solidariet\u00e0 non sia solo nell&#8217;emergenza o nel dramma, ma sia impegno duraturo e concreto<\/strong>. Ci auguriamo che gli enti preposti e la comunit\u00e0 tutta non abbandonino in un secondo momento una famiglia umile s\u00ec, ma dignitosa, che ha trovato nei cosentini sostegno e vicinanza.<\/p>\n","protected":false},"excerpt":{"rendered":"<p>COSENZA &#8211; Aveva otto anni Simona Vanessa. Un\u2019et\u00e0 in cui si sogna, si corre, si ride e si gioca. Se n\u2019\u00e8 andata proprio mentre si divertiva in una grande piscina di Rende,\u00a0in una caldissima giornata di giugno, lasciando sgomenta un&#8217;intera comunit\u00e0. A chiarire quanto accaduto al Parco Acquatico ed accertare eventuali responsabilit\u00e0 sar\u00e0 l&#8217;inchiesta della [&hellip;]<\/p>\n","protected":false},"author":34,"featured_media":263441,"comment_status":"closed","ping_status":"closed","sticky":false,"template":"","format":"standard","meta":{"_acf_changed":false,"footnotes":"","jetpack_publicize_message":"","jetpack_publicize_feature_enabled":true,"jetpack_social_post_already_shared":false,"jetpack_social_options":{"image_generator_settings":{"template":"highway","default_image_id":0,"font":"","enabled":false},"version":2}},"categories":[563,42],"tags":[19],"class_list":["post-263416","post","type-post","status-publish","format-standard","has-post-thumbnail","hentry","category-area-urbana","category-cosenza","tag-copertina"],"acf":[],"jetpack_publicize_connections":[],"_links":{"self":[{"href":"https:\/\/quicosenza.it\/news\/wp-json\/wp\/v2\/posts\/263416","targetHints":{"allow":["GET"]}}],"collection":[{"href":"https:\/\/quicosenza.it\/news\/wp-json\/wp\/v2\/posts"}],"about":[{"href":"https:\/\/quicosenza.it\/news\/wp-json\/wp\/v2\/types\/post"}],"author":[{"embeddable":true,"href":"https:\/\/quicosenza.it\/news\/wp-json\/wp\/v2\/users\/34"}],"replies":[{"embeddable":true,"href":"https:\/\/quicosenza.it\/news\/wp-json\/wp\/v2\/comments?post=263416"}],"version-history":[{"count":0,"href":"https:\/\/quicosenza.it\/news\/wp-json\/wp\/v2\/posts\/263416\/revisions"}],"wp:featuredmedia":[{"embeddable":true,"href":"https:\/\/quicosenza.it\/news\/wp-json\/wp\/v2\/media\/263441"}],"wp:attachment":[{"href":"https:\/\/quicosenza.it\/news\/wp-json\/wp\/v2\/media?parent=263416"}],"wp:term":[{"taxonomy":"category","embeddable":true,"href":"https:\/\/quicosenza.it\/news\/wp-json\/wp\/v2\/categories?post=263416"},{"taxonomy":"post_tag","embeddable":true,"href":"https:\/\/quicosenza.it\/news\/wp-json\/wp\/v2\/tags?post=263416"}],"curies":[{"name":"wp","href":"https:\/\/api.w.org\/{rel}","templated":true}]}}