{"id":263632,"date":"2025-07-07T21:00:20","date_gmt":"2025-07-07T19:00:20","guid":{"rendered":"https:\/\/www.quicosenza.it\/news\/?p=263632"},"modified":"2025-07-07T18:06:28","modified_gmt":"2025-07-07T16:06:28","slug":"lunical-al-centro-del-mediterraneo-con-lassemblea-di-unimed-presenti-prodi-profumo-ed-occhiuto","status":"publish","type":"post","link":"https:\/\/quicosenza.it\/news\/lunical-al-centro-del-mediterraneo-con-lassemblea-di-unimed-presenti-prodi-profumo-ed-occhiuto\/","title":{"rendered":"L&#8217;Unical al centro del Mediterraneo con l&#8217;assemblea di UNIMED: presenti Prodi, Profumo ed Occhiuto"},"content":{"rendered":"<p>RENDE &#8211; L&#8217;Unical al centro del Mediterraneo. Sar\u00e0 l&#8217;ateneo con sede a Rende ad accogliere il prossimo <strong>9 e 10 luglio<\/strong> oltre <strong>150 rappresentanti di universit\u00e0 e istituzioni internazionali.<\/strong> L\u2019Universit\u00e0 della Calabria, infatti, quest\u2019anno \u00e8 stata scelta come sede dell\u2019Assemblea generale 2025 di <strong>UNIMED<\/strong>, l\u2019Unione delle Universit\u00e0 del Mediterraneo.<\/p>\n<p>Coesione, innovazione e diplomazia accademica sarano i principali temi trattati nel corso dell&#8217;evento, sfide attuali sui quali si confronteranno gli oltre <strong>150 rettori e rappresentanti di universit\u00e0, istituzioni e partner internazionali<\/strong> proveienti da venti Paesi dell\u2019area euro-mediterranea in un momento in cui, in un contesto globale in trasformazione, tra crisi ambientali, sociali e geopolitiche, l&#8217;universit\u00e0 &#8220;\u00e8 chiamata a giocare un ruolo decisivo nella costruzione di un Mediterraneo pi\u00f9 coeso e cooperante&#8221; precisano dall&#8217;Unical.<\/p>\n<h3>All&#8217;Unical l&#8217;assemblea UNIMED: temi, ospiti e delegazioni partecipanti<\/h3>\n<p>L\u2019apertura dei lavori \u00e8 affidata al rettore dell\u2019Universit\u00e0 della Calabria <strong>Nicola Leone,<\/strong> alla presidente di UNIMED <strong>Kherieh Rassas<\/strong>, al segretario generale <strong>Hmaid Ben Aziza<\/strong> e al presidente della Regione Calabria <strong>Roberto Occhiuto<\/strong> che attualmente ricopre l\u2019incarico di Presidente della Commissione intermediterranea. Seguiranno, tra gli altri, gli interventi dell\u2019ex presidente del Consiglio e della Commissione europea <strong>Romano Prodi<\/strong> e la keynote lecture dell\u2019ex ministro <strong>Francesco Profumo<\/strong>, dedicata al ruolo della conoscenza e dell\u2019innovazione come strumenti di coesione nella regione mediterranea.<\/p>\n<p>L\u2019evento, che si tiene nel trentesimo anniversario del Processo di Barcellona \u2013 momento fondativo della cooperazione euro-mediterranea \u2013 avviene in un periodo in cui la Commissione Europea ha annunciato la creazione di un nuovo<strong> \u201cPatto per il Mediterraneo\u201d,<\/strong> affidato alla commissaria Dubravka \u0160uica, il cui messaggio sar\u00e0 trasmesso in apertura dei lavori.<\/p>\n<p>Tra i partecipanti delegazioni in arrivo anche da <strong>Palestina, Libano, Tunisia, Algeria, Marocco, Iraq, Spagna, Portogallo, Francia, Italia e Paesi del Golfo.<\/strong> Saranno inoltre presenti figure di spicco di organizzazioni internazionali come l<strong>\u2019UNHCR<\/strong> (agenzia ONU per la gestione dei rifugiati), il <strong>DAAD<\/strong>, la <strong>Commissione Europea<\/strong>, il <strong>Ministero dell\u2019Universit\u00e0 e della Ricerca<\/strong> e le principali reti universitarie del mediterraneo, tra cui l\u2019European University Association (EUA) e l\u2019Association of Arab Universities (AArU).<\/p>\n<p>Nell\u2019incontro saranno affrontati temi di grande attualit\u00e0: il rafforzamento delle relazioni tra accademia e societ\u00e0 civile, il ruolo delle universit\u00e0 nell\u2019accoglienza di rifugiati e studiosi a rischio, le sfide poste dall\u2019intelligenza artificiale, l\u2019innovazione medica, il cambiamento climatico e le nuove alleanze accademiche.<\/p>\n<h3>La firma del protocollo tra UNIMED e FAO<\/h3>\n<p>Nel corso dei lavori \u00e8 prevista anche la <strong>firma di un protocollo d\u2019intesa tra UNIMED e la FAO<\/strong>, a testimonianza della crescente sinergia tra formazione, ricerca e sviluppo sostenibile. La seconda giornata sar\u00e0 dedicata alla presentazione dei progetti promossi da UNIMED e alle sessioni parallele su temi cruciali come la tecnologia per il clima, l\u2019imprenditorialit\u00e0 giovanile, gli sportelli per gli studenti rifugiati e le reti per l\u2019innovazione. Uno spazio specifico sar\u00e0 riservato alle proposte emerse dal Mediterranean students summit, con l\u2019obiettivo di dar voce alle nuove generazioni e tradurre le loro priorit\u00e0 in azioni concrete.<\/p>\n","protected":false},"excerpt":{"rendered":"<p>RENDE &#8211; L&#8217;Unical al centro del Mediterraneo. Sar\u00e0 l&#8217;ateneo con sede a Rende ad accogliere il prossimo 9 e 10 luglio oltre 150 rappresentanti di universit\u00e0 e istituzioni internazionali. L\u2019Universit\u00e0 della Calabria, infatti, quest\u2019anno \u00e8 stata scelta come sede dell\u2019Assemblea generale 2025 di UNIMED, l\u2019Unione delle Universit\u00e0 del Mediterraneo. Coesione, innovazione e diplomazia accademica sarano [&hellip;]<\/p>\n","protected":false},"author":90,"featured_media":263633,"comment_status":"closed","ping_status":"closed","sticky":false,"template":"","format":"standard","meta":{"_acf_changed":false,"footnotes":"","jetpack_publicize_message":"","jetpack_publicize_feature_enabled":true,"jetpack_social_post_already_shared":false,"jetpack_social_options":{"image_generator_settings":{"template":"highway","default_image_id":0,"font":"","enabled":false},"version":2}},"categories":[7],"tags":[19],"class_list":["post-263632","post","type-post","status-publish","format-standard","has-post-thumbnail","hentry","category-universita","tag-copertina"],"acf":[],"jetpack_publicize_connections":[],"_links":{"self":[{"href":"https:\/\/quicosenza.it\/news\/wp-json\/wp\/v2\/posts\/263632","targetHints":{"allow":["GET"]}}],"collection":[{"href":"https:\/\/quicosenza.it\/news\/wp-json\/wp\/v2\/posts"}],"about":[{"href":"https:\/\/quicosenza.it\/news\/wp-json\/wp\/v2\/types\/post"}],"author":[{"embeddable":true,"href":"https:\/\/quicosenza.it\/news\/wp-json\/wp\/v2\/users\/90"}],"replies":[{"embeddable":true,"href":"https:\/\/quicosenza.it\/news\/wp-json\/wp\/v2\/comments?post=263632"}],"version-history":[{"count":0,"href":"https:\/\/quicosenza.it\/news\/wp-json\/wp\/v2\/posts\/263632\/revisions"}],"wp:featuredmedia":[{"embeddable":true,"href":"https:\/\/quicosenza.it\/news\/wp-json\/wp\/v2\/media\/263633"}],"wp:attachment":[{"href":"https:\/\/quicosenza.it\/news\/wp-json\/wp\/v2\/media?parent=263632"}],"wp:term":[{"taxonomy":"category","embeddable":true,"href":"https:\/\/quicosenza.it\/news\/wp-json\/wp\/v2\/categories?post=263632"},{"taxonomy":"post_tag","embeddable":true,"href":"https:\/\/quicosenza.it\/news\/wp-json\/wp\/v2\/tags?post=263632"}],"curies":[{"name":"wp","href":"https:\/\/api.w.org\/{rel}","templated":true}]}}