{"id":263643,"date":"2025-07-07T17:40:07","date_gmt":"2025-07-07T15:40:07","guid":{"rendered":"https:\/\/www.quicosenza.it\/news\/?p=263643"},"modified":"2025-07-07T17:41:42","modified_gmt":"2025-07-07T15:41:42","slug":"medicics-cubani-non-sono-schiavi-scoppia-il-caso-italia-cuba-la-controreplica-di-orrico-confrontiamoci","status":"publish","type":"post","link":"https:\/\/quicosenza.it\/news\/medicics-cubani-non-sono-schiavi-scoppia-il-caso-italia-cuba-la-controreplica-di-orrico-confrontiamoci\/","title":{"rendered":"\u00abMedici cubani non sono schiavi\u00bb: scoppia il caso Italia-Cuba. La controreplica di Orrico: \u00abConfrontiamoci\u00bb"},"content":{"rendered":"<p class=\"v1MsoNormal\">COSENZA &#8211; &#8220;In riferimento alla <strong><a href=\"https:\/\/quicosenza.it\/news\/calabria\/i-medici-cubani-non-sono-schiavi-replica-dellassociazione-nazionale-amicizia-italia-cuba-alle-accuse-di-orrico\" target=\"_blank\" rel=\"noopener\">replica dell&#8217;Associazione Nazionale Italia Cuba<\/a> r<\/strong>elativa al<strong> mio intervento<\/strong> sulle <strong><a href=\"https:\/\/quicosenza.it\/news\/calabria\/inchiesta-medici-cubani-orrico-economicamente-sfruttati-occhiuto-faccia-da-garante\" target=\"_blank\" rel=\"noopener\">condizioni lavorative<\/a> e contrattuali<\/strong> dei medici cubani operanti in Calabria, che ho sollevato a seguito di inchiesta giornalistica, tengo a precisare alcuni punti&#8221;. Lo afferma la deputata del Movimento 5 stelle Anna Laura Orrico.<\/p>\n<p class=\"v1MsoNormal\"><strong>&#8220;In alcun modo \u2013 dice Orrico &#8211; ho avuto intenzione di screditare il lavoro dei professionisti cubani<\/strong> ed anzi, come gi\u00e0 scritto, ne ho evidenziato la professionalit\u00e0 e la competenza nell&#8217;attivit\u00e0 di supporto alla sanit\u00e0 calabrese. Ho soltanto posto, se \u00e8 ancora lecito farlo, una questione politica al commissario alla sanit\u00e0 calabrese Occhiuto a tutela, e non a discapito, proprio dei medici di cui sopra. Non ci sono suggeritori occulti, n\u00e9 dietrologie di sorta.<\/p>\n<p class=\"v1MsoNormal\">Nel corso degli anni, ovvero in tempi non sospetti, ho spesso mosso accuse al governatore Occhiuto sulla gestione della sanit\u00e0 come testimoniato dai miei numerosi interventi in eventi pubblici, sulla stampa e, soprattutto, nella mia attivit\u00e0 parlamentare in ordine a diverse problematiche: risorse non spese, criticit\u00e0 negli ospedali e nelle Asp, carenza di personale, concorsi, operato opaco dei colletti bianchi ed infiltrazioni della &#8216;ndrangheta, per citarne alcuni.<\/p>\n<p class=\"v1MsoNormal\">Sono d&#8217;accordo, inoltre \u2013 prosegue l&#8217;esponente pentastellata -, con l&#8217;Associazione Nazionale Italia Cuba quando fa riferimento alla necessaria difesa del nostro Servizio Sanitario Nazionale che bisogna tutelare dall&#8217;assalto di chi vuole svuotarlo e privatizzarlo: non pi\u00f9 tardi della scorsa settimana il Movimento 5 stelle ha presentato una proposta di legge, rispedita al mittente dal governo Meloni, che mirava a finanziarlo adeguatamente anzich\u00e9 destinare denari per il riarmo del Paese e dell&#8217;Unione europea. Un dibattito molto acceso in Aula al quale ho preso parte.<\/p>\n<p class=\"v1MsoNormal\">Quindi \u2013 conclude Anna Laura Orrico \u2013<strong>, tralasciando gli attacchi a me indirizzati ed i giudizi espressi,<\/strong> che mi lasciano amarezza e che non mi pare tengano conto dell&#8217;impegno istituzionale profuso, <strong>vorrei confrontarmi sui temi, cos\u00ec come ritengo dovrebbe fare la politica, ed invito l&#8217;Associazione Nazionale Italia Cuba a collaborare<\/strong> sottoponendo battaglie comuni cui potere lavorare insieme ad iniziare dalla sanit\u00e0 e, dunque, se lo ritengono opportuno, incontrarci&#8221;.<\/p>\n","protected":false},"excerpt":{"rendered":"<p>COSENZA &#8211; &#8220;In riferimento alla replica dell&#8217;Associazione Nazionale Italia Cuba relativa al mio intervento sulle condizioni lavorative e contrattuali dei medici cubani operanti in Calabria, che ho sollevato a seguito di inchiesta giornalistica, tengo a precisare alcuni punti&#8221;. Lo afferma la deputata del Movimento 5 stelle Anna Laura Orrico. &#8220;In alcun modo \u2013 dice Orrico [&hellip;]<\/p>\n","protected":false},"author":58,"featured_media":182002,"comment_status":"closed","ping_status":"closed","sticky":false,"template":"","format":"standard","meta":{"_acf_changed":false,"footnotes":"","jetpack_publicize_message":"","jetpack_publicize_feature_enabled":true,"jetpack_social_post_already_shared":false,"jetpack_social_options":{"image_generator_settings":{"template":"highway","default_image_id":0,"font":"","enabled":false},"version":2}},"categories":[17],"tags":[19],"class_list":["post-263643","post","type-post","status-publish","format-standard","has-post-thumbnail","hentry","category-calabria","tag-copertina"],"acf":[],"jetpack_publicize_connections":[],"_links":{"self":[{"href":"https:\/\/quicosenza.it\/news\/wp-json\/wp\/v2\/posts\/263643","targetHints":{"allow":["GET"]}}],"collection":[{"href":"https:\/\/quicosenza.it\/news\/wp-json\/wp\/v2\/posts"}],"about":[{"href":"https:\/\/quicosenza.it\/news\/wp-json\/wp\/v2\/types\/post"}],"author":[{"embeddable":true,"href":"https:\/\/quicosenza.it\/news\/wp-json\/wp\/v2\/users\/58"}],"replies":[{"embeddable":true,"href":"https:\/\/quicosenza.it\/news\/wp-json\/wp\/v2\/comments?post=263643"}],"version-history":[{"count":0,"href":"https:\/\/quicosenza.it\/news\/wp-json\/wp\/v2\/posts\/263643\/revisions"}],"wp:featuredmedia":[{"embeddable":true,"href":"https:\/\/quicosenza.it\/news\/wp-json\/wp\/v2\/media\/182002"}],"wp:attachment":[{"href":"https:\/\/quicosenza.it\/news\/wp-json\/wp\/v2\/media?parent=263643"}],"wp:term":[{"taxonomy":"category","embeddable":true,"href":"https:\/\/quicosenza.it\/news\/wp-json\/wp\/v2\/categories?post=263643"},{"taxonomy":"post_tag","embeddable":true,"href":"https:\/\/quicosenza.it\/news\/wp-json\/wp\/v2\/tags?post=263643"}],"curies":[{"name":"wp","href":"https:\/\/api.w.org\/{rel}","templated":true}]}}