{"id":263687,"date":"2025-07-08T10:21:33","date_gmt":"2025-07-08T08:21:33","guid":{"rendered":"https:\/\/www.quicosenza.it\/news\/?p=263687"},"modified":"2025-07-08T10:21:33","modified_gmt":"2025-07-08T08:21:33","slug":"da-lorica-camigliatello-le-guide-del-parco-contro-gli-incivili-dei-rifiuti-portate-via-la-vostra-spazzatura","status":"publish","type":"post","link":"https:\/\/quicosenza.it\/news\/da-lorica-camigliatello-le-guide-del-parco-contro-gli-incivili-dei-rifiuti-portate-via-la-vostra-spazzatura\/","title":{"rendered":"Da Lorica Camigliatello, le Guide del Parco contro gli incivili dei rifiuti: \u00abportate via la vostra spazzatura\u00bb &#8211; FOTO"},"content":{"rendered":"<p>LORICA (CS) &#8211; Un appello accorato e diretto a <strong>tutti i visitatori del Parco Nazionale della<\/strong> <strong>Sila<\/strong>: \u201c<strong>Riportate a casa la vostra spazzatura\u201d<\/strong>. A lanciarlo sono le Guide Ufficiali del Parco, preoccupate per il <strong>crescente fenomeno dell\u2019abbandono dei rifiuti,<\/strong> soprattutto nelle aree picnic e nelle radure pi\u00f9 frequentate nei weekend estivi.<\/p>\n<p><img loading=\"lazy\" decoding=\"async\" class=\"wp-image-263692 aligncenter\" src=\"https:\/\/quicosenza.it\/news\/wp-content\/uploads\/2025\/07\/rifiuti-sila-incivili-05.jpg\" alt=\"\" width=\"543\" height=\"336\" title=\"\" srcset=\"https:\/\/quicosenza.it\/news\/wp-content\/uploads\/2025\/07\/rifiuti-sila-incivili-05.jpg 970w, https:\/\/quicosenza.it\/news\/wp-content\/uploads\/2025\/07\/rifiuti-sila-incivili-05-300x186.jpg 300w, https:\/\/quicosenza.it\/news\/wp-content\/uploads\/2025\/07\/rifiuti-sila-incivili-05-768x475.jpg 768w, https:\/\/quicosenza.it\/news\/wp-content\/uploads\/2025\/07\/rifiuti-sila-incivili-05-679x420.jpg 679w, https:\/\/quicosenza.it\/news\/wp-content\/uploads\/2025\/07\/rifiuti-sila-incivili-05-150x93.jpg 150w, https:\/\/quicosenza.it\/news\/wp-content\/uploads\/2025\/07\/rifiuti-sila-incivili-05-696x431.jpg 696w, https:\/\/quicosenza.it\/news\/wp-content\/uploads\/2025\/07\/rifiuti-sila-incivili-05-356x220.jpg 356w\" sizes=\"auto, (max-width: 543px) 100vw, 543px\" \/><\/p>\n<p>Ogni <strong>domenica<\/strong>, denunciano le Guide, il <strong>bosco si trasforma in una discarica a cielo aperto:<\/strong> sacchetti appesi agli alberi, bottiglie, resti alimentari lasciati tra i cespugli e sulle staccionate. Una situazione definita \u201c<strong>inaccettabile<\/strong>\u201d, che danneggia l\u2019immagine del territorio e, soprattutto, l\u2019equilibrio dell\u2019ecosistema silano. Fortunatamente, precisano, inoltrandosi nei sentieri il paesaggio resta incontaminato, ma la minaccia resta concreta. I rifiuti rappresentano un serio pericolo per la fauna selvatica, che pu\u00f2 ingerire plastica o materiali tossici, e aumentano anche il rischio di incendi nei mesi pi\u00f9 caldi.<\/p>\n<p><img loading=\"lazy\" decoding=\"async\" class=\" wp-image-263691 aligncenter\" src=\"https:\/\/quicosenza.it\/news\/wp-content\/uploads\/2025\/07\/rifiuti-sila-incivili-04.jpg\" alt=\"\" width=\"530\" height=\"328\" title=\"\" srcset=\"https:\/\/quicosenza.it\/news\/wp-content\/uploads\/2025\/07\/rifiuti-sila-incivili-04.jpg 970w, https:\/\/quicosenza.it\/news\/wp-content\/uploads\/2025\/07\/rifiuti-sila-incivili-04-300x186.jpg 300w, https:\/\/quicosenza.it\/news\/wp-content\/uploads\/2025\/07\/rifiuti-sila-incivili-04-768x475.jpg 768w, https:\/\/quicosenza.it\/news\/wp-content\/uploads\/2025\/07\/rifiuti-sila-incivili-04-679x420.jpg 679w, https:\/\/quicosenza.it\/news\/wp-content\/uploads\/2025\/07\/rifiuti-sila-incivili-04-150x93.jpg 150w, https:\/\/quicosenza.it\/news\/wp-content\/uploads\/2025\/07\/rifiuti-sila-incivili-04-696x431.jpg 696w, https:\/\/quicosenza.it\/news\/wp-content\/uploads\/2025\/07\/rifiuti-sila-incivili-04-356x220.jpg 356w\" sizes=\"auto, (max-width: 530px) 100vw, 530px\" \/><\/p>\n<p>\u201cNon \u00e8 compito dell\u2019amministrazione raccogliere la vostra spazzatura \u2013 sottolineano le Guide \u2013 ognuno ha il dovere di smaltirla nel proprio Comune di residenza\u201d. \u201cLa Sila \u2013 conclude il presidente delle Guide, Saverio J Bianco \u2013 \u00e8 un patrimonio unico in Europa. Proteggerlo \u00e8 responsabilit\u00e0 di tutti\u201d.<\/p>\n<p><img loading=\"lazy\" decoding=\"async\" class=\" wp-image-263690 aligncenter\" src=\"https:\/\/quicosenza.it\/news\/wp-content\/uploads\/2025\/07\/rifiuti-sila-incivili-03.jpg\" alt=\"\" width=\"580\" height=\"359\" title=\"\" srcset=\"https:\/\/quicosenza.it\/news\/wp-content\/uploads\/2025\/07\/rifiuti-sila-incivili-03.jpg 970w, https:\/\/quicosenza.it\/news\/wp-content\/uploads\/2025\/07\/rifiuti-sila-incivili-03-300x186.jpg 300w, https:\/\/quicosenza.it\/news\/wp-content\/uploads\/2025\/07\/rifiuti-sila-incivili-03-768x475.jpg 768w, https:\/\/quicosenza.it\/news\/wp-content\/uploads\/2025\/07\/rifiuti-sila-incivili-03-679x420.jpg 679w, https:\/\/quicosenza.it\/news\/wp-content\/uploads\/2025\/07\/rifiuti-sila-incivili-03-150x93.jpg 150w, https:\/\/quicosenza.it\/news\/wp-content\/uploads\/2025\/07\/rifiuti-sila-incivili-03-696x431.jpg 696w, https:\/\/quicosenza.it\/news\/wp-content\/uploads\/2025\/07\/rifiuti-sila-incivili-03-356x220.jpg 356w\" sizes=\"auto, (max-width: 580px) 100vw, 580px\" \/> <img loading=\"lazy\" decoding=\"async\" class=\" wp-image-263688 aligncenter\" src=\"https:\/\/quicosenza.it\/news\/wp-content\/uploads\/2025\/07\/rifiuti-sila-incivili-01.jpg\" alt=\"\" width=\"573\" height=\"355\" title=\"\" srcset=\"https:\/\/quicosenza.it\/news\/wp-content\/uploads\/2025\/07\/rifiuti-sila-incivili-01.jpg 970w, https:\/\/quicosenza.it\/news\/wp-content\/uploads\/2025\/07\/rifiuti-sila-incivili-01-300x186.jpg 300w, https:\/\/quicosenza.it\/news\/wp-content\/uploads\/2025\/07\/rifiuti-sila-incivili-01-768x475.jpg 768w, https:\/\/quicosenza.it\/news\/wp-content\/uploads\/2025\/07\/rifiuti-sila-incivili-01-679x420.jpg 679w, https:\/\/quicosenza.it\/news\/wp-content\/uploads\/2025\/07\/rifiuti-sila-incivili-01-150x93.jpg 150w, https:\/\/quicosenza.it\/news\/wp-content\/uploads\/2025\/07\/rifiuti-sila-incivili-01-696x431.jpg 696w, https:\/\/quicosenza.it\/news\/wp-content\/uploads\/2025\/07\/rifiuti-sila-incivili-01-356x220.jpg 356w\" sizes=\"auto, (max-width: 573px) 100vw, 573px\" \/><\/p>\n","protected":false},"excerpt":{"rendered":"<p>LORICA (CS) &#8211; Un appello accorato e diretto a tutti i visitatori del Parco Nazionale della Sila: \u201cRiportate a casa la vostra spazzatura\u201d. A lanciarlo sono le Guide Ufficiali del Parco, preoccupate per il crescente fenomeno dell\u2019abbandono dei rifiuti, soprattutto nelle aree picnic e nelle radure pi\u00f9 frequentate nei weekend estivi. Ogni domenica, denunciano le [&hellip;]<\/p>\n","protected":false},"author":42,"featured_media":263689,"comment_status":"closed","ping_status":"closed","sticky":false,"template":"","format":"standard","meta":{"_acf_changed":false,"footnotes":"","jetpack_publicize_message":"","jetpack_publicize_feature_enabled":true,"jetpack_social_post_already_shared":false,"jetpack_social_options":{"image_generator_settings":{"template":"highway","default_image_id":0,"font":"","enabled":false},"version":2}},"categories":[28],"tags":[19],"class_list":["post-263687","post","type-post","status-publish","format-standard","has-post-thumbnail","hentry","category-provincia","tag-copertina"],"acf":[],"jetpack_publicize_connections":[],"_links":{"self":[{"href":"https:\/\/quicosenza.it\/news\/wp-json\/wp\/v2\/posts\/263687","targetHints":{"allow":["GET"]}}],"collection":[{"href":"https:\/\/quicosenza.it\/news\/wp-json\/wp\/v2\/posts"}],"about":[{"href":"https:\/\/quicosenza.it\/news\/wp-json\/wp\/v2\/types\/post"}],"author":[{"embeddable":true,"href":"https:\/\/quicosenza.it\/news\/wp-json\/wp\/v2\/users\/42"}],"replies":[{"embeddable":true,"href":"https:\/\/quicosenza.it\/news\/wp-json\/wp\/v2\/comments?post=263687"}],"version-history":[{"count":0,"href":"https:\/\/quicosenza.it\/news\/wp-json\/wp\/v2\/posts\/263687\/revisions"}],"wp:featuredmedia":[{"embeddable":true,"href":"https:\/\/quicosenza.it\/news\/wp-json\/wp\/v2\/media\/263689"}],"wp:attachment":[{"href":"https:\/\/quicosenza.it\/news\/wp-json\/wp\/v2\/media?parent=263687"}],"wp:term":[{"taxonomy":"category","embeddable":true,"href":"https:\/\/quicosenza.it\/news\/wp-json\/wp\/v2\/categories?post=263687"},{"taxonomy":"post_tag","embeddable":true,"href":"https:\/\/quicosenza.it\/news\/wp-json\/wp\/v2\/tags?post=263687"}],"curies":[{"name":"wp","href":"https:\/\/api.w.org\/{rel}","templated":true}]}}