{"id":263746,"date":"2025-07-08T15:00:36","date_gmt":"2025-07-08T13:00:36","guid":{"rendered":"https:\/\/www.quicosenza.it\/news\/?p=263746"},"modified":"2025-07-08T15:01:36","modified_gmt":"2025-07-08T13:01:36","slug":"operazione-medusa-in-cinque-anni-rete-criminale-di-trafficanti-ha-messo-in-mare-10-544-migranti","status":"publish","type":"post","link":"https:\/\/quicosenza.it\/news\/operazione-medusa-in-cinque-anni-rete-criminale-di-trafficanti-ha-messo-in-mare-10-544-migranti\/","title":{"rendered":"Operazione &#8220;Medusa&#8221;: in cinque anni rete criminale di trafficanti ha messo in mare 10.544 migranti"},"content":{"rendered":"<div id=\"txt_cont\">REGGIO CALABRIA \u00abCon la nostra inchiesta abbiamo <strong>ricostruito un periodo temporale, che va dal 2017 al 2022<\/strong>, in cui si sono <strong>registrati non soltanto in Calabria, ma anche in Puglia e Sicilia<\/strong>, decine e decine di sbarchi, per un totale di <strong>10.544 migranti, sulla rotta del Mediterraneo orientale<\/strong>. Sbarchi non occasionali, ma espressione di u<strong>n grave fenomeno criminale, ben organizzato e strutturato<\/strong>\u00bb. Lo ha detto il Procuratore della Repubblica di Reggio Calabria, Giuseppe Lombardo, incontrando i giornalisti sull&#8217;operazione Medusa <strong>eseguita dallo Sco e dalla Squadra mobile reggina<\/strong> che ha portato all&#8217;<a href=\"https:\/\/quicosenza.it\/news\/calabria\/operazione-medusa-contro-il-traffico-di-migranti-25-arresti-viaggi-disumani-su-barche-a-vela-stipate-allinverosimile\" target=\"_blank\" rel=\"noopener\">arresto di 25 persone<\/a>. Le persone coinvolte sono accusate di avere fatto parte di una r<strong>ete internazionale di trafficanti di migranti<\/strong> che esercitava la sua attivit\u00e0 tra Turchia, Georgia, Moldavia e Ucraina.<\/div>\n<div><\/div>\n<h3>Quattro distinte strutture associative: fino a 12mila euro a migrante<\/h3>\n<div>\u00abSono state individuate &#8211; ha aggiunto il procuratore Lombardo &#8211; <strong>quattro distinte strutture associative sinergicamente legate fra di loro<\/strong>. Un&#8217;organizzazione che si \u00e8 dimostrata capace di a<strong>deguare le sue attivit\u00e0 alle mutate condizioni geopolitiche<\/strong>. Un gruppo, dunque, molto strutturato e complesso. Per ogni viaggio <strong>il prezzo pagato da ogni migrante variava tra i cinquemila ed i dodicimila euro<\/strong>. Per le indagini si \u00e8 sviluppata una fitta interlocuzione a livello internazionale che ha riguardato Paesi come Malta, Polonia, Grecia, Albania, Georgia, Montenegro, Turchia, Slovacchia, Ucraina e Moldavia\u00bb.<\/div>\n<div><\/div>\n<div>\u00abNon si tratta di interlocuzioni parificabili a quelle che noi abbiamo costantemente con paesi tradizionalmente legati da profili di cooperazione internazionale con l&#8217;Italia. Interlocuzioni che hanno portato alla costituzione di una <strong>squadra investigativa comune con Georgia, Ucraina e Grecia e ad una collaborazione stabile in questo senso<\/strong>\u00bb.<br \/>\nIl Procuratore di Reggio Calabria ha anche rivolto un ringraziamento all&#8217;autorit\u00e0 politica. \u00abLavorare su questa materia &#8211; ha detto Lombardo &#8211; significa lavorare a stretto contatto con i ministeri dell&#8217;Interno, degli Esteri e della Giustizia. Grazie, quindi, ai ministri Piantedosi, Tajani e Nordio, dai quali <strong>abbiamo avuto risposte immediate proprio perch\u00e9 solo con le risposte immediate si riescono ad ottenere determinati risultati<\/strong> ed a creare le condizioni perch\u00e9 un certo tipo di lavoro si possa svolgere con la necessaria attenzione\u00bb.<\/div>\n<div><\/div>\n<div><a href=\"https:\/\/quicosenza.it\/news\/wp-content\/uploads\/2025\/07\/Migranti2.jpg\"><img loading=\"lazy\" decoding=\"async\" class=\"wp-image-263751 aligncenter\" src=\"https:\/\/quicosenza.it\/news\/wp-content\/uploads\/2025\/07\/Migranti2.jpg\" alt=\"\" width=\"492\" height=\"312\" title=\"\" srcset=\"https:\/\/quicosenza.it\/news\/wp-content\/uploads\/2025\/07\/Migranti2.jpg 970w, https:\/\/quicosenza.it\/news\/wp-content\/uploads\/2025\/07\/Migranti2-300x190.jpg 300w, https:\/\/quicosenza.it\/news\/wp-content\/uploads\/2025\/07\/Migranti2-768x486.jpg 768w, https:\/\/quicosenza.it\/news\/wp-content\/uploads\/2025\/07\/Migranti2-664x420.jpg 664w, https:\/\/quicosenza.it\/news\/wp-content\/uploads\/2025\/07\/Migranti2-150x95.jpg 150w, https:\/\/quicosenza.it\/news\/wp-content\/uploads\/2025\/07\/Migranti2-696x441.jpg 696w\" sizes=\"auto, (max-width: 492px) 100vw, 492px\" \/><\/a><\/div>\n<h3>La frangia ucraina, moldava, georgiana e turca<\/h3>\n<div>Secondo quanto emerso dalle indagini, le associazioni criminali operavano in sinergia nell\u2019ambito di una rete transnazionale specializzata nel traffico clandestino di migranti, con precisa distinzione di compiti e finalit\u00e0. In particolare, <strong>la \u201cfrangia ucraina\u201d e la \u201cfrangia moldava\u201d<\/strong> avevano il compito di reclutare gli scafisti; <strong>nella \u201cfrangia georgiana\u201d<\/strong> vi erano gli intermediari finanziari e gli istruttori alla navigazione (la Georgia infatti \u00e8 risultata luogo di addestramento degli scafisti e sede del gruppo operativo, oltre che terminale di finanziamenti e pagamenti). In ultimo,<strong> la \u201cfrangia turca\u201d, operativa fra la citt\u00e0 di Istanbul e i diversi luoghi di imbarco delle coste turche,<\/strong> aveva il compito di organizzare le partenze e gestire i rapporti con i migranti da trasportare ed i loro parenti.<\/div>\n<div><\/div>\n<div><a href=\"https:\/\/quicosenza.it\/news\/wp-content\/uploads\/2025\/07\/Migranti-barca-a-vela.jpg\"><img loading=\"lazy\" decoding=\"async\" class=\"wp-image-263752 aligncenter\" src=\"https:\/\/quicosenza.it\/news\/wp-content\/uploads\/2025\/07\/Migranti-barca-a-vela.jpg\" alt=\"\" width=\"452\" height=\"281\" title=\"\" srcset=\"https:\/\/quicosenza.it\/news\/wp-content\/uploads\/2025\/07\/Migranti-barca-a-vela.jpg 970w, https:\/\/quicosenza.it\/news\/wp-content\/uploads\/2025\/07\/Migranti-barca-a-vela-300x186.jpg 300w, https:\/\/quicosenza.it\/news\/wp-content\/uploads\/2025\/07\/Migranti-barca-a-vela-768x477.jpg 768w, https:\/\/quicosenza.it\/news\/wp-content\/uploads\/2025\/07\/Migranti-barca-a-vela-676x420.jpg 676w, https:\/\/quicosenza.it\/news\/wp-content\/uploads\/2025\/07\/Migranti-barca-a-vela-150x93.jpg 150w, https:\/\/quicosenza.it\/news\/wp-content\/uploads\/2025\/07\/Migranti-barca-a-vela-696x433.jpg 696w, https:\/\/quicosenza.it\/news\/wp-content\/uploads\/2025\/07\/Migranti-barca-a-vela-356x220.jpg 356w\" sizes=\"auto, (max-width: 452px) 100vw, 452px\" \/><\/a><\/div>\n<h3>Pd &#8220;lo Stato c&#8217;\u00e8 ma ora serve la politica&#8221;<\/h3>\n<div>\u00abL\u2019operazione internazionale Medusa, coordinata dalla Dda di Reggio Calabria e condotta dalla Polizia di Stato, \u00e8 <strong>una risposta ferma dello Stato al traffico disumano di esseri umani gestito da reti criminali senza scrupoli<\/strong>\u201d. Lo afferma in una nota il Pd Calabria, guidato dal senatore Nicola Irto, a proposito di un\u2019importante inchiesta che ha portato all\u2019emissione di <strong>25 ordinanze di custodia cautelare e all\u2019iscrizione di 43 persone nel registro degli indagati, per un totale di 68 presunti appartenenti a un\u2019organizzazione transnazionale dedita al favoreggiamento dell\u2019immigrazione clandestina <\/strong>a<strong>ttraverso la rotta del Mediterraneo orientale<\/strong>.<\/div>\n<div><\/div>\n<div>\u201cIl nostro plauso \u2013 prosegue il Pd Calabria \u2013 va alla Dda guidata dal procuratore Giuseppe Lombardo, al Servizio centrale operativo, alla Squadra mobile di Reggio Calabria e a tutte le forze e agli organismi di cooperazione internazionale coinvolti. Si tratta di u<strong>n\u2019inchiesta complessa che ha smascherato un\u2019organizzazione criminale ramificata,<\/strong> capace di <strong>sfruttare la disperazione di migliaia di migranti per accumulare profitti milionari\u201d<\/strong>. \u201cQueste indagini \u2013 dichiara il senatore Nicola Irto \u2013 dimostrano che la criminalit\u00e0 organizzata transnazionale sa adattarsi, cambiare rotte, mezzi e metodi. Ma lo Stato \u00e8 pi\u00f9 forte e riesce a colpire in profondit\u00e0. Di fronte ai continui viaggi inumani dai luoghi della povert\u00e0, urge tutt\u2019altra linea politica da parte dell\u2019Unione europea. Non possiamo accettare \u2013 prosegue l\u2019esponente dem \u2013 che<strong> le coste della Calabria diventino teatro di tragedie annunciate o territorio di sbarco per bande criminali<\/strong>. Ora pi\u00f9 che mai servono \u2013 conclude il Pd calabrese \u2013 soluzioni politiche giuste, umane e concrete\u201d.<\/div>\n","protected":false},"excerpt":{"rendered":"<p>REGGIO CALABRIA \u00abCon la nostra inchiesta abbiamo ricostruito un periodo temporale, che va dal 2017 al 2022, in cui si sono registrati non soltanto in Calabria, ma anche in Puglia e Sicilia, decine e decine di sbarchi, per un totale di 10.544 migranti, sulla rotta del Mediterraneo orientale. Sbarchi non occasionali, ma espressione di un [&hellip;]<\/p>\n","protected":false},"author":55,"featured_media":263749,"comment_status":"closed","ping_status":"closed","sticky":false,"template":"","format":"standard","meta":{"_acf_changed":false,"footnotes":"","jetpack_publicize_message":"","jetpack_publicize_feature_enabled":true,"jetpack_social_post_already_shared":false,"jetpack_social_options":{"image_generator_settings":{"template":"highway","default_image_id":0,"font":"","enabled":false},"version":2}},"categories":[17],"tags":[19],"class_list":["post-263746","post","type-post","status-publish","format-standard","has-post-thumbnail","hentry","category-calabria","tag-copertina"],"acf":[],"jetpack_publicize_connections":[],"_links":{"self":[{"href":"https:\/\/quicosenza.it\/news\/wp-json\/wp\/v2\/posts\/263746","targetHints":{"allow":["GET"]}}],"collection":[{"href":"https:\/\/quicosenza.it\/news\/wp-json\/wp\/v2\/posts"}],"about":[{"href":"https:\/\/quicosenza.it\/news\/wp-json\/wp\/v2\/types\/post"}],"author":[{"embeddable":true,"href":"https:\/\/quicosenza.it\/news\/wp-json\/wp\/v2\/users\/55"}],"replies":[{"embeddable":true,"href":"https:\/\/quicosenza.it\/news\/wp-json\/wp\/v2\/comments?post=263746"}],"version-history":[{"count":0,"href":"https:\/\/quicosenza.it\/news\/wp-json\/wp\/v2\/posts\/263746\/revisions"}],"wp:featuredmedia":[{"embeddable":true,"href":"https:\/\/quicosenza.it\/news\/wp-json\/wp\/v2\/media\/263749"}],"wp:attachment":[{"href":"https:\/\/quicosenza.it\/news\/wp-json\/wp\/v2\/media?parent=263746"}],"wp:term":[{"taxonomy":"category","embeddable":true,"href":"https:\/\/quicosenza.it\/news\/wp-json\/wp\/v2\/categories?post=263746"},{"taxonomy":"post_tag","embeddable":true,"href":"https:\/\/quicosenza.it\/news\/wp-json\/wp\/v2\/tags?post=263746"}],"curies":[{"name":"wp","href":"https:\/\/api.w.org\/{rel}","templated":true}]}}