{"id":263748,"date":"2025-07-08T16:00:06","date_gmt":"2025-07-08T14:00:06","guid":{"rendered":"https:\/\/www.quicosenza.it\/news\/?p=263748"},"modified":"2025-07-08T15:25:11","modified_gmt":"2025-07-08T13:25:11","slug":"cosenza-domani-in-consiglio-comunale-mozioni-su-gestione-trasparente-del-verde-urbano-e-disability-card","status":"publish","type":"post","link":"https:\/\/quicosenza.it\/news\/cosenza-domani-in-consiglio-comunale-mozioni-su-gestione-trasparente-del-verde-urbano-e-disability-card\/","title":{"rendered":"Cosenza, domani in consiglio comunale mozioni su gestione trasparente del verde urbano e Disability Card"},"content":{"rendered":"<p>COSENZA &#8211; Nel corso della prossima seduta del <strong>Consiglio comunale di Cosenza<\/strong>, che si svolger\u00e0 domani 9 luglio 2025, saranno presentate <strong>due importanti mozioni<\/strong>: una sulla <strong>gestione trasparente del verde urbano<\/strong> e l&#8217;altra sulla <strong>Disability Card<\/strong>. Lo ha annunciato nella giornata di oggi la consigliera comunale <strong>Alessandra Bresciani <\/strong>che si fa portavoce delle due proposte volte a creare una<em><strong> &#8220;Cosenza sempre pi\u00f9 attenta alle fragilit\u00e0<\/strong> e pi\u00f9 <strong>responsabile<\/strong> verso il proprio <strong>futuro ambientale<\/strong>&#8220;.<\/em><\/p>\n<p>Sono temi <em>&#8220;che mi stanno a cuore, che sento vicini e vivi nella vita di molte persone<\/em> &#8211; precisa Bresciani &#8211; <em>e che riflettono l&#8217;impegno dell&#8217;amministrazione su due temi centrali: il miglioramento della qualit\u00e0 della vita delle persone con disabilit\u00e0 e la gestione trasparente e sostenibile del verde urbano&#8221;.<\/em><\/p>\n<h3>Cosenza, in consiglio comunale mozioni<\/h3>\n<p><em>&#8220;Le proposte riguardano, da un lato,<\/em> &#8211; fa sapere Bresciani &#8211; <em>il potenziamento delle politiche a favore delle persone con disabilit\u00e0, con l&#8217;obiettivo di <strong>migliorare concretamente la qualit\u00e0 della vita<\/strong> e <strong>garantire maggiori opportunit\u00e0 e diritti<\/strong>; dall&#8217;altro, la promozione di una <strong>gestione trasparente, partecipata e sostenibile del verde urbano<\/strong>, elemento fondamentale per la salute, il benessere e la vivibilit\u00e0 della citt\u00e0. Si tratta di due impegni concreti che rispondono a esigenze reali della nostra comunit\u00e0 e che riflettono una visione di citt\u00e0 pi\u00f9 giusta, attenta ai bisogni delle persone e orientata alla sostenibilit\u00e0&#8221;.<\/em><\/p>\n<p>Per la gestione del patrimonio arboreo urbano la consigliera chieder\u00e0 <em>&#8220;che <strong>ogni abbattimento di alberi venga comunicato pubblicamente<\/strong> con motivazioni e tempistiche chiare, e che si potenzi la programmazione della piantumazione di nuovi alberi, si assicuri la cura nel tempo, in particolare nelle zone pi\u00f9 esposte all&#8217;aumento delle temperature&#8221;.<\/em><\/p>\n<p>Per quanto riguarda la seconda mozione, invece, dedicata alla Disability Card, Bresciani anticipa che si tratta di <em>&#8220;uno strumento che consente alle persone con disabilit\u00e0 di <strong>accedere pi\u00f9 facilmente a servizi pubblici e privati<\/strong>&#8220;<\/em> e per questo lo scopo della proposta \u00e8 quello di <em>&#8220;<strong>accelerare la stipula delle convenzioni<\/strong> che l&#8217;amministrazione sosterr\u00e0 attraverso la diffusione e il riconoscimento della Card a livello locale, con il supporto del &#8220;Tavolo Tecnico sulla Disabilit\u00e0&#8221; istituito con Deliberazione n. 3 del 29\/01\/2025&#8243;.<\/em><\/p>\n","protected":false},"excerpt":{"rendered":"<p>COSENZA &#8211; Nel corso della prossima seduta del Consiglio comunale di Cosenza, che si svolger\u00e0 domani 9 luglio 2025, saranno presentate due importanti mozioni: una sulla gestione trasparente del verde urbano e l&#8217;altra sulla Disability Card. Lo ha annunciato nella giornata di oggi la consigliera comunale Alessandra Bresciani che si fa portavoce delle due proposte [&hellip;]<\/p>\n","protected":false},"author":90,"featured_media":261827,"comment_status":"closed","ping_status":"closed","sticky":false,"template":"","format":"standard","meta":{"_acf_changed":false,"footnotes":"","jetpack_publicize_message":"","jetpack_publicize_feature_enabled":true,"jetpack_social_post_already_shared":false,"jetpack_social_options":{"image_generator_settings":{"template":"highway","default_image_id":0,"font":"","enabled":false},"version":2}},"categories":[563,42],"tags":[19],"class_list":["post-263748","post","type-post","status-publish","format-standard","has-post-thumbnail","hentry","category-area-urbana","category-cosenza","tag-copertina"],"acf":[],"jetpack_publicize_connections":[],"_links":{"self":[{"href":"https:\/\/quicosenza.it\/news\/wp-json\/wp\/v2\/posts\/263748","targetHints":{"allow":["GET"]}}],"collection":[{"href":"https:\/\/quicosenza.it\/news\/wp-json\/wp\/v2\/posts"}],"about":[{"href":"https:\/\/quicosenza.it\/news\/wp-json\/wp\/v2\/types\/post"}],"author":[{"embeddable":true,"href":"https:\/\/quicosenza.it\/news\/wp-json\/wp\/v2\/users\/90"}],"replies":[{"embeddable":true,"href":"https:\/\/quicosenza.it\/news\/wp-json\/wp\/v2\/comments?post=263748"}],"version-history":[{"count":0,"href":"https:\/\/quicosenza.it\/news\/wp-json\/wp\/v2\/posts\/263748\/revisions"}],"wp:featuredmedia":[{"embeddable":true,"href":"https:\/\/quicosenza.it\/news\/wp-json\/wp\/v2\/media\/261827"}],"wp:attachment":[{"href":"https:\/\/quicosenza.it\/news\/wp-json\/wp\/v2\/media?parent=263748"}],"wp:term":[{"taxonomy":"category","embeddable":true,"href":"https:\/\/quicosenza.it\/news\/wp-json\/wp\/v2\/categories?post=263748"},{"taxonomy":"post_tag","embeddable":true,"href":"https:\/\/quicosenza.it\/news\/wp-json\/wp\/v2\/tags?post=263748"}],"curies":[{"name":"wp","href":"https:\/\/api.w.org\/{rel}","templated":true}]}}