{"id":263823,"date":"2025-07-09T20:45:36","date_gmt":"2025-07-09T18:45:36","guid":{"rendered":"https:\/\/www.quicosenza.it\/news\/?p=263823"},"modified":"2025-07-09T20:46:08","modified_gmt":"2025-07-09T18:46:08","slug":"cerisano-anteprima-del-festival-delle-serre-da-paolo-fresu-ad-irene-grandi-fino-a-luca-barbarossa","status":"publish","type":"post","link":"https:\/\/quicosenza.it\/news\/cerisano-anteprima-del-festival-delle-serre-da-paolo-fresu-ad-irene-grandi-fino-a-luca-barbarossa\/","title":{"rendered":"Cerisano, anteprima del Festival delle Serre: da Paolo Fresu ad Irene Grandi fino a Luca Barbarossa"},"content":{"rendered":"<p>CERISANO (CS) &#8211; Al via da domani, l&#8217;anteprima del 31\u00aa edizione del Festival delle Serre con una <strong>ricca rassegna musicale<\/strong> volta a stupire e coinvolgere i visitatori. Un cartellone di concerti gratuiti che trasformeranno il borgo in una sinfonia di storie e incontri.<\/p>\n<p>Si parte con un evento di rara intensit\u00e0 con <strong>Paolo Fresu e Uri Caine, domani, 10 luglio<\/strong>, i quali si esibiranno nella splendida cornice di Palazzo Sersale, con un concerto che fonde jazz, poesia e magia, dando vita a un&#8217;esperienza sonora senza confini. Il giorno seguente, l&#8217;<strong>11 luglio<\/strong>, il festival si sposta in Piazza Paura, che si accender\u00e0 con il carisma e l&#8217;energia di <strong>Irene Grandi<\/strong> e il suo &#8220;Fiera di me Tour&#8221;. Una serata tutta da vivere, tra brani iconici e nuove emozioni, con una delle voci pi\u00f9 amate del panorama musicale italiano. E poi spazio alla grande musica internazionale con &#8220;<strong>Portrait of a Moment&#8221;, il 13 luglio<\/strong>, il progetto raffinato che vedr\u00e0 protagonista Buster Williams, icona del jazz mondiale, accompagnato da Tommaso Perazzo e Marcello Cardillo. Un concerto che promette introspezione, ritmo e atmosfera.<\/p>\n<p>Dal<strong> 13 al 18 luglio, l&#8217;Astro Summer Camp<\/strong>, in collaborazione con il Dipartimento di Fisica dell&#8217;Universit\u00e0 della Calabria e Missione al Cubo, guider\u00e0 i giovani &#8220;verso le stelle&#8221;, con attivit\u00e0 dedicate alla scienza e alla scoperta dell&#8217;universo. A seguire, dal 21 al 27 luglio, arriva la Training Week, un percorso intensivo sui linguaggi dello spettacolo e della comunicazione, promosso con il Dipartimento di Studi Umanistici dell&#8217;Unical, per coltivare le nuove generazioni di creativi e professionisti della cultura.<\/p>\n<p><img loading=\"lazy\" decoding=\"async\" class=\" wp-image-263824 aligncenter\" src=\"https:\/\/quicosenza.it\/news\/wp-content\/uploads\/2025\/07\/cerisano-anteprima-festival-serre.jpg\" alt=\"\" width=\"512\" height=\"608\" title=\"\" srcset=\"https:\/\/quicosenza.it\/news\/wp-content\/uploads\/2025\/07\/cerisano-anteprima-festival-serre.jpg 970w, https:\/\/quicosenza.it\/news\/wp-content\/uploads\/2025\/07\/cerisano-anteprima-festival-serre-253x300.jpg 253w, https:\/\/quicosenza.it\/news\/wp-content\/uploads\/2025\/07\/cerisano-anteprima-festival-serre-862x1024.jpg 862w, https:\/\/quicosenza.it\/news\/wp-content\/uploads\/2025\/07\/cerisano-anteprima-festival-serre-768x912.jpg 768w, https:\/\/quicosenza.it\/news\/wp-content\/uploads\/2025\/07\/cerisano-anteprima-festival-serre-354x420.jpg 354w, https:\/\/quicosenza.it\/news\/wp-content\/uploads\/2025\/07\/cerisano-anteprima-festival-serre-150x178.jpg 150w, https:\/\/quicosenza.it\/news\/wp-content\/uploads\/2025\/07\/cerisano-anteprima-festival-serre-300x356.jpg 300w, https:\/\/quicosenza.it\/news\/wp-content\/uploads\/2025\/07\/cerisano-anteprima-festival-serre-696x827.jpg 696w\" sizes=\"auto, (max-width: 512px) 100vw, 512px\" \/><\/p>\n","protected":false},"excerpt":{"rendered":"<p>CERISANO (CS) &#8211; Al via da domani, l&#8217;anteprima del 31\u00aa edizione del Festival delle Serre con una ricca rassegna musicale volta a stupire e coinvolgere i visitatori. Un cartellone di concerti gratuiti che trasformeranno il borgo in una sinfonia di storie e incontri. Si parte con un evento di rara intensit\u00e0 con Paolo Fresu e [&hellip;]<\/p>\n","protected":false},"author":42,"featured_media":263825,"comment_status":"closed","ping_status":"closed","sticky":false,"template":"","format":"standard","meta":{"_acf_changed":false,"footnotes":"","jetpack_publicize_message":"","jetpack_publicize_feature_enabled":true,"jetpack_social_post_already_shared":false,"jetpack_social_options":{"image_generator_settings":{"template":"highway","default_image_id":0,"font":"","enabled":false},"version":2}},"categories":[28],"tags":[19],"class_list":["post-263823","post","type-post","status-publish","format-standard","has-post-thumbnail","hentry","category-provincia","tag-copertina"],"acf":[],"jetpack_publicize_connections":[],"_links":{"self":[{"href":"https:\/\/quicosenza.it\/news\/wp-json\/wp\/v2\/posts\/263823","targetHints":{"allow":["GET"]}}],"collection":[{"href":"https:\/\/quicosenza.it\/news\/wp-json\/wp\/v2\/posts"}],"about":[{"href":"https:\/\/quicosenza.it\/news\/wp-json\/wp\/v2\/types\/post"}],"author":[{"embeddable":true,"href":"https:\/\/quicosenza.it\/news\/wp-json\/wp\/v2\/users\/42"}],"replies":[{"embeddable":true,"href":"https:\/\/quicosenza.it\/news\/wp-json\/wp\/v2\/comments?post=263823"}],"version-history":[{"count":0,"href":"https:\/\/quicosenza.it\/news\/wp-json\/wp\/v2\/posts\/263823\/revisions"}],"wp:featuredmedia":[{"embeddable":true,"href":"https:\/\/quicosenza.it\/news\/wp-json\/wp\/v2\/media\/263825"}],"wp:attachment":[{"href":"https:\/\/quicosenza.it\/news\/wp-json\/wp\/v2\/media?parent=263823"}],"wp:term":[{"taxonomy":"category","embeddable":true,"href":"https:\/\/quicosenza.it\/news\/wp-json\/wp\/v2\/categories?post=263823"},{"taxonomy":"post_tag","embeddable":true,"href":"https:\/\/quicosenza.it\/news\/wp-json\/wp\/v2\/tags?post=263823"}],"curies":[{"name":"wp","href":"https:\/\/api.w.org\/{rel}","templated":true}]}}