{"id":263831,"date":"2025-07-09T15:00:24","date_gmt":"2025-07-09T13:00:24","guid":{"rendered":"https:\/\/www.quicosenza.it\/news\/?p=263831"},"modified":"2025-07-09T13:37:54","modified_gmt":"2025-07-09T11:37:54","slug":"castrovillari-domani-giornata-a-secco-in-citta-interruzione-dellacqua-e-della-corrente","status":"publish","type":"post","link":"https:\/\/quicosenza.it\/news\/castrovillari-domani-giornata-a-secco-in-citta-interruzione-dellacqua-e-della-corrente\/","title":{"rendered":"Castrovillari, domani giornata &#8216;a secco&#8217; in citt\u00e0: interruzione dell&#8217;acqua e della corrente"},"content":{"rendered":"<p>CASTROVILLARI (CS) &#8211; Si preannuncia una giornata nera, quella di <strong>domani<\/strong>, per gli abitanti della citt\u00e0 del Pollino. L&#8217;amministrazione comunale ha fatto sapere, infatti, che si proceder\u00e0 all&#8217;<strong>interruzione idrica e della corrente elettrica.<\/strong> Sono previsti, infatti, nella zona dove si trovano i pozzi dai quali si approviggionano i serbatoi comunali, dei <strong>lavori di miglioramento<\/strong> della rete da parte dell\u2019Enel. Interventi programmati, spiega il Comune di Castrovillari, necessari a <em>&#8220;evitare in futuro situazioni di interruzione dell\u2019energia elettrica che molti disagi ha provocato nel passato&#8221;.\u00a0<\/em><\/p>\n<p>Le operazini inizieranno al mattino e proseguiranno per tutto il pomeriggio. Il Comune, inoltre, fa sapere che nella giornata di domani \u00e8 prevista anche <strong>l&#8217;interruzione dell\u2019energia elettrica<\/strong> per effettuare <em>&#8220;le necessarie operazioni di attivazione e disattivazione del gruppo elettrogeno&#8221;.<\/em> Le fasce orari nelle quali sono previsti i <strong>disservi<\/strong> sono quelle comprese<strong> tra le 8.30 e le 10.30<\/strong>, e quelle <strong>dalle 15.30 alle 17.30. <\/strong><\/p>\n<p>Il Comue, scusandoci con i cittadini per il disagio, puntualizza che i disservizi interesseranno quasi tutto il territorio urbano: &#8220;potranno verificarsi interruzioni nell\u2019erogazione idrica tanto nel centro urbano che nelle zone rurali&#8221;.<\/p>\n<h3>Disservi idrici: il grido di rabbia dei cittadini<\/h3>\n<p>Sui social i cittadini mandano l&#8217;ennesimo grido di rabbia facendo presente all&#8217;amministrazione che la situazione che si verificher\u00e0 domani non \u00e8 certo un unicum. Molte le persone che sottolineano che <strong>essere senz&#8217;acqua,<\/strong> in alcune zone della citt\u00e0 del Pollino, \u00e8 diventata <strong><em>&#8220;la normalit\u00e0&#8221;<\/em> <\/strong>lamentando il fatto che quotidianamente l&#8217;acqua scorre nei rubinetti delle case<strong><em> &#8220;solo con un filo&#8221;. &#8220;Ci siamo abituati&#8221; <\/em><\/strong>gridano i castrovillaresi contro i disservi idrici.<\/p>\n","protected":false},"excerpt":{"rendered":"<p>CASTROVILLARI (CS) &#8211; Si preannuncia una giornata nera, quella di domani, per gli abitanti della citt\u00e0 del Pollino. L&#8217;amministrazione comunale ha fatto sapere, infatti, che si proceder\u00e0 all&#8217;interruzione idrica e della corrente elettrica. Sono previsti, infatti, nella zona dove si trovano i pozzi dai quali si approviggionano i serbatoi comunali, dei lavori di miglioramento della [&hellip;]<\/p>\n","protected":false},"author":90,"featured_media":104636,"comment_status":"closed","ping_status":"closed","sticky":false,"template":"","format":"standard","meta":{"_acf_changed":false,"footnotes":"","jetpack_publicize_message":"","jetpack_publicize_feature_enabled":true,"jetpack_social_post_already_shared":false,"jetpack_social_options":{"image_generator_settings":{"template":"highway","default_image_id":0,"font":"","enabled":false},"version":2}},"categories":[28],"tags":[19],"class_list":["post-263831","post","type-post","status-publish","format-standard","has-post-thumbnail","hentry","category-provincia","tag-copertina"],"acf":[],"jetpack_publicize_connections":[],"_links":{"self":[{"href":"https:\/\/quicosenza.it\/news\/wp-json\/wp\/v2\/posts\/263831","targetHints":{"allow":["GET"]}}],"collection":[{"href":"https:\/\/quicosenza.it\/news\/wp-json\/wp\/v2\/posts"}],"about":[{"href":"https:\/\/quicosenza.it\/news\/wp-json\/wp\/v2\/types\/post"}],"author":[{"embeddable":true,"href":"https:\/\/quicosenza.it\/news\/wp-json\/wp\/v2\/users\/90"}],"replies":[{"embeddable":true,"href":"https:\/\/quicosenza.it\/news\/wp-json\/wp\/v2\/comments?post=263831"}],"version-history":[{"count":0,"href":"https:\/\/quicosenza.it\/news\/wp-json\/wp\/v2\/posts\/263831\/revisions"}],"wp:featuredmedia":[{"embeddable":true,"href":"https:\/\/quicosenza.it\/news\/wp-json\/wp\/v2\/media\/104636"}],"wp:attachment":[{"href":"https:\/\/quicosenza.it\/news\/wp-json\/wp\/v2\/media?parent=263831"}],"wp:term":[{"taxonomy":"category","embeddable":true,"href":"https:\/\/quicosenza.it\/news\/wp-json\/wp\/v2\/categories?post=263831"},{"taxonomy":"post_tag","embeddable":true,"href":"https:\/\/quicosenza.it\/news\/wp-json\/wp\/v2\/tags?post=263831"}],"curies":[{"name":"wp","href":"https:\/\/api.w.org\/{rel}","templated":true}]}}