{"id":263836,"date":"2025-07-09T13:41:01","date_gmt":"2025-07-09T11:41:01","guid":{"rendered":"https:\/\/www.quicosenza.it\/news\/?p=263836"},"modified":"2025-07-09T14:36:27","modified_gmt":"2025-07-09T12:36:27","slug":"a-cosenza-un-pronto-soccorso-che-umilia-invece-di-curare-la-denuncia-e-linferno-vissuto-da-luca","status":"publish","type":"post","link":"https:\/\/quicosenza.it\/news\/a-cosenza-un-pronto-soccorso-che-umilia-invece-di-curare-la-denuncia-e-linferno-vissuto-da-luca\/","title":{"rendered":"A Cosenza \u00abun Pronto Soccorso che umilia invece di curare\u00bb. La denuncia e &#8220;l&#8217;inferno&#8221; vissuto da Luca"},"content":{"rendered":"<p>COSENZA &#8211; Sta balzando da una bacheca all&#8217;altra (con centinaia di condivisioni), in queste ore, la lettera, piena di amarezza, di <strong>Luca Ruffo, <\/strong>giovane cosentino che ha affidato ai social il suo personale <strong>racconto-denuncia<\/strong> sulla sua permanenza nel <strong>Pronto Soccorso di Cosenza a seguito di un brutto incidente stradale,<\/strong>\u00a0parlando di un <strong><em>&#8220;sistema sanitario che, invece di curarti, ti dimentica&#8221;<\/em><\/strong><em>. <\/em>Luca si appella direttamente alle autorit\u00e0 sanitarie regionali e nazionali, chiedendo un intervento immediato. Parla a chiare lettere di <strong><em>&#8220;un Pronto soccorso che umilia invece di curare&#8221;<\/em><\/strong> raccontando la sua personale esperienza, quella che ho vissuto domenica <em>&#8220;purtroppo sulla mia pelle <\/em>&#8211; dice equiparandola a quella &#8211; <em>che tanti cittadini calabresi vivono ogni giorno&#8221;.\u00a0<\/em><\/p>\n<p><iframe loading=\"lazy\" style=\"border: none; overflow: hidden;\" src=\"https:\/\/www.facebook.com\/plugins\/post.php?href=https%3A%2F%2Fwww.facebook.com%2Fluca.ruffo%2Fposts%2Fpfbid02L2WGPyyCMAddvhimMe7brjQxB5ZipeHsJyHgrBGpd4nBNXMN1L9FYweqQoZdFRfTl&amp;show_text=true&amp;width=500\" width=\"500\" height=\"751\" frameborder=\"0\" scrolling=\"no\" allowfullscreen=\"allowfullscreen\"><\/iframe><\/p>\n<h3>La lettera denuncia di Luca Ruffo: &#8220;un inferno&#8221;<\/h3>\n<p>&#8220;Un incidente stradale alle 9:30 del mattino. L\u2019intervento del 118. Il trasporto in pronto soccorso. <strong>E da l\u00ec inizia l\u2019inferno<\/strong>: l<strong>asciato su una sedia a rotelle per oltre due ore e mezza,<\/strong> senza alcun accertamento, con dolori lancinanti, difficolt\u00e0 respiratorie, nausea. Nessuno mi visita. Nessuno ascolta &#8211; racconta Luca &#8211;\u00a0 Solo dopo ore, quando minaccio di buttarmi a terra per il dolore, vengo finalmente chiamato&#8221;.<\/p>\n<p>Il giovane cosentino racconta di essere stato interpellato con sarcasmo e incredulit\u00e0: &#8220;&#8216;<strong>Lei \u00e8 venuto qui da solo. Si \u00e8 tolto il casco da solo. E adesso dice di stare male?<\/strong>&#8216; <strong>Peccato &#8211; spiega Luca che fossi arrivato con il 118. Ma non c\u2019era traccia del mio ingresso<\/strong>. Nessun referto. Nessuna presa in carico&#8221;. L&#8217;esito dei controlli non \u00e8 dei migliori per Luca: &#8220;Il risultato degli esami, dopo una giornata disumana? &#8211; si chiede in modo ironico &#8211; <strong>5 costole fratturate, frattura vertebrale L2 in politrauma, lussazione alla spalla e sospetta frattura al ginocchio<\/strong>&#8220;.<\/p>\n<p>Nonostante le sue condizioni non fossero buone, lamenta il giovane, &#8220;nessun operatore disponibile ad accompagnarmi per esami. <strong>A spingere il lettino da un reparto all\u2019altro \u00e8 stata mia moglie<\/strong>. Alle 19:30, distrutto nel corpo e nell\u2019anima, firmo le dimissioni per tornare a casa. Non per stare meglio, &#8211; tuona Luca &#8211; ma per <strong>fuggire da un sistema che fa pi\u00f9 male del male stesso<\/strong>&#8220;. Luca sopecifica di essersi appellato alle autorit\u00e0 sanitarie regionali e nazionali attraverso una lettera aperta <em>&#8220;<strong>perch\u00e9 non possiamo pi\u00f9 tacere. Perch\u00e9 questa non \u00e8 sanit\u00e0<\/strong>. \u00c8 disumanit\u00e0. E non \u00e8 solo la mia storia. \u00c8 una vergogna quotidiana che riguarda tutti noi. <\/em><em>La Calabria merita di pi\u00f9. I suoi cittadini ancora di pi\u00f9&#8221;.\u00a0<\/em><\/p>\n","protected":false},"excerpt":{"rendered":"<p>COSENZA &#8211; Sta balzando da una bacheca all&#8217;altra (con centinaia di condivisioni), in queste ore, la lettera, piena di amarezza, di Luca Ruffo, giovane cosentino che ha affidato ai social il suo personale racconto-denuncia sulla sua permanenza nel Pronto Soccorso di Cosenza a seguito di un brutto incidente stradale,\u00a0parlando di un &#8220;sistema sanitario che, invece [&hellip;]<\/p>\n","protected":false},"author":90,"featured_media":263842,"comment_status":"closed","ping_status":"closed","sticky":false,"template":"","format":"standard","meta":{"_acf_changed":false,"footnotes":"","jetpack_publicize_message":"","jetpack_publicize_feature_enabled":true,"jetpack_social_post_already_shared":false,"jetpack_social_options":{"image_generator_settings":{"template":"highway","default_image_id":0,"font":"","enabled":false},"version":2}},"categories":[563,42],"tags":[19],"class_list":["post-263836","post","type-post","status-publish","format-standard","has-post-thumbnail","hentry","category-area-urbana","category-cosenza","tag-copertina"],"acf":[],"jetpack_publicize_connections":[],"_links":{"self":[{"href":"https:\/\/quicosenza.it\/news\/wp-json\/wp\/v2\/posts\/263836","targetHints":{"allow":["GET"]}}],"collection":[{"href":"https:\/\/quicosenza.it\/news\/wp-json\/wp\/v2\/posts"}],"about":[{"href":"https:\/\/quicosenza.it\/news\/wp-json\/wp\/v2\/types\/post"}],"author":[{"embeddable":true,"href":"https:\/\/quicosenza.it\/news\/wp-json\/wp\/v2\/users\/90"}],"replies":[{"embeddable":true,"href":"https:\/\/quicosenza.it\/news\/wp-json\/wp\/v2\/comments?post=263836"}],"version-history":[{"count":0,"href":"https:\/\/quicosenza.it\/news\/wp-json\/wp\/v2\/posts\/263836\/revisions"}],"wp:featuredmedia":[{"embeddable":true,"href":"https:\/\/quicosenza.it\/news\/wp-json\/wp\/v2\/media\/263842"}],"wp:attachment":[{"href":"https:\/\/quicosenza.it\/news\/wp-json\/wp\/v2\/media?parent=263836"}],"wp:term":[{"taxonomy":"category","embeddable":true,"href":"https:\/\/quicosenza.it\/news\/wp-json\/wp\/v2\/categories?post=263836"},{"taxonomy":"post_tag","embeddable":true,"href":"https:\/\/quicosenza.it\/news\/wp-json\/wp\/v2\/tags?post=263836"}],"curies":[{"name":"wp","href":"https:\/\/api.w.org\/{rel}","templated":true}]}}